{"id":250989,"date":"2025-11-23T07:24:23","date_gmt":"2025-11-23T07:24:23","guid":{"rendered":"https:\/\/www.europesays.com\/es\/250989\/"},"modified":"2025-11-23T07:24:23","modified_gmt":"2025-11-23T07:24:23","slug":"rehabilitar-es-devolver-la-vida-a-lo-que-quedo-en-desuso","status":"publish","type":"post","link":"https:\/\/www.europesays.com\/es\/250989\/","title":{"rendered":"\u201cRehabilitar es devolver la vida a lo que qued\u00f3 en desuso\u201d"},"content":{"rendered":"<p class=\"ft-text ft-helper-closenews\"><a class=\"ft-link ft-link--decoration\" href=\"https:\/\/www.diariodemallorca.es\/videos\/cultura\/2021\/05\/01\/sindicat-felanitx-espera-rehabilitacion-49896627.html\" rel=\"nofollow noopener\" target=\"_blank\">El emblem\u00e1tico edificio de Es Sindicat, <\/a>antigua bodega cooperativa y s\u00edmbolo social de Felanitx y de la Mallorca agr\u00edcola, inicia el camino hacia su recuperaci\u00f3n gracias a la propuesta <strong>Re[Vi]ure Es Sindicat, ganadora del<\/strong> <a class=\"ft-link ft-link--decoration\" href=\"https:\/\/www.diariodemallorca.es\/part-forana\/2025\/11\/17\/re-vi-ure-sindicat-proyecto-123822722.html\" rel=\"nofollow noopener\" target=\"_blank\">prestigioso concurso internacional Europan.<\/a> Detr\u00e1s del proyecto hay cinco j\u00f3venes arquitectos: <strong>Aina Perell\u00f3, Arnau Carb\u00f3, David Perell\u00f3, Francisca Gual y Sergi P\u00e9rez<\/strong> que han sabido reinterpretar el pasado del edificio para proyectar una rehabilitaci\u00f3n que mira a un futuro lleno de actividad, comunidad y vida p\u00fablica.<\/p>\n<p><img decoding=\"async\" src=\"https:\/\/www.europesays.com\/es\/wp-content\/uploads\/2025\/11\/12769240-dbc4-494d-bddf-86d8e6088d57_alta-libre-aspect-ratio_default_0.jpg\" width=\"1200\" height=\"482\" alt=\"El equipo de arquitectos que proyectan la reforma de Es Sindicat.\" class=\"ft-helper-img-rd\" loading=\"lazy\"\/><\/p>\n<p class=\"ft-helper-fontColor-quaternary ft-helper-fontSize-body-S ft-helper-spacer-t-xxs\">El equipo de arquitectos que proyectan la reforma de Es Sindicat.  \/ Re[Vi]ure Es Sindicat<\/p>\n<p class=\"ft-text\">El equipo est\u00e1 formado por dos mallorquinas y tres arquitectos catalanes que coincidieron en la carrera y que ya hab\u00eda colaborado en otros concursos. Francisca Gual, de Santa Margalida, reconoce en nombre del equipo arquitect\u00f3nico que este premio tiene un significado especial. \u201cHa sido una gran sorpresa y una inmensa alegr\u00eda. Estamos muy agradecidos al jurado por la confianza y la oportunidad que supone este proyecto que asumimos con rigor y gran responsabilidad\u201d. \u201cNos hizo mucha ilusi\u00f3n que las administraciones p\u00fablicas y EUROPAN apostaran por Es Sindicat. Es un proyecto muy interesante a nivel patrimonial para recuperarlo y darle una nueva vida\u201d, valora la joven arquitecta.<\/p>\n<p class=\"ft-text\"><strong>Re[Vi]ure <\/strong><a class=\"ft-link ft-link--decoration\" href=\"https:\/\/www.diariodemallorca.es\/part-forana\/2025\/11\/07\/felanitx-aprueba-demolicion-edificios-ruina-123480487.html\" rel=\"nofollow noopener\" target=\"_blank\"><strong>Es Sindicat<\/strong><\/a><strong> plantea recuperar el edificio para transformarlo en un gran<\/strong> <strong>equipamiento multifuncional<\/strong> que combine distintos usos p\u00fablicos con un centro de creaci\u00f3n cultural y art\u00edstica, una zona expositiva dedicada a la memoria del pasado como bodega, as\u00ed como un laboratorio de gastronom\u00eda del producto local, con tienda y restaurante, y tambi\u00e9n la incorporaci\u00f3n de vivienda cooperativa y de vivienda p\u00fablica para ciudadanos residentes en\u00a0<a href=\"https:\/\/www.diariodemallorca.es\/videos\/cultura\/2021\/05\/01\/sindicat-felanitx-espera-rehabilitacion-49896627.html\" class=\"ft-link ft-link--decoration\" rel=\"nofollow noopener\" target=\"_blank\">Felanitx.<\/a><\/p>\n<p><img decoding=\"async\" src=\"https:\/\/www.europesays.com\/es\/wp-content\/uploads\/2025\/11\/c7d09be4-9b02-48e0-b820-0fd90cc8c63d_alta-libre-aspect-ratio_default_0.jpg\" width=\"1200\" height=\"1200\" alt=\"Reproducci\u00f3n de c\u00f3mo quedar\u00e1 Es Sindicat tras su rehabilitaci\u00f3n.\" class=\"ft-helper-img-rd\" loading=\"lazy\"\/><\/p>\n<p class=\"ft-helper-fontColor-quaternary ft-helper-fontSize-body-S ft-helper-spacer-t-xxs\">Reproducci\u00f3n de c\u00f3mo quedar\u00e1 Es Sindicat tras su rehabilitaci\u00f3n.  \/ Re[Vi]ure Es Sindicat<\/p>\n<p class=\"ft-text\">A nivel arquitect\u00f3nico, el equipo de arquitectos razona que pese al poco tiempo que llevan ejerciendo, siempre han entendido<strong> la rehabilitaci\u00f3n no como la congelaci\u00f3n de un edificio en el tiempo,<\/strong> como si fuera una escultura o una obra art\u00edstica. \u201cPara nosotros, <strong>rehabilitar significa recuperar aquellas piezas que han quedado en desuso y devolverles la vida<\/strong> mediante un programa lo suficientemente potente como para que la gente vuelva a utilizarlas de forma activa\u201d. En esta l\u00ednea, plantean un conjunto de usos y programas que conviertan el edificio en un hub cultural y art\u00edstico, con espacios de formaci\u00f3n y, sobre todo, con la incorporaci\u00f3n de vivienda p\u00fablica y cooperativa que contribuya a paliar la gran demanda habitacional existente en la actualidad.<\/p>\n<p>Orgullo<\/p>\n<p class=\"ft-text\"><strong>\u201cDe lo que estamos m\u00e1s orgullosos es de no haber abordado Es Sindicat como una \u00fanica pieza arquitect\u00f3nica<\/strong>, sino desde distintos niveles\u201d, admite el equipo de arquitectos. As\u00ed, existe un primer v\u00ednculo territorial a trav\u00e9s del paisaje, recuperando la fauna y la flora aut\u00f3ctonas y todo ese mosaico agr\u00edcola que envuelve Es Sindicat. En la trama urbana, su misi\u00f3n es volver a conectarlo con el pueblo de Felanitx, ya que actualmente queda separado por la carretera y la rotonda existente. Finalmente, a escala de espacio p\u00fablico, se han centrado en los propios usos y programas del edificio.<\/p>\n<p><img decoding=\"async\" src=\"https:\/\/www.europesays.com\/es\/wp-content\/uploads\/2025\/11\/a06fa45b-a614-4411-a3a2-16b827b9b33a_alta-libre-aspect-ratio_default_0.jpg\" width=\"1200\" height=\"1226\" alt=\"Reproducci\u00f3n de c\u00f3mo quedar\u00e1 Es Sindicat tras su rehabilitaci\u00f3n.\" class=\"ft-helper-img-rd\" loading=\"lazy\"\/><\/p>\n<p class=\"ft-helper-fontColor-quaternary ft-helper-fontSize-body-S ft-helper-spacer-t-xxs\">Reproducci\u00f3n de c\u00f3mo quedar\u00e1 Es Sindicat tras su rehabilitaci\u00f3n.  \/ CAIB<\/p>\n<p class=\"ft-text\"><strong>El proyecto engloba uno de los temas que m\u00e1s preocupan a los ciudadanos: el acceso a la vivienda.<\/strong> Aunque el equipo de arquitectos reconoce que esta parte se debe definir con las administraciones, su clara intenci\u00f3n es que no se destine a vivienda libre y privada, sino que<strong> incorpore programas cooperativos, recuperando as\u00ed el esp\u00edritu original del <\/strong><strong>celler<\/strong><strong>, <\/strong>que funcionaba como cooperativa vin\u00edcola. \u201cSon modelos que quiz\u00e1 en Mallorca a\u00fan no est\u00e1n plenamente implantados, pero que en Catalu\u00f1a nuestros compa\u00f1eros ya han trabajado\u00bb, explica Gual. Son cooperativas de usuarios que deciden convivir y promover conjuntamente sus propias promociones de vivienda. Por otra parte, si encaja dentro de los programas del IBAVI del Govern, tambi\u00e9n podr\u00eda incorporarse una parte de vivienda p\u00fablica: ya sea asistencial, para j\u00f3venes o para personas mayores, pero siempre con un marcado car\u00e1cter social.<\/p>\n<p><img decoding=\"async\" src=\"https:\/\/www.europesays.com\/es\/wp-content\/uploads\/2025\/11\/03d4b2fa-96d3-4a92-9a15-ffd70c21d075_alta-libre-aspect-ratio_default_0.jpg\" width=\"1200\" height=\"1215\" alt=\"Reproducci\u00f3n de c\u00f3mo quedar\u00e1 Es Sindicat tras su rehabilitaci\u00f3n. \/ CAIB\" class=\"ft-helper-img-rd\" loading=\"lazy\"\/><\/p>\n<p class=\"ft-helper-fontColor-quaternary ft-helper-fontSize-body-S ft-helper-spacer-t-xxs\">Reproducci\u00f3n de c\u00f3mo quedar\u00e1 Es Sindicat tras su rehabilitaci\u00f3n. \/ CAIB  \/ CAIB<\/p>\n<p class=\"ft-text\">Asimismo, se ha tenido en cuenta el producto local. Desde la escala territorial y urbana se plantea la creaci\u00f3n de un peque\u00f1o parque que complemente la propuesta y en el que una de las piezas sea el cultivo. Es cierto que no es viable recuperar la vertiente vin\u00edcola \u2014los terrenos no lo permiten\u2014, pero s\u00ed se podr\u00edan introducir especies de cultivo aut\u00f3ctono que pudieran incluso transformarse en el propio edificio, o bien vincularse a un espacio gastron\u00f3mico que d\u00e9 valor y difunda el producto local y de proximidad.<\/p>\n<p class=\"ft-text\">Finalmente, <strong>Francisca Gual avanza que la primera gran cita ser\u00e1 el 10 de diciembre<\/strong>. Todos los equipos ganadores a nivel estatal, unos siete, se desplazar\u00e1n al Ministerio, en Madrid, concretamente a la Casa de la Arquitectura. All\u00ed tendr\u00e1 lugar la primera toma de contacto entre los equipos galardonados y las administraciones p\u00fablicas. De forma paralela, el Consell de Mallorca, que es el propietario de Es Sindicat, tambi\u00e9n se ha puesto en contacto con el equipo de arquitectos para mantener una reuni\u00f3n con<strong> el presidente Lloren\u00e7 Galm\u00e9s y presentarle el proyecto. <\/strong><\/p>\n<p data-close=\"closedContent\" class=\"subscribeHideForDisplay\">Suscr\u00edbete para seguir leyendo<\/p>\n","protected":false},"excerpt":{"rendered":"El emblem\u00e1tico edificio de Es Sindicat, antigua bodega cooperativa y s\u00edmbolo social de Felanitx y de la Mallorca&hellip;\n","protected":false},"author":2,"featured_media":250990,"comment_status":"","ping_status":"","sticky":false,"template":"","format":"standard","meta":{"footnotes":""},"categories":[173],"tags":[3739,229,233,231,230,3494,232,234,146,147,25,24,63580,2848,433,2457,63578,63579,23,3633],"class_list":{"0":"post-250989","1":"post","2":"type-post","3":"status-publish","4":"format-standard","5":"has-post-thumbnail","7":"category-arte-y-diseno","8":"tag-arquitectos","9":"tag-arte","10":"tag-arte-y-diseno","11":"tag-arts","12":"tag-arts-and-design","13":"tag-cooperativa","14":"tag-design","15":"tag-diseno","16":"tag-entertainment","17":"tag-entretenimiento","18":"tag-es","19":"tag-espana","20":"tag-felanitx","21":"tag-futuro","22":"tag-jovenes","23":"tag-mallorca","24":"tag-redefinen","25":"tag-sindicat","26":"tag-spain","27":"tag-vivienda"},"share_on_mastodon":{"url":"https:\/\/pubeurope.com\/@es\/115597821011246704","error":""},"_links":{"self":[{"href":"https:\/\/www.europesays.com\/es\/wp-json\/wp\/v2\/posts\/250989","targetHints":{"allow":["GET"]}}],"collection":[{"href":"https:\/\/www.europesays.com\/es\/wp-json\/wp\/v2\/posts"}],"about":[{"href":"https:\/\/www.europesays.com\/es\/wp-json\/wp\/v2\/types\/post"}],"author":[{"embeddable":true,"href":"https:\/\/www.europesays.com\/es\/wp-json\/wp\/v2\/users\/2"}],"replies":[{"embeddable":true,"href":"https:\/\/www.europesays.com\/es\/wp-json\/wp\/v2\/comments?post=250989"}],"version-history":[{"count":0,"href":"https:\/\/www.europesays.com\/es\/wp-json\/wp\/v2\/posts\/250989\/revisions"}],"wp:featuredmedia":[{"embeddable":true,"href":"https:\/\/www.europesays.com\/es\/wp-json\/wp\/v2\/media\/250990"}],"wp:attachment":[{"href":"https:\/\/www.europesays.com\/es\/wp-json\/wp\/v2\/media?parent=250989"}],"wp:term":[{"taxonomy":"category","embeddable":true,"href":"https:\/\/www.europesays.com\/es\/wp-json\/wp\/v2\/categories?post=250989"},{"taxonomy":"post_tag","embeddable":true,"href":"https:\/\/www.europesays.com\/es\/wp-json\/wp\/v2\/tags?post=250989"}],"curies":[{"name":"wp","href":"https:\/\/api.w.org\/{rel}","templated":true}]}}