{"id":250995,"date":"2025-11-23T07:29:11","date_gmt":"2025-11-23T07:29:11","guid":{"rendered":"https:\/\/www.europesays.com\/es\/250995\/"},"modified":"2025-11-23T07:29:11","modified_gmt":"2025-11-23T07:29:11","slug":"italia-horario-y-donde-ver-por-tv-la-final-de-la-copa-davis-2025","status":"publish","type":"post","link":"https:\/\/www.europesays.com\/es\/250995\/","title":{"rendered":"Italia: horario y d\u00f3nde ver por TV la final de la Copa Davis 2025"},"content":{"rendered":"\n<ul class=\"bodyList bodyList--unordered\">\n<li class=\"bodyList__item\"><a href=\"https:\/\/www.elconfidencial.com\/deportes\/tenis\/2025-11-22\/rafa-nadal-me-gustaba-lo-que-hacia-no-me-retire-por-no-tener-motivacion_4252711\/\" target=\"_self\" rel=\"nofollow noopener\">Nadal: \u00abA m\u00ed me gustaba lo que hac\u00eda, no me retir\u00e9 por no tener la motivaci\u00f3n necesaria\u00bb<\/a><\/li>\n<li class=\"bodyList__item\"><a href=\"https:\/\/profile.google.com\/cp\/CgsvZy8xMjI2ZzRoMA\" target=\"_blank\" rel=\"nofollow noopener\">Sigue a El Confidencial en Google Discover para enterarte de todas las noticias<\/a><\/li>\n<\/ul>\n<p> La<strong> historia de Espa\u00f1a en estas Finales de la Copa Davis 2025<\/strong> est\u00e1 siendo digna de ser recordada. El equipo de David Ferrer llegaba a Bolonia con la duda de si Carlos <strong>Alcaraz <\/strong>podr\u00eda superar sus molestias en los isquiotibiales. <\/p>\n<p> La mala suerte se ceb\u00f3 con el murciano y &#8216;La Armada&#8217; que tuvieron que asumir la noticia de que<strong> el n\u00famero uno del mundo no podr\u00eda jugar el torneo<\/strong>. A\u00fan as\u00ed, los jugadores espa\u00f1oles no se cansaron de decir en la previa que el equipo estaba preparado para llegar lejos <a href=\"https:\/\/www.elconfidencial.com\/deportes\/tenis\/2025-11-19\/copa-davis-espana-republica-checa-cuartos-final-milagro-alcaraz_4250240\/\" target=\"_self\" rel=\"nofollow noopener\">a pesar de la ausencia de Carlos<\/a>, y que ya <a href=\"https:\/\/www.elconfidencial.com\/deportes\/tenis\/2025-11-22\/espana-alemania-semifinales-copa-davis-epica-camilla-zverev_4251840\/\" target=\"_self\" rel=\"nofollow noopener\">hab\u00edan demostrado ser competitivos sin \u00e9l. <\/a> <\/p>\n<p> En la primera eliminatoria ya lo dejaron claro<a href=\"https:\/\/www.elconfidencial.com\/deportes\/tenis\/2025-11-20\/espana-republica-copa-davis-dobles-marcel-granollers-pedro-martinez_4251157\/\" target=\"_self\" rel=\"nofollow noopener\"> eliminando a Rep\u00fablica Checa por 2-1<\/a>. En esa ocasi\u00f3n, <strong><a href=\"https:\/\/www.elconfidencial.com\/deportes\/tenis\/2025-11-20\/espana-republica-checa-copa-davis-carreno-mensik_4250926\/\" target=\"_self\" rel=\"nofollow noopener\">Carre\u00f1o <\/a><\/strong>perdi\u00f3 el primer partido, <strong><a href=\"https:\/\/www.elconfidencial.com\/deportes\/tenis\/2025-11-20\/espana-republica-checa-copa-davis-munar-lehecka_4251101\/\" target=\"_self\" rel=\"nofollow noopener\">Munar <\/a><\/strong>gan\u00f3 el segundo y en dobles, <strong>Granollers y Mart\u00ednez<\/strong> sellaron el pase. <\/p>\n<p>              <img decoding=\"async\" class=\"inTextNews__img\" alt=\"Foto: copa-davis-espana-alemania-carreno-zverev\" src=\"https:\/\/www.europesays.com\/es\/wp-content\/uploads\/2025\/11\/f.elconfidencial.com\/original\/05f\/2ad\/806\/05f2ad806c7c17ff9deaa180e015569b.jpg\"  \/>     <\/p>\n<p>TE PUEDE INTERESAR<\/p>\n<p>      <a class=\"inTextNews__title\" href=\"https:\/\/www.elconfidencial.com\/deportes\/tenis\/2025-11-22\/copa-davis-espana-alemania-carreno-zverev_4252672\/\" onclick=\"window.ECCO.emit(&#039;amplitude&#039;, { dataEventName: &#039;click_related_article_module&#039;, data: { related_article_url: &#039;https:\/\/www.elconfidencial.com\/deportes\/tenis\/2025-11-22\/copa-davis-espana-alemania-carreno-zverev_4252672\/&#039;, related_article_author: &#039;Rafael La Casa&#039;, related_article_section: &#039;tenis&#039; } })\" rel=\"nofollow noopener\" target=\"_blank\"> \u00abHasta ma\u00f1ana\u00bb: la fe en los milagros lleva a Espa\u00f1a a una nueva final de la Copa Davis <\/a>   <\/p>\n<p>    Rafa La Casa   <\/p>\n<p> En semifinales, el orden fue distinto. <strong>Carre\u00f1o <\/strong>logr\u00f3 el primer punto ante Alemania pero <strong>Munar <\/strong>cedi\u00f3 ante Zverev, que puso las tablas. Todo se decidi\u00f3 en el tercer duelo de dobles, donde <strong>Granollers y Mart\u00ednez<\/strong> no fallaron ante <strong>Kevin Krawietz y Tim Puetz<\/strong> para meter a Espa\u00f1a en la final. <\/p>\n<p> El siguiente escollo para los de Ferrer para <strong>levantar la s\u00e9ptima Ensaladera,<\/strong> la primera desde 2019, es <strong>Italia<\/strong>. La anfitriona, con las bajas de Top 10 como <strong>Sinner y Musetti,<\/strong> se han colado en su<strong> tercera final consecutiva<\/strong>, siendo la primera naci\u00f3n desde Australia en 2001 que lo consigue. <\/p>\n<p> Los transalpinos hicieron sus deberes el viernes derrotando a <strong>B\u00e9lgica por 2-0.<\/strong> <strong>Matteo Berrettini venci\u00f3 a Raphael Collignon<\/strong> por 6-3 y 6-4. <strong>Flavio Cobolli<\/strong> se impuso en un duelo dram\u00e1tico y absolutamente electrizante ante<strong> Zizou Bergs<\/strong> por 6-3, 6-7 (5) y 7-6 (15). <\/p>\n<p>            Horario y d\u00f3nde ver la final de la Copa Davis entre Espa\u00f1a e Italia           <\/p>\n<p> La f<strong>inal de la Copa Davis entre Espa\u00f1a e Italia <\/strong>se disputar\u00e1 en el SuperTennis Arena del BolognaFiere en Bolonia el <strong>domingo 23 de noviembre a las 15:00 horas<\/strong> peninsulares. Se podr\u00e1 ver por TV y online a trav\u00e9s de Movistar Plus+. <\/p>\n","protected":false},"excerpt":{"rendered":"Nadal: \u00abA m\u00ed me gustaba lo que hac\u00eda, no me retir\u00e9 por no tener la motivaci\u00f3n necesaria\u00bb Sigue&hellip;\n","protected":false},"author":2,"featured_media":250996,"comment_status":"","ping_status":"","sticky":false,"template":"","format":"standard","meta":{"footnotes":""},"categories":[93],"tags":[168,25,24,23,167],"class_list":{"0":"post-250995","1":"post","2":"type-post","3":"status-publish","4":"format-standard","5":"has-post-thumbnail","7":"category-deportes","8":"tag-deportes","9":"tag-es","10":"tag-espana","11":"tag-spain","12":"tag-sports"},"share_on_mastodon":{"url":"https:\/\/pubeurope.com\/@es\/115597840652485353","error":""},"_links":{"self":[{"href":"https:\/\/www.europesays.com\/es\/wp-json\/wp\/v2\/posts\/250995","targetHints":{"allow":["GET"]}}],"collection":[{"href":"https:\/\/www.europesays.com\/es\/wp-json\/wp\/v2\/posts"}],"about":[{"href":"https:\/\/www.europesays.com\/es\/wp-json\/wp\/v2\/types\/post"}],"author":[{"embeddable":true,"href":"https:\/\/www.europesays.com\/es\/wp-json\/wp\/v2\/users\/2"}],"replies":[{"embeddable":true,"href":"https:\/\/www.europesays.com\/es\/wp-json\/wp\/v2\/comments?post=250995"}],"version-history":[{"count":0,"href":"https:\/\/www.europesays.com\/es\/wp-json\/wp\/v2\/posts\/250995\/revisions"}],"wp:featuredmedia":[{"embeddable":true,"href":"https:\/\/www.europesays.com\/es\/wp-json\/wp\/v2\/media\/250996"}],"wp:attachment":[{"href":"https:\/\/www.europesays.com\/es\/wp-json\/wp\/v2\/media?parent=250995"}],"wp:term":[{"taxonomy":"category","embeddable":true,"href":"https:\/\/www.europesays.com\/es\/wp-json\/wp\/v2\/categories?post=250995"},{"taxonomy":"post_tag","embeddable":true,"href":"https:\/\/www.europesays.com\/es\/wp-json\/wp\/v2\/tags?post=250995"}],"curies":[{"name":"wp","href":"https:\/\/api.w.org\/{rel}","templated":true}]}}