{"id":250997,"date":"2025-11-23T07:31:37","date_gmt":"2025-11-23T07:31:37","guid":{"rendered":"https:\/\/www.europesays.com\/es\/250997\/"},"modified":"2025-11-23T07:31:37","modified_gmt":"2025-11-23T07:31:37","slug":"no-es-ni-una-nueva-adaptacion-ni-una-pelicula-de-terror","status":"publish","type":"post","link":"https:\/\/www.europesays.com\/es\/250997\/","title":{"rendered":"No es ni una nueva adaptaci\u00f3n ni una pel\u00edcula de terror"},"content":{"rendered":"<p class=\"c-paragraph\">\u00ab<b>No es una nueva adaptaci\u00f3n de <a href=\"https:\/\/www.20minutos.es\/cinemania\/noticias\/dracula-majaras-cine-chiquito-nicolas-cage-5118107\/\" rel=\"nofollow noopener\" target=\"_blank\">Dr\u00e1cula <\/a>ni una pel\u00edcula de terror.<\/b> Es una gran historia de amor que utiliza como tel\u00f3n de fondo al personaje. Creo que est\u00e1 m\u00e1s cerca de La bella y la bestia. Podr\u00edamos incluso quitar su nombre del t\u00edtulo\u201d, sorprende <b>Luc Besson<\/b>, director de joyas cinematogr\u00e1ficas como El quinto elemento, El profesional (L\u00e9on) o Nikita, dura de matar, al hablar sobre su adaptaci\u00f3n de la <b>c\u00e9lebre novela de Bram Stoker de 1897<\/b>.\u00a0<\/p>\n<p class=\"c-paragraph\">Con motivo del estreno en Espa\u00f1a de <b>Dr\u00e1cula <\/b>\u2013titulada en su versi\u00f3n original como Dracula: A Love Tale (Dr\u00e1cula: Un cuento de amor)\u2013, Besson visitaba la 58\u00aa edici\u00f3n del Festival de Sitges para presentar <b>su pel\u00edcula n\u00famero 22<\/b>, donde nos contaba por qu\u00e9 el vampiro tan solo es el background de la trama.\u00a0<\/p>\n<p class=\"c-paragraph\">\u201cCuando rele\u00ed la novela me di cuenta de que era un cuento de amor. <b>Todo el mundo habla de la sangre y el terror, pero es un hombre que espera siglos para despedirse de su esposa y eso es muy rom\u00e1ntico.<\/b> \u00bfQu\u00e9 pas\u00f3 con \u00e9l durante 400 a\u00f1os? \u00bfC\u00f3mo fue su vida ese tiempo? Nadie lo sabe y nadie nos lo cuenta. Yo quiero saberlo. Quiero ver esos cambios de siglo. He ido a Florencia, a Versalles, a Alemania, porque quer\u00eda ver todos estos lugares. Siento que es lo que mismo que me atrajo de este personaje\u201d, agrega el director franc\u00e9s.\u00a0<\/p>\n<p class=\"c-paragraph\">Respecto a las <b>comparaciones <\/b>con los cl\u00e1sicos cinematogr\u00e1ficos de <b>Coppola, Murnau o Herzog<\/b>, o m\u00e1s recientemente con <b><a href=\"https:\/\/www.20minutos.es\/cinemania\/criticas\/critica-nosferatu-5666812\/\" rel=\"nofollow noopener\" target=\"_blank\">Nosferatu <\/a><\/b>(de Robert Eggers) o Dracula (de Radu Jude) \u2013una s\u00e1tira m\u00e1s cercana a Dr\u00e1cula, un muerto muy contento y feliz, de Mel Brooks\u2013, Besson tiene muy claro que quiere huir de cualquier tipo de influencia.<\/p>\n<p class=\"c-paragraph\">\u201c<b>Una pel\u00edcula es un punto de vista muy personal de un artista<\/b>. Es como si pusiera un modelo en una mesa y alrededor estuvieran <b>Modigliani, Durero, Soutine, Picasso y Dal\u00ed.<\/b> <b>Ninguno de ellos har\u00eda la misma pintura,<\/b> aunque todos partieran de lo mismo. Todas sus obras ser\u00edan incre\u00edbles. Modigliani har\u00eda un cuello largo con ojos negros, Dal\u00ed lo har\u00eda con piernas largas&#8230; Ese es el sentimiento\u201d, explica Besson.<\/p>\n<p>M\u00c1S DE 6 HORAS DE MAQUILLAJE<\/p>\n<p class=\"c-paragraph\">En el papel de Vlad el Empalador, m\u00e1s conocido como el <b>Conde Dr\u00e1cula,<\/b> encontramos al actor <b>Caleb Landry Jones <\/b>(Tres anuncios en las afueras, Los muertos no mueren), con el que Besson ya colabor\u00f3 en <a href=\"https:\/\/www.20minutos.es\/cinemania\/criticas\/critica-dogman-un-delirio-que-se-disfruta-grande-5535376\/\" rel=\"nofollow noopener\" target=\"_blank\">Dogman <\/a>(2023).\u00a0<\/p>\n<p class=\"c-paragraph\">\u201cSomos amigos desde que trabajamos en esa pel\u00edcula y es un genio. <b>Siempre est\u00e1 dispuesto a sacar todo el dolor, el miedo, el amor o la p\u00e9rdida, sin esfuerzo y con mucha generosidad<\/b>\u201d, elogia Besson a un actor que dio todo de s\u00ed para la versi\u00f3n m\u00e1s anciana del vampiro.\u00a0<\/p>\n<p class=\"c-paragraph\">\u201cSe ten\u00eda que levantar a las cuatro de la ma\u00f1ana para estar listo y rodar al mediod\u00eda. <b>Eran como unas seis horas de maquillaje. <\/b>Muchas veces se quedaba dormido mientras trabajaban con \u00e9l. Recuerdo que prob\u00f3 el vestuario, el maquillaje y la peluca un par de semanas antes de empezar y <b>aparec\u00eda por sorpresa en los pasillos del estudio<\/b>. La <b>gente gritaba de los sustos que les daba<\/b>. Despu\u00e9s ten\u00eda que\u00a0pedirles perd\u00f3n a todos\u201d, r\u00ede Besson al rememorar esta divertida an\u00e9cdota.\u00a0<\/p>\n<p class=\"c-paragraph\">Landry Jones est\u00e1 muy bien acompa\u00f1ado del oscarizado actor <b>Christoph Waltz <\/b>(Malditos bastardos, Django desencadenado), quien hace de un cura en pugna contra las criaturas de la noche.\u00a0<\/p>\n<p class=\"c-paragraph\">\u201c<b>Christoph es asombroso. Muy profesional, humilde y amable. <\/b>Los dos se divirtieron mucho juntos. Uno viene de Austria, el otro de Texas y yo de Francia, pero todos <b>estamos vinculados al arte, la pintura y la m\u00fasica.<\/b> Fue muy creativo estar los tres juntos\u201d, confiesa el director, quien tambi\u00e9n elogia el trabajo de una debutante<b> Zo\u00eb Blue,<\/b> la nueva amada de Dr\u00e1cula e <b>hija de la actriz hollywoodiense Rosanna Arquette<\/b>, a la que Besson conoci\u00f3 \u201ccon semanas de vida\u201d, pero que no identific\u00f3 durante un exigente casting.<\/p>\n<p class=\"c-paragraph\">Entre los grandes fuertes de esta versi\u00f3n de Dr\u00e1cula dirigida y escrita por Luc Besson tambi\u00e9n se encuentra la <b>m\u00fasica de Danny Elfman<\/b> (colaborador habitual de Tim Burton), la <b>direcci\u00f3n de arte de Patrice Garcia <\/b>(habitual de la filmograf\u00eda de Besson y responsable del constante color p\u00farpura del filme) y especialmente el <b>vestuario dise\u00f1ado por Corinne Bruand<\/b> (Femme fatale) y sus 2.000 trajes de \u00e9poca, entre un equipo de 940 profesionales que Besson compara con \u201cun ej\u00e9rcito\u201d y que rod\u00f3 en Finlandia algunas de las escenas m\u00e1s complejas.<\/p>\n<p class=\"c-paragraph\">\u00ab<b>Quer\u00edamos rodar en Francia, pero no hay nieve por el calentamiento global, aunque el se\u00f1or Trump diga que no existe<\/b>. Esto nos oblig\u00f3 a ir Laponia\u201d, concluye Besson, con recadito incluido al presidente de EE UU. Un nuevo destino para una Transilvania que luce muy diferente a la que ya conoc\u00edamos, y donde los amores duran toda una eternidad.<\/p>\n","protected":false},"excerpt":{"rendered":"\u00abNo es una nueva adaptaci\u00f3n de Dr\u00e1cula ni una pel\u00edcula de terror. Es una gran historia de amor&hellip;\n","protected":false},"author":2,"featured_media":250998,"comment_status":"","ping_status":"","sticky":false,"template":"","format":"standard","meta":{"footnotes":""},"categories":[91],"tags":[63099,21812,146,147,25,24,21813,23],"class_list":{"0":"post-250997","1":"post","2":"type-post","3":"status-publish","4":"format-standard","5":"has-post-thumbnail","7":"category-entretenimiento","8":"tag-bram-stoker","9":"tag-dracula","10":"tag-entertainment","11":"tag-entretenimiento","12":"tag-es","13":"tag-espana","14":"tag-luc-besson","15":"tag-spain"},"share_on_mastodon":{"url":"https:\/\/pubeurope.com\/@es\/115597848281477322","error":""},"_links":{"self":[{"href":"https:\/\/www.europesays.com\/es\/wp-json\/wp\/v2\/posts\/250997","targetHints":{"allow":["GET"]}}],"collection":[{"href":"https:\/\/www.europesays.com\/es\/wp-json\/wp\/v2\/posts"}],"about":[{"href":"https:\/\/www.europesays.com\/es\/wp-json\/wp\/v2\/types\/post"}],"author":[{"embeddable":true,"href":"https:\/\/www.europesays.com\/es\/wp-json\/wp\/v2\/users\/2"}],"replies":[{"embeddable":true,"href":"https:\/\/www.europesays.com\/es\/wp-json\/wp\/v2\/comments?post=250997"}],"version-history":[{"count":0,"href":"https:\/\/www.europesays.com\/es\/wp-json\/wp\/v2\/posts\/250997\/revisions"}],"wp:featuredmedia":[{"embeddable":true,"href":"https:\/\/www.europesays.com\/es\/wp-json\/wp\/v2\/media\/250998"}],"wp:attachment":[{"href":"https:\/\/www.europesays.com\/es\/wp-json\/wp\/v2\/media?parent=250997"}],"wp:term":[{"taxonomy":"category","embeddable":true,"href":"https:\/\/www.europesays.com\/es\/wp-json\/wp\/v2\/categories?post=250997"},{"taxonomy":"post_tag","embeddable":true,"href":"https:\/\/www.europesays.com\/es\/wp-json\/wp\/v2\/tags?post=250997"}],"curies":[{"name":"wp","href":"https:\/\/api.w.org\/{rel}","templated":true}]}}