{"id":251001,"date":"2025-11-23T07:34:11","date_gmt":"2025-11-23T07:34:11","guid":{"rendered":"https:\/\/www.europesays.com\/es\/251001\/"},"modified":"2025-11-23T07:34:11","modified_gmt":"2025-11-23T07:34:11","slug":"los-hoteles-espanoles-impulsan-el-empleo-a-niveles-record-en-pleno-salto-hacia-la-alta-gama","status":"publish","type":"post","link":"https:\/\/www.europesays.com\/es\/251001\/","title":{"rendered":"Los hoteles espa\u00f1oles impulsan el empleo a niveles r\u00e9cord en pleno salto hacia la alta gama"},"content":{"rendered":"<p class=\"c-paragraph\">El \u00faltimo informe sobre la coyuntura tur\u00edstica del Instituto Nacional de Estad\u00edstica (INE) arroja un dato revelador sobre el empleo en el sector: los hoteles espa\u00f1oles cerraron octubre con <b>m\u00e1s de 280.000 trabajadores<\/b>. El registro, naturalmente, no es el m\u00e1s alto de la serie anual en un ejercicio donde se han llegado a alcanzar los 327.000 empleados en el mes de agosto,\u00a0pero evidencia un avance en la desestacionalizaci\u00f3n que tanto persigue el sector tras dejar atr\u00e1s la comparativa interanual con unos\u00a0<b>10.000 ocupados m\u00e1s<\/b>.<\/p>\n<p class=\"c-paragraph\">Para entender la magnitud de estos vol\u00famenes de empleo, ser\u00eda conveniente echar la vista atr\u00e1s, incluso, m\u00e1s all\u00e1 de la pandemia. Entonces, los 280.000 trabajadores eran sin\u00f3nimo de r\u00e9cord; <b>con la diferencia de que se alcanzaban en el punto \u00e1lgido de la temporada estival<\/b> (s\u00f3lo se superaron en julio y agosto de 2019 desde que hay registros), y la certeza de que el n\u00famero de establecimientos era, incluso, ligeramente superior a los 15.430 hoteles que abrieron sus puertas el pasado mes.<\/p>\n<p class=\"c-paragraph\">El impulso del empleo, explican los expertos, es fruto de una tormenta perfecta que ha acelerado la recuperaci\u00f3n tur\u00edstica con una firme apuesta por el reposicionamiento de los hoteles hacia un servicio de mayor valor para exprimir la fuerte demanda de turistas internacionales, que se quedar\u00e1n a las puertas de ser 100 millones en 2025. \u00abMientras que en los hoteles de una o tres estrellas se necesitan cinco empleados por cada 100 plazas, <b>en los hoteles de cuatro o cinco estrellas se requieren 20 trabajadores para atender las mismas plazas<\/b>\u00bb explicaba en una consulta reciente el\u00a0vicepresidente de la alianza tur\u00edstica Exceltur, \u00d3scar Perelli.<\/p>\n<p class=\"c-paragraph\">Y este factor, en un mapa donde <b>se han borrado 160 establecimientos de una y dos estrellas en favor de 445 nuevos activos de cuatro y cinco<\/b> desde 2019, seg\u00fan datos del INE, resulta decisivo para impulsar el empleo, que tambi\u00e9n se ve beneficiado por el crecimiento de las pernoctaciones. Con m\u00e1s detalle, los registros sit\u00faan a los hoteles de cuatro estrellas, aquellos que lideran en n\u00famero la plaza hotelera, como el principal motor de empleo en el sector con casi 151.000 trabajadores. Detr\u00e1s se sit\u00faan los de tres, con un n\u00famero similar de establecimientos y 54.400 empleados; seguidos de los 46.000 que emplean los de cinco, con mucho menos peso en la plaza.<\/p>\n<p class=\"c-paragraph\"><b>\u00abEl reposicionamiento de la oferta est\u00e1 obligando a las empresas del sector a prestar un servicio de mayor valor porque lo cobran m\u00e1s caro\u00bb<\/b> comentaba recientemente el mismo directivo antes de plasmar con datos como esta tendencia tambi\u00e9n aporta un empleo de mayor calidad con m\u00e1s asalariados con contratos indefinidos y una tasa de temporalidad m\u00e1s baja. \u00abLas empresas tur\u00edsticas han mantenido su compromiso con la mejora de la retribuci\u00f3n a sus trabajadores impulsados por compartir los positivos resultados empresariales, la necesidad de atraer talento y la transici\u00f3n a perfiles de mayor remuneraci\u00f3n por el proceso de reposicionamiento competitivo\u00bb a\u00f1ad\u00edan desde la patronal.<\/p>\n<p>Hoteles y academias refuerzan lazos para cubrir el empleo<\/p>\n<p class=\"c-paragraph\">Desde otro \u00e1ngulo, acometer una transformaci\u00f3n de oferta de este calibre conlleva el riesgo de ocasionar una brecha entre el empleo demandado y los puestos por cubrir. En este contexto, hay referencias del sector como el\u00a0Consejo Mundial de Viajes y Turismo (WTTC) que vienen advirtiendo de que la industria espa\u00f1ola puede sufrir <b>un d\u00e9ficit cercano a los 780.000 puestos de trabajo <\/b>en el sector tur\u00edstico en una d\u00e9cada si las tendencias actuales persisten sin intervenci\u00f3n, lo que supondr\u00eda un 20% de los puestos demandados.<\/p>\n<p class=\"c-paragraph\">El sector, no obstante, parece asumir el reto con un refuerzo de sus lazos con las instituciones que ofrecen formaci\u00f3n cualificada,\u00a0impulsando <b>programas espec\u00edficos para cubrir perfiles de hoteler\u00eda avanzada<\/b>. Esta estrategia se refleja en acuerdos como el que la cadena balear Meli\u00e1 Hotels plasm\u00f3 semanas atr\u00e1s con la escuela de gesti\u00f3n hotelera Les Roches con el objetivo de anticiparse a las necesidades del mercado y garantizar un flujo constante de profesionales altamente capacitados para sus hoteles.<\/p>\n","protected":false},"excerpt":{"rendered":"El \u00faltimo informe sobre la coyuntura tur\u00edstica del Instituto Nacional de Estad\u00edstica (INE) arroja un dato revelador sobre&hellip;\n","protected":false},"author":2,"featured_media":251002,"comment_status":"","ping_status":"","sticky":false,"template":"","format":"standard","meta":{"footnotes":""},"categories":[80],"tags":[82,95,94,5509,25,24,11907,13084,9160,4417,23],"class_list":{"0":"post-251001","1":"post","2":"type-post","3":"status-publish","4":"format-standard","5":"has-post-thumbnail","7":"category-economia","8":"tag-business","9":"tag-economia","10":"tag-economy","11":"tag-empleo","12":"tag-es","13":"tag-espana","14":"tag-espanoles","15":"tag-hoteles","16":"tag-llevan","17":"tag-los","18":"tag-spain"},"share_on_mastodon":{"url":"https:\/\/pubeurope.com\/@es\/115597860093973698","error":""},"_links":{"self":[{"href":"https:\/\/www.europesays.com\/es\/wp-json\/wp\/v2\/posts\/251001","targetHints":{"allow":["GET"]}}],"collection":[{"href":"https:\/\/www.europesays.com\/es\/wp-json\/wp\/v2\/posts"}],"about":[{"href":"https:\/\/www.europesays.com\/es\/wp-json\/wp\/v2\/types\/post"}],"author":[{"embeddable":true,"href":"https:\/\/www.europesays.com\/es\/wp-json\/wp\/v2\/users\/2"}],"replies":[{"embeddable":true,"href":"https:\/\/www.europesays.com\/es\/wp-json\/wp\/v2\/comments?post=251001"}],"version-history":[{"count":0,"href":"https:\/\/www.europesays.com\/es\/wp-json\/wp\/v2\/posts\/251001\/revisions"}],"wp:featuredmedia":[{"embeddable":true,"href":"https:\/\/www.europesays.com\/es\/wp-json\/wp\/v2\/media\/251002"}],"wp:attachment":[{"href":"https:\/\/www.europesays.com\/es\/wp-json\/wp\/v2\/media?parent=251001"}],"wp:term":[{"taxonomy":"category","embeddable":true,"href":"https:\/\/www.europesays.com\/es\/wp-json\/wp\/v2\/categories?post=251001"},{"taxonomy":"post_tag","embeddable":true,"href":"https:\/\/www.europesays.com\/es\/wp-json\/wp\/v2\/tags?post=251001"}],"curies":[{"name":"wp","href":"https:\/\/api.w.org\/{rel}","templated":true}]}}