{"id":251003,"date":"2025-11-23T07:36:21","date_gmt":"2025-11-23T07:36:21","guid":{"rendered":"https:\/\/www.europesays.com\/es\/251003\/"},"modified":"2025-11-23T07:36:21","modified_gmt":"2025-11-23T07:36:21","slug":"la-aemet-avisa-de-temperaturas-de-hasta-4oc-en-estas-zonas","status":"publish","type":"post","link":"https:\/\/www.europesays.com\/es\/251003\/","title":{"rendered":"la AEMET avisa de temperaturas de hasta -4\u00baC en estas zonas"},"content":{"rendered":"<p><b>Espa\u00f1a despierta este s\u00e1bado con el fr\u00edo polar de estas \u00faltimas jornadas como nota predominante.<\/b> Estas bajas temperaturas provocar\u00e1n heladas en la mayor parte del interior de la Pen\u00ednsula, exceptuando zonas bajas del oeste de Andaluc\u00eda, Extremadura y del Ebro. <b>En entornos de monta\u00f1a de la mitad norte y del este peninsular pueden llegar a ser moderadas e incluso en Pirineos localmente fuertes.<\/b> Un d\u00eda m\u00e1s, <b>varias capitales de provincia se situar\u00e1n bajo cero <\/b>en las horas m\u00e1s fr\u00edas del d\u00eda.<\/p>\n<p><b>Burgos y Palencia son las \u00fanicas que se espera que alcancen los -4\u00baC<\/b>, pero Castilla y Le\u00f3n al completo rondar\u00e1 los menos 3\u00baC. No solo estas zonas llegar\u00e1n a vivir temperaturas negativas durante esta jornada de s\u00e1bado ya que otras de interior como <b>Cuenca, Madrid, Lugo o Teruel se situar\u00e1n en los -2\u00baC<\/b>. En estas capitales de provincia <b>no se espera que se alcancen los 10\u00baC en ning\u00fan momento del d\u00eda,<\/b> lo contrario que en aquellas costeras, donde llegar a los 15\u00baC ser\u00e1 lo habitual.<\/p>\n<p>Tregua con el fr\u00edo<\/p>\n<p><b>Estas temperaturas m\u00ednimas,<\/b>en descenso en buena parte del interior con ascensos puntuales en el alto Ebro este s\u00e1bado,<b> se dar\u00e1n en las primeras horas del d\u00eda puesto que la<\/b><b>masa fr\u00eda \u00e1rtica se sustituir\u00e1 por otra m\u00e1s templada,<\/b> que permitir\u00e1 unos d\u00edas de tregua en la Pen\u00ednsula.<b> El fr\u00edo extremo desaparecer\u00e1 durante varias jornadas y dar\u00e1 paso a unas temperaturas m\u00e1s suaves<\/b>. Las temperaturas m\u00e1ximas subir\u00e1n en el nordeste. <b>El ascenso se espera especialmente notable en zonas puntuales de los sistemas monta\u00f1osos<\/b>, con pocos cambios en el resto.<\/p>\n<p><img decoding=\"async\" loading=\"lazy\" src=\"https:\/\/www.europesays.com\/es\/wp-content\/uploads\/2025\/11\/1763883380_590_58.jpg\" alt=\"La llegada de aire de origen \u00e1rtico por el norte de Espa\u00f1a trae un ambiente muy fr\u00edo\" width=\"4656\" height=\"3104\"\/><b>La llegada de aire de origen \u00e1rtico por el norte de Espa\u00f1a trae un ambiente muy fr\u00edo<\/b>MariscalAgencia EFELas precipitaciones no desaparecen<\/p>\n<p>Esta masa de aire templada que llega a a partir del mediod\u00eda se espera que provoque cielos nubosos o cubiertos en la vertiente atl\u00e1ntica de la Pen\u00ednsula. <b>Se dar\u00e1n <\/b><b>precipitaciones d\u00e9biles en la mitad norte de la Pen\u00ednsula y persistentes ylocalmente moderadas en las islas monta\u00f1osas de Canarias<\/b>. Se espera que la cota de nieve ascienda a los 1000-1200m y, a diferencia de los d\u00edas anteriores, no hay ninguna comunidad en aviso por nieve.<\/p>\n<p>Espa\u00f1a bajo aviso por viento<\/p>\n<p><b>Los avisos en vigor de la Agencia Estatal de Meteorolog\u00eda (AEMET) para este s\u00e1bado son por vientos, algunos costeros<\/b>. Predominar\u00e1n los vientos de oeste y noroeste en la mayor parte del territorio, salvo en el Cant\u00e1brico oriental, donde soplar\u00e1n del sur, y en la meseta sur, Andaluc\u00eda y Albor\u00e1n, donde lo har\u00e1n del este. S<b>er\u00e1n moderados en las zonas costeras; se esperan rachas muy intensas en los Pirineos y vientos fuertes con rachas muy fuertes en el Ampurd\u00e1n, Baleares, el bajo Ebro <\/b>y \u00e1reas expuestas del litoral mediterr\u00e1neo, aunque ir\u00e1n perdiendo fuerza al final del d\u00eda.<\/p>\n<p>En el oeste de la meseta sur y Andaluc\u00eda ser\u00e1n flojos, y en el resto habr\u00e1 intervalos de intensidad moderada. <b>Todas estas rachas provocan que Catalu\u00f1a y Baleares est\u00e9n en aviso naranja mientras que este sea amarillo en Arag\u00f3n, Cantabria y Comunidad Valenciana.<\/b><\/p>\n<p><img decoding=\"async\" loading=\"lazy\" src=\"https:\/\/www.europesays.com\/es\/wp-content\/uploads\/2025\/11\/1763883381_359_58.jpg\" alt=\"AMP.- El fin de semana ser\u00e1 lluvioso con vientos fuertes y fr\u00edo con temperaturas por debajo de lo normal desde el martes\" width=\"1920\" height=\"1280\"\/><b>AMP.- El fin de semana ser\u00e1 lluvioso con vientos fuertes y fr\u00edo con temperaturas por debajo de lo normal desde el martes<\/b>Europa PressAs\u00ed acabar\u00e1 la semana<\/p>\n<p><b>Se espera que la semana acabe de manera opuesta en distintas partes de la Pen\u00ednsula,<\/b>con una i<b>ntensa circulaci\u00f3n atl\u00e1ntica asociada a una borrasca situada al norte de la Pen\u00ednsula y un anticicl\u00f3n al suroeste<\/b>. Esta circulaci\u00f3n provocar\u00e1 cielos nubosos o cubiertos en la Pen\u00ednsula y Baleares con <b>precipitaciones en el extremo norte<\/b>, que podr\u00edan ser localmente persistentes en el Cant\u00e1brico oriental, Pirineo occidental y Galicia.<\/p>\n<p><b>La cota de nieve seguir\u00e1 subiendo hasta los 1.500 metros y Teruel ser\u00e1 la \u00fanica capital de provincia en vivir temperaturas bajo cero<\/b> puesto que se esperan subidas generalizadas en todo el pa\u00eds excepto ligeras bajadas de las m\u00ednimas en el valle del Guadalquivir, Guadiana y litorales sur mediterr\u00e1neos. <b>Se prev\u00e9 que los ascensos de las m\u00e1ximas sean notables en interiores de Levante<\/b> y de las m\u00ednimas en amplias \u00e1reas del cuadrante noroeste peninsular y norte de los Pirineos.<\/p>\n<p>Este d\u00eda vuelve el fr\u00edo polar<\/p>\n<p>La semana acabar\u00e1 y empezar\u00e1 la siguiente con una temperatura agradable en comparaci\u00f3n a los d\u00edas previos, pero no dar\u00e1 tiempo a acostumbrarse. <b>La tregua acabar\u00e1 el martes, d\u00eda que se prev\u00e9 que las m\u00e1ximas bajen entre 2\u00baC y 6\u00baC en zonas del <\/b><b>norte del pa\u00eds <\/b>y se produzcan heladas en zonas del interior, especialmente del norte y este. La AEMET no descarta que a finales de semana vayan normaliz\u00e1ndose de nuevo las temperaturas.<b> Las lluvias se har\u00e1n notar antes ya que la semana comenzar\u00e1 con lluvias en amplias zonas del territorio el lunes y el martes. <\/b><\/p>\n","protected":false},"excerpt":{"rendered":"Espa\u00f1a despierta este s\u00e1bado con el fr\u00edo polar de estas \u00faltimas jornadas como nota predominante. Estas bajas temperaturas&hellip;\n","protected":false},"author":2,"featured_media":251004,"comment_status":"","ping_status":"","sticky":false,"template":"","format":"standard","meta":{"footnotes":""},"categories":[8],"tags":[17,18,25,24,13,14,11,19,20,9,10,15,16,23,12,21,22],"class_list":{"0":"post-251003","1":"post","2":"type-post","3":"status-publish","4":"format-standard","5":"has-post-thumbnail","7":"category-espana","8":"tag-breaking-news","9":"tag-breakingnews","10":"tag-es","11":"tag-espana","12":"tag-featured-news","13":"tag-featurednews","14":"tag-headlines","15":"tag-latest-news","16":"tag-latestnews","17":"tag-news","18":"tag-noticias","19":"tag-noticias-destacadas","20":"tag-noticiasdestacadas","21":"tag-spain","22":"tag-titulares","23":"tag-ultimas-noticias","24":"tag-ultimasnoticias"},"share_on_mastodon":{"url":"https:\/\/pubeurope.com\/@es\/115597868696419268","error":""},"_links":{"self":[{"href":"https:\/\/www.europesays.com\/es\/wp-json\/wp\/v2\/posts\/251003","targetHints":{"allow":["GET"]}}],"collection":[{"href":"https:\/\/www.europesays.com\/es\/wp-json\/wp\/v2\/posts"}],"about":[{"href":"https:\/\/www.europesays.com\/es\/wp-json\/wp\/v2\/types\/post"}],"author":[{"embeddable":true,"href":"https:\/\/www.europesays.com\/es\/wp-json\/wp\/v2\/users\/2"}],"replies":[{"embeddable":true,"href":"https:\/\/www.europesays.com\/es\/wp-json\/wp\/v2\/comments?post=251003"}],"version-history":[{"count":0,"href":"https:\/\/www.europesays.com\/es\/wp-json\/wp\/v2\/posts\/251003\/revisions"}],"wp:featuredmedia":[{"embeddable":true,"href":"https:\/\/www.europesays.com\/es\/wp-json\/wp\/v2\/media\/251004"}],"wp:attachment":[{"href":"https:\/\/www.europesays.com\/es\/wp-json\/wp\/v2\/media?parent=251003"}],"wp:term":[{"taxonomy":"category","embeddable":true,"href":"https:\/\/www.europesays.com\/es\/wp-json\/wp\/v2\/categories?post=251003"},{"taxonomy":"post_tag","embeddable":true,"href":"https:\/\/www.europesays.com\/es\/wp-json\/wp\/v2\/tags?post=251003"}],"curies":[{"name":"wp","href":"https:\/\/api.w.org\/{rel}","templated":true}]}}