{"id":251017,"date":"2025-11-23T07:50:09","date_gmt":"2025-11-23T07:50:09","guid":{"rendered":"https:\/\/www.europesays.com\/es\/251017\/"},"modified":"2025-11-23T07:50:09","modified_gmt":"2025-11-23T07:50:09","slug":"lo-que-debes-recordar-antes-de-ver-la-temporada-final","status":"publish","type":"post","link":"https:\/\/www.europesays.com\/es\/251017\/","title":{"rendered":"lo que debes recordar antes de ver la temporada final"},"content":{"rendered":"\n<p> Muchos fans de Hawkins y las aventuras de sus habitantes cuentan ya las horas para la nueva temporada de<strong> <\/strong><a href=\"https:\/\/www.vanitatis.elconfidencial.com\/estilo\/ocio\/2025-10-16\/stranger-things-final-netflix-50-millones_4228694\/\" target=\"_self\" rel=\"nofollow noopener\">&#8216;Stranger Things&#8217;.<\/a> La historia que se convirti\u00f3 en un fen\u00f3meno de culto se cerrar\u00e1 con una trilog\u00eda de estrenos que ir\u00e1n llegando a Netflix <strong>el 27 de noviembre, el 26 de diciembre y el 1 de enero<\/strong> con un gran cap\u00edtulo final. <\/p>\n<p> Tres fechas se\u00f1aladas en rojo en el calendario de los parroquianos de esta serie; tres d\u00edas para poder disfrutar de cap\u00edtulos con duraciones extensas (m\u00e1s de una hora en el caso de algunos) y decirle adi\u00f3s <strong>a este grupo de adolescentes y a ese mundo Sci-fi puntuado por una explosiva nostalgia ochentera.<\/strong> <\/p>\n<p> Como ocurre con muchas ficciones de largo recorrido, antes de ponerse a ver la quinta habr\u00eda que recordar todo lo que vivimos en la anterior tanda de episodios. <\/p>\n<p> En <strong>&#8216;Stranger Things 4&#8217;<\/strong>, Hawkins enfrentaba una nueva amenaza sobrenatural: Vecna, una entidad oscura proveniente del Upside Down que ataca a adolescentes atormentados, mat\u00e1ndolos de forma brutal y abriendo grietas entre dimensiones. <\/p>\n<p> Mientras tanto, el grupo se encontraba claramente dividido: <strong>Once en California e intentando recuperar sus poderes<\/strong>; Hopper, preso en una dura prisi\u00f3n sovi\u00e9tica tras sobrevivir secretamente a la explosi\u00f3n del final de la temporada anterior; y el resto de los amigos, en Hawkins investigando las misteriosas muertes que empezaron a sacudir al pueblo. <\/p>\n<p>               El p\u00f3ster de &#8216;Stranger Things 4&#8217;. (Netflix)             <\/p>\n<p> A medida que avanzaba la historia, <strong>se revelaba que Vecna fue en realidad Henry Creel<\/strong>, el primer ni\u00f1o sobre el que el Dr. Brenner experiment\u00f3, convertido en la criatura m\u00e1s poderosa del Upside Down tras un enfrentamiento con Once a\u00f1os atr\u00e1s. El grupo descubr\u00eda que sus ataques eran parte de un plan para abrir definitivamente la puerta entre los mundos. <\/p>\n<p> Aunque lograron herir a Vecna, el plan se activ\u00f3: Hawkins qued\u00f3 fracturado por enormes grietas y el Upside Down comenz\u00f3 a invadir el mundo real, dejando la historia en un punto cr\u00edtico para una \u00faltima temporada que promete grandes emociones. <\/p>\n<p>                   Noah Schnapp y Millie Bobby Brownen el estreno brit\u00e1nico de &#8216;Stranger Things 5&#8217;. (EFE \/ TOLGA AKMEN)             <\/p>\n<p> Como dec\u00edamos hace unas semanas, la quinta es la temporada m\u00e1s cara y ambiciosa de cualquier serie que haya producido Netflix en toda su historia. Ni siquiera con <strong><a href=\"https:\/\/www.vanitatis.elconfidencial.com\/casas-reales\/2023-12-14\/the-crown-fact-check-episodios-finales-verdad-mentira_3792809\/\" target=\"_self\" rel=\"nofollow noopener\">&#8216;The Crown&#8217;<\/a><\/strong>, una de sus joyas y de las producciones con m\u00e1s presupuesto de la plataforma, se hab\u00eda llegado tan lejos a la hora de elaborar un producto de grandes ambiciones log\u00edsticas. <\/p>\n<p> El presupuesto final de \u2018Stranger Things 5\u2019 podr\u00eda rondar <strong>en torno a los 50 o 60 millones de d\u00f3lares por cap\u00edtulo<\/strong>. Algo que la ha convertido en una superproducci\u00f3n a peque\u00f1a escala. De hecho, los hermanos Duffer llegaron a describir el rodaje de uno de los nuevos episodios como \u201cel m\u00e1s log\u00edsticamente loco\u201d que han vivido jam\u00e1s. <\/p>\n<p>               Los chicos de &#8216;Stranger Things 5&#8217;. (Netflix)             <\/p>\n<p> Las noticias sobre la serie, a veces con cuentagotas, han ido aumentando la expectaci\u00f3n poco a poco a lo largo de estos meses y han hecho crecer la impresi\u00f3n de que estamos ante todo un evento. Por ejemplo, se anunci\u00f3 hace tiempo la larga duraci\u00f3n de los dos primeros cap\u00edtulos. <\/p>\n<p> El primero,<strong> \u2018The Crawl\u2019<\/strong>, durar\u00e1 1 hora y 8 minutos, y el cuarto, <strong>\u2018Sorcerer\u2019<\/strong>, llegar\u00e1 hasta la hora y 23 minutos. M\u00e1s minutos, m\u00e1s importancia para dejar huella en la historia de la televisi\u00f3n. <\/p>\n<p>               Winona Ryder, la veterana de &#8216;Stranger Things&#8217;. (Netflix)             <\/p>\n<p> La acci\u00f3n se sit\u00faa, esta vez, en el oto\u00f1o de 1987. <strong>Hawkins vive bajo cuarentena milita<\/strong>r, los famosos portales siguen abiertos y Vecna, el enemigo final, ha desaparecido sin dejar ning\u00fan rastro. <\/p>\n<p> Once vuelve a esconderse, el Gobierno la busca y el resto del grupo intenta mantener la normalidad mientras se aproxima <strong>el aniversario de la desaparici\u00f3n de Will Byers<\/strong>, punto de partida de toda la historia desde aquella primera temporada de 2016. <\/p>\n<p> La amistad infantil que vertebr\u00f3 toda la serie ahora es una lucha m\u00e1s adulta contra el miedo. Y, como en el caso de <strong>&#8216;Harry Potter&#8217; y otras franquicias<\/strong>, la evoluci\u00f3n de sus protagonistas ha ido pareja a la edad que han ido cumpliendo los actores. <\/p>\n<p> Es un hecho que, a la par que ve\u00edamos la serie, tambi\u00e9n hemos visto crecer a los ni\u00f1os de &#8216;Stranger Things&#8217; y que habr\u00e1 razones m\u00e1s que suficientes para ser testigos de su \u00faltima aventura a partir del pr\u00f3ximo jueves. Tic tac&#8230; <\/p>\n<p> Muchos fans de Hawkins y las aventuras de sus habitantes cuentan ya las horas para la nueva temporada de<strong> <\/strong><a href=\"https:\/\/www.vanitatis.elconfidencial.com\/estilo\/ocio\/2025-10-16\/stranger-things-final-netflix-50-millones_4228694\/\" target=\"_self\" rel=\"nofollow noopener\">&#8216;Stranger Things&#8217;.<\/a> La historia que se convirti\u00f3 en un fen\u00f3meno de culto se cerrar\u00e1 con una trilog\u00eda de estrenos que ir\u00e1n llegando a Netflix <strong>el 27 de noviembre, el 26 de diciembre y el 1 de enero<\/strong> con un gran cap\u00edtulo final. <\/p>\n","protected":false},"excerpt":{"rendered":"Muchos fans de Hawkins y las aventuras de sus habitantes cuentan ya las horas para la nueva temporada&hellip;\n","protected":false},"author":2,"featured_media":251018,"comment_status":"","ping_status":"","sticky":false,"template":"","format":"standard","meta":{"footnotes":""},"categories":[171],"tags":[146,147,25,24,23,214],"class_list":{"0":"post-251017","1":"post","2":"type-post","3":"status-publish","4":"format-standard","5":"has-post-thumbnail","7":"category-tv","8":"tag-entertainment","9":"tag-entretenimiento","10":"tag-es","11":"tag-espana","12":"tag-spain","13":"tag-tv"},"share_on_mastodon":{"url":"https:\/\/pubeurope.com\/@es\/115597923147784260","error":""},"_links":{"self":[{"href":"https:\/\/www.europesays.com\/es\/wp-json\/wp\/v2\/posts\/251017","targetHints":{"allow":["GET"]}}],"collection":[{"href":"https:\/\/www.europesays.com\/es\/wp-json\/wp\/v2\/posts"}],"about":[{"href":"https:\/\/www.europesays.com\/es\/wp-json\/wp\/v2\/types\/post"}],"author":[{"embeddable":true,"href":"https:\/\/www.europesays.com\/es\/wp-json\/wp\/v2\/users\/2"}],"replies":[{"embeddable":true,"href":"https:\/\/www.europesays.com\/es\/wp-json\/wp\/v2\/comments?post=251017"}],"version-history":[{"count":0,"href":"https:\/\/www.europesays.com\/es\/wp-json\/wp\/v2\/posts\/251017\/revisions"}],"wp:featuredmedia":[{"embeddable":true,"href":"https:\/\/www.europesays.com\/es\/wp-json\/wp\/v2\/media\/251018"}],"wp:attachment":[{"href":"https:\/\/www.europesays.com\/es\/wp-json\/wp\/v2\/media?parent=251017"}],"wp:term":[{"taxonomy":"category","embeddable":true,"href":"https:\/\/www.europesays.com\/es\/wp-json\/wp\/v2\/categories?post=251017"},{"taxonomy":"post_tag","embeddable":true,"href":"https:\/\/www.europesays.com\/es\/wp-json\/wp\/v2\/tags?post=251017"}],"curies":[{"name":"wp","href":"https:\/\/api.w.org\/{rel}","templated":true}]}}