{"id":251021,"date":"2025-11-23T07:52:25","date_gmt":"2025-11-23T07:52:25","guid":{"rendered":"https:\/\/www.europesays.com\/es\/251021\/"},"modified":"2025-11-23T07:52:25","modified_gmt":"2025-11-23T07:52:25","slug":"critica-de-las-locuras-rodrigo-garcia-entre-historias-cruzadas-y-tensiones-que-desarman-la-norma","status":"publish","type":"post","link":"https:\/\/www.europesays.com\/es\/251021\/","title":{"rendered":"Cr\u00edtica de \u00abLas locuras\u00bb: Rodrigo Garc\u00eda entre historias cruzadas y tensiones que desarman la norma"},"content":{"rendered":"<p>\n                        viernes 21 de noviembre de 2025<\/p>\n<p>Las locuras (2025), escrita y dirigida por Rodrigo Garc\u00eda, se articula como un entramado de seis relatos que ocurren durante un d\u00eda lluvioso en la Ciudad de M\u00e9xico. Las historias se cruzan sin buscar un gran gesto de s\u00edntesis; m\u00e1s bien dialogan entre s\u00ed a trav\u00e9s de decisiones suspendidas, v\u00ednculos tensos y momentos donde lo cotidiano deja ver aquello que se intenta contener. El film retoma un tema persistente en la obra del director: la presi\u00f3n emocional dirigida hacia las mujeres y la forma en que el entorno define qu\u00e9 comportamientos son aceptables y cu\u00e1les deben corregirse.<\/p>\n<p>El elenco sostiene la estructura coral y funciona como una red de miradas sobre un mismo eje. Participan Cassandra Ciangherotti, Ilse Salas, \u00c1ngeles Cruz, Natalia Soli\u00e1n, Naian Gonz\u00e1lez Norvind, Fernanda Castillo, Adriana Barraza, M\u00f3nica del Carmen, Daniel Tovar, Ra\u00fal Castro, Ra\u00fal Briones, Mercedes Hern\u00e1ndez, Luisa Huertas, Teresita S\u00e1nchez y Roberto Sosa. Cada int\u00e9rprete suma matices desde la acci\u00f3n m\u00e1s que desde el discurso, y el film avanza apoyado en cuerpos que registran el cansancio, la resistencia o la incomodidad sin necesidad de explicitarlo.<\/p>\n<p>Las historias se presentan como zonas de encierro. En una de ellas, una mujer permanece aislada bajo la supervisi\u00f3n de su padre, mientras recuerda a su pareja y enfrenta los roces con su hermana. Otra se centra en una pareja que ofrece eutanasia para mascotas a domicilio, donde la rutina laboral expone v\u00ednculos desplazados hacia lo que se percibe como refugio. Una tercera sigue a una actriz que entra en un ejercicio de improvisaci\u00f3n junto a un compa\u00f1ero, situaci\u00f3n que revela tensiones estructurales del \u00e1mbito laboral y del rol asignado a cada participante.<\/p>\n<p>La cena de cumplea\u00f1os familiar funciona como uno de los n\u00facleos m\u00e1s potentes del conjunto. All\u00ed emergen choques generacionales, presiones religiosas y expectativas que ordenan la conducta, y el clima dom\u00e9stico revela una serie de mecanismos de control transmitidos de manera silenciosa. Garc\u00eda no subraya la idea de patriarcado; la muestra en funcionamiento a trav\u00e9s de gestos, interrupciones y frases que buscan sostener la apariencia de armon\u00eda. Lo femenino aparece marcado por la obligaci\u00f3n de la serenidad, mientras el descontrol se asocia a figuras que no cargan esa exigencia.<\/p>\n<p>Desde lo visual, la pel\u00edcula construye un tr\u00e1nsito progresivo: de la calma aparente a una inestabilidad que se insin\u00faa en la iluminaci\u00f3n, las sombras, las texturas del espacio y un montaje que pasa de planos prolongados a cortes m\u00e1s breves. La fragmentaci\u00f3n domina la puesta en escena. Primero se observan gestos aislados, luego objetos, y finalmente cuerpos que se recortan en lugares que parecen contener m\u00e1s de lo que muestran. Esa t\u00e9cnica vuelve visible la tensi\u00f3n sin convertirla en espect\u00e1culo, y permite que cada historia se desplace hacia un l\u00edmite sin cruzarlo.<\/p>\n<p>El dispositivo narrativo logra abrir interrogantes sobre el mandato emocional dirigido a las mujeres y sobre la forma en que la sociedad clasifica como \u201clocura\u201d cualquier gesto que se desv\u00ede de la norma. <strong>No todas las l\u00edneas alcanzan el mismo nivel de profundidad, pero el film establece una continuidad tem\u00e1tica que re\u00fane experiencias diversas bajo un clima com\u00fan. <\/strong>Como obra dentro de la filmograf\u00eda de Garc\u00eda,<strong> Las locuras <\/strong>se sostiene en un equilibrio entre observaci\u00f3n, fragmento y resonancia.<\/p>\n","protected":false},"excerpt":{"rendered":"viernes 21 de noviembre de 2025 Las locuras (2025), escrita y dirigida por Rodrigo Garc\u00eda, se articula como&hellip;\n","protected":false},"author":2,"featured_media":251022,"comment_status":"","ping_status":"","sticky":false,"template":"","format":"standard","meta":{"footnotes":""},"categories":[169],"tags":[177,146,147,25,24,176,175,23],"class_list":{"0":"post-251021","1":"post","2":"type-post","3":"status-publish","4":"format-standard","5":"has-post-thumbnail","7":"category-cine","8":"tag-cine","9":"tag-entertainment","10":"tag-entretenimiento","11":"tag-es","12":"tag-espana","13":"tag-film","14":"tag-movies","15":"tag-spain"},"share_on_mastodon":{"url":"https:\/\/pubeurope.com\/@es\/115597931119400866","error":""},"_links":{"self":[{"href":"https:\/\/www.europesays.com\/es\/wp-json\/wp\/v2\/posts\/251021","targetHints":{"allow":["GET"]}}],"collection":[{"href":"https:\/\/www.europesays.com\/es\/wp-json\/wp\/v2\/posts"}],"about":[{"href":"https:\/\/www.europesays.com\/es\/wp-json\/wp\/v2\/types\/post"}],"author":[{"embeddable":true,"href":"https:\/\/www.europesays.com\/es\/wp-json\/wp\/v2\/users\/2"}],"replies":[{"embeddable":true,"href":"https:\/\/www.europesays.com\/es\/wp-json\/wp\/v2\/comments?post=251021"}],"version-history":[{"count":0,"href":"https:\/\/www.europesays.com\/es\/wp-json\/wp\/v2\/posts\/251021\/revisions"}],"wp:featuredmedia":[{"embeddable":true,"href":"https:\/\/www.europesays.com\/es\/wp-json\/wp\/v2\/media\/251022"}],"wp:attachment":[{"href":"https:\/\/www.europesays.com\/es\/wp-json\/wp\/v2\/media?parent=251021"}],"wp:term":[{"taxonomy":"category","embeddable":true,"href":"https:\/\/www.europesays.com\/es\/wp-json\/wp\/v2\/categories?post=251021"},{"taxonomy":"post_tag","embeddable":true,"href":"https:\/\/www.europesays.com\/es\/wp-json\/wp\/v2\/tags?post=251021"}],"curies":[{"name":"wp","href":"https:\/\/api.w.org\/{rel}","templated":true}]}}