{"id":251023,"date":"2025-11-23T07:53:27","date_gmt":"2025-11-23T07:53:27","guid":{"rendered":"https:\/\/www.europesays.com\/es\/251023\/"},"modified":"2025-11-23T07:53:27","modified_gmt":"2025-11-23T07:53:27","slug":"el-liverpool-en-llamas-as-com","status":"publish","type":"post","link":"https:\/\/www.europesays.com\/es\/251023\/","title":{"rendered":"El Liverpool, en llamas &#8211; AS.com"},"content":{"rendered":"<p class=\"\">Regres\u00f3 la <b>Premier League<\/b> tras el par\u00f3n por selecciones. Tambi\u00e9n <b>Alisson<\/b>, recuperado de su lesi\u00f3n. Y el <b>Liverpool <\/b>volvi\u00f3 a perder. Los de Slot han ganado solo uno de sus \u00faltimos siete \u00faltimos partidos de liga, los seis restantes los ha perdido todos. El \u00faltimo fue el s\u00e1bado frente al <b>Nottingham Forest<\/b>, que reedit\u00f3 su \u00e9xito en Anfield de la pasada temporada para salir de la zona de descenso, y <b>para hundir al Liverpool en la zona media de la clasificaci\u00f3n<\/b>. Tras doce jornadas, el <b>Arsenal <\/b>est\u00e1 a ocho puntos de distancia, pero los de Arteta todav\u00eda deben disputar su encuentro este fin de semana, frente al Tottenham el domingo.<\/p>\n<p><a href=\"https:\/\/as.com\/resultados\/ficha\/equipo\/liverpool\/65\/\" rel=\"nofollow noopener\" target=\"_blank\"><img decoding=\"async\" src=\"https:\/\/www.europesays.com\/es\/wp-content\/uploads\/2025\/11\/1763884403_80_65.png\" alt=\"El Liverpool, en llamas\" height=\"80\" width=\"80\"  loading=\"lazy\" data-error-image=\"https:\/\/static.as.com\/dist\/resources\/images\/placeholder-team.png\"\/><\/a><\/p>\n<p class=\"\">El <b>Liverpool <\/b>se top\u00f3 contra un muro. <b>Murillo<\/b>, que se encarg\u00f3 de despejar un centro tras otro, de bloquear disparos en su propia \u00e1rea, y de abrir el marcador apareciendo a la media hora para recoger un centro prolongado. Fue suyo en la frontal del \u00e1rea peque\u00f1a, y no tuvo problema alguno en enviarlo a la red.<b> Alisson protest\u00f3 que Ndoye bloqueaba su visi\u00f3n<\/b>, quejas que el VAR desestim\u00f3. Qued\u00f3 aturdido, que encaj\u00f3 un segundo gol solo tres minutos m\u00e1s tarde. Un gol que no vali\u00f3. <b>Jesus <\/b>baj\u00f3 el bal\u00f3n con el brazo antes de batir a <b>Alisson<\/b>.<\/p>\n<p class=\"\">Trataron de reaccionar los reds, sin suerte. <b>Sels detuvo un cabezazo de Mac Allister<\/b> y un disparo de Salah antes de llegar al descanso. Y tras la reanudaci\u00f3n lleg\u00f3 el segundo golpe. Un pase de Williams, canterano del Liverpool, abri\u00f3 la defensa de su exequipo para encontrar a <b>Savona<\/b>, que aprovech\u00f3 tenerlo todo a favor. 0-2. <b>Slot movi\u00f3 ficha, dando entrada a Ekitik\u00e9 en el puesto de Konat\u00e9<\/b>, pero no funcion\u00f3. La entrada de <b>Chiesa <\/b>y la de <b>Robertson <\/b>tampoco cambi\u00f3 la din\u00e1mica de un encuentro que el Forest cerr\u00f3 definitivamente en el minuto 79.<\/p>\n<p><a href=\"https:\/\/as.com\/resultados\/ficha\/equipo\/nottingham_forest\/1434\/\" rel=\"nofollow noopener\" target=\"_blank\"><img decoding=\"async\" src=\"https:\/\/www.europesays.com\/es\/wp-content\/uploads\/2025\/11\/1434.png\" alt=\"El Liverpool, en llamas\" height=\"80\" width=\"80\"  loading=\"lazy\" data-error-image=\"https:\/\/static.as.com\/dist\/resources\/images\/placeholder-team.png\"\/><\/a><\/p>\n<p class=\"\"><b>Gibbs-White<\/b> marc\u00f3 por tercera jornada consecutiva, se hizo con el rechace de <b>Alisson<\/b>, que hab\u00eda detenido el disparo previo de Hutchinson. El golpe final, la r\u00fabrica a una actuaci\u00f3n excelente del <b>Nottingham Forest<\/b>, que acumula su segunda victoria consecutiva y suma cuatro partidos seguidos sin perder. Con <b>Dyche <\/b>recuperaron el paso. Los de Slot lo vuelven a perder. El Liverpool necesita una buena sacudida para recuperar el nivel de la pasada campa\u00f1a. <b>Isak estuvo desaparecido otra vez, y Wirtz se qued\u00f3 en el banquillo nuevamente<\/b>. Se augura un invierno fr\u00edo a orillas del r\u00edo Mersey.<\/p>\n<p>Noticias relacionadas<a href=\"https:\/\/as.com\/futbol\/internacional\/liverpool-nottingham-forest-en-vivo-premier-league-hoy-en-directo-f202511-d\/\" class=\"s_m_w _rt-16x9\" title=\"Batacazo hist\u00f3rico en Anfield que termina por confirmar la crisis \u2018red\u2019 en el arranque de temporada.\" data-tb-link=\"\" rel=\"nofollow noopener\" target=\"_blank\"><img decoding=\"async\" src=\"https:\/\/www.europesays.com\/es\/wp-content\/uploads\/2025\/11\/ACYZC53C7ZO3HFDNWBI5LBLOX4.jpg\" alt=\"Liverpool 0 - Nottingham Forest 3: resumen, resultado y goles del partido\" class=\"\" height=\"9\" width=\"16\"   loading=\"lazy\" data-tb-thumbnail=\"\"\/><\/a><a href=\"https:\/\/as.com\/futbol\/internacional\/sigo-negociando-con-el-liverpool-f202511-n\/\" class=\"s_m_w _rt-16x9\" title=\"Ibrahima Konat\u00e9 confirm\u00f3 en rueda de prensa que sus agentes siguen negociando una renovaci\u00f3n de contrato. \u201cEspero decidir pronto\u201d, declar\u00f3. \" data-tb-link=\"\" rel=\"nofollow noopener\" target=\"_blank\"><img decoding=\"async\" src=\"https:\/\/www.europesays.com\/es\/wp-content\/uploads\/2025\/11\/4ZDPXBOCRRNCBARAXVRJTR5TQU.jpg\" alt=\"\u201cSigo negociando con el Liverpool\u201d\" class=\"\" height=\"9\" width=\"16\"   loading=\"lazy\" data-tb-thumbnail=\"\"\/><\/a><\/p>\n<p class=\"\"><b>\u00a1Tus opiniones importan!<\/b> Comenta en los art\u00edculos y suscr\u00edbete gratis a nuestra <a href=\"https:\/\/asfan.as.com\/newsletters\/\" target=\"_blank\" rel=\"nofollow noopener\" title=\"https:\/\/asfan.as.com\/newsletters\/\">newsletter<\/a> y a las alertas informativas en la <a href=\"https:\/\/as.com\/aplicacion-de-as-n\/\" target=\"_blank\" rel=\"nofollow noopener\" title=\"https:\/\/as.com\/aplicacion-de-as-n\/\">App<\/a> o el canal de <a href=\"https:\/\/www.whatsapp.com\/channel\/0029VaAasdA7j6g745nz9M10\" target=\"_blank\" rel=\"nofollow noopener\" title=\"https:\/\/www.whatsapp.com\/channel\/0029VaAasdA7j6g745nz9M10\">WhatsApp<\/a>. <\/p>\n<p class=\"\">\u00bfBuscas licenciar contenido? Haz clic <a href=\"https:\/\/profesional.elpais.com\/landing-sindicacion?utm_medium=interno&amp;utm_source=crosslinking&amp;utm_campaign=sindicacion_as_pie_articulos\" target=\"_blank\" rel=\"nofollow noopener\" title=\"https:\/\/profesional.elpais.com\/landing-sindicacion?utm_medium=interno&amp;utm_source=crosslinking&amp;utm_campaign=sindicacion_as_pie_articulos\">aqu\u00ed<\/a><\/p>\n<p class=\"stat-tl ev-fw-tl\"><strong>Cambios<\/strong><\/p>\n<p class=\"ev-text-aux\">\n                            <strong>Hugo Ekitik\u00e9<\/strong> (54&#8242;, Ibrahima Konat\u00e9),                             <strong>Omari Hutchinson<\/strong> (60&#8242;, Nicol\u00e1s Dom\u00ednguez),                             <strong>Federico Chiesa<\/strong> (67&#8242;, Alexander Isak),                             <strong>Andy Robertson<\/strong> (67&#8242;, Milos Kerkez),                             <strong>Rio Ngumoha<\/strong> (77&#8242;, Curtis Jones),                             <strong>Ryan Yates<\/strong> (85&#8242;, Igor Jesus),                             <strong>Callum Hudson-Odoi<\/strong> (85&#8242;, Dan Ndoye)                        <\/p>\n<p class=\"stat-tl ev-fw-tl\"><strong>Goles<\/strong><\/p>\n<p class=\"ev-text-aux\">\n                                                                                                        0-1, 32&#8242;: <strong>Murillo<\/strong>,                                                                                 0-2, 45&#8242;: <strong>Nicol\u00f2 Savona<\/strong>,                                                                                 0-3, 77&#8242;: <strong>Morgan Gibbs-White<\/strong>                        <\/p>\n<p class=\"stat-tl ev-fw-tl\"><strong>Tarjetas<\/strong><\/p>\n<p class=\"ev-text-aux\">\n                Arbitro: Andy Madley<br \/>Arbitro VAR: James Bell, Mark Scholes<br \/><strong>Ryan Gravenberch<\/strong> (66&#8242;,Amarilla),                                     <strong>Federico Chiesa<\/strong> (86&#8242;,Amarilla)                            <\/p>\n","protected":false},"excerpt":{"rendered":"Regres\u00f3 la Premier League tras el par\u00f3n por selecciones. Tambi\u00e9n Alisson, recuperado de su lesi\u00f3n. Y el Liverpool&hellip;\n","protected":false},"author":2,"featured_media":251024,"comment_status":"","ping_status":"","sticky":false,"template":"","format":"standard","meta":{"footnotes":""},"categories":[93],"tags":[168,25,24,23,167],"class_list":{"0":"post-251023","1":"post","2":"type-post","3":"status-publish","4":"format-standard","5":"has-post-thumbnail","7":"category-deportes","8":"tag-deportes","9":"tag-es","10":"tag-espana","11":"tag-spain","12":"tag-sports"},"share_on_mastodon":{"url":"https:\/\/pubeurope.com\/@es\/115597935631529618","error":""},"_links":{"self":[{"href":"https:\/\/www.europesays.com\/es\/wp-json\/wp\/v2\/posts\/251023","targetHints":{"allow":["GET"]}}],"collection":[{"href":"https:\/\/www.europesays.com\/es\/wp-json\/wp\/v2\/posts"}],"about":[{"href":"https:\/\/www.europesays.com\/es\/wp-json\/wp\/v2\/types\/post"}],"author":[{"embeddable":true,"href":"https:\/\/www.europesays.com\/es\/wp-json\/wp\/v2\/users\/2"}],"replies":[{"embeddable":true,"href":"https:\/\/www.europesays.com\/es\/wp-json\/wp\/v2\/comments?post=251023"}],"version-history":[{"count":0,"href":"https:\/\/www.europesays.com\/es\/wp-json\/wp\/v2\/posts\/251023\/revisions"}],"wp:featuredmedia":[{"embeddable":true,"href":"https:\/\/www.europesays.com\/es\/wp-json\/wp\/v2\/media\/251024"}],"wp:attachment":[{"href":"https:\/\/www.europesays.com\/es\/wp-json\/wp\/v2\/media?parent=251023"}],"wp:term":[{"taxonomy":"category","embeddable":true,"href":"https:\/\/www.europesays.com\/es\/wp-json\/wp\/v2\/categories?post=251023"},{"taxonomy":"post_tag","embeddable":true,"href":"https:\/\/www.europesays.com\/es\/wp-json\/wp\/v2\/tags?post=251023"}],"curies":[{"name":"wp","href":"https:\/\/api.w.org\/{rel}","templated":true}]}}