{"id":251028,"date":"2025-11-23T07:59:11","date_gmt":"2025-11-23T07:59:11","guid":{"rendered":"https:\/\/www.europesays.com\/es\/251028\/"},"modified":"2025-11-23T07:59:11","modified_gmt":"2025-11-23T07:59:11","slug":"como-diferenciar-las-homologadas-por-la-dgt","status":"publish","type":"post","link":"https:\/\/www.europesays.com\/es\/251028\/","title":{"rendered":"\u00bfc\u00f3mo diferenciar las homologadas por la DGT?"},"content":{"rendered":"<p style=\"\">En carretera, una aver\u00eda o un accidente puede convertirse en un momento muy peligroso. Hasta ahora, los conductores ten\u00edan que bajar del coche para <strong>colocar los tri\u00e1ngulos de emergencia<\/strong>, una maniobra arriesgada en autopistas o carreteras con poca visibilidad. Para evitarlo, <a href=\"https:\/\/www.abc.es\/noticias\/dgt-direccion-general-de-trafico\/\" target=\"_self\" data-voc-vtm-id=\"in-text-traffic\" title=\"la DG\" data-mrf-link=\"www.abc.es\" rel=\"nofollow noopener\">la DG<\/a><strong>ha <\/strong> &#8230; <strong>impulsado la baliza V-16 conectada<\/strong>, que se\u00f1aliza el veh\u00edculo inmovilizado sin necesidad de salir y, adem\u00e1s, transmite su ubicaci\u00f3n a la red de tr\u00e1fico para alertar a otros conductores y a los servicios de emergencia.<\/p>\n<p class=\"voc-p\" style=\"\"><strong>A partir del 1 de enero de 2026<\/strong>, todos los veh\u00edculos deber\u00e1n llevar una baliza homologada y conectada. La luz debe ser visible a 360 grados y mantenerse operativa durante varias horas, incluso con lluvia, niebla o de noche. Adem\u00e1s, los modelos homologados deber\u00e1n contar con <strong>conectividad a DGT 3.0<\/strong>, lo que permite que la ubicaci\u00f3n del veh\u00edculo se registre autom\u00e1ticamente al activarse.<\/p>\n<p class=\"voc-p\" style=\"\">Y aunque la normativa sea clara, <strong>no todas las balizas que se venden cumplen con los requisitos<\/strong>. Usar un modelo no homologado puede suponer un riesgo real en caso de emergencia y, adem\u00e1s, <strong>multas de hasta 200 euros<\/strong>.<\/p>\n<p>\nPor qu\u00e9 la DGT apuesta por la baliza conectada\n<\/p>\n<p class=\"voc-p\" style=\"\">Detr\u00e1s de la obligatoriedad de estas luces hay una raz\u00f3n de peso, la seguridad. Durante a\u00f1os, los tri\u00e1ngulos han cumplido su funci\u00f3n, pero obligaban al conductor a caminar por el arc\u00e9n, a menudo entre veh\u00edculos circulando a gran velocidad. <strong>Con la baliza V-16, esa maniobra desaparece<\/strong>. Basta con abrir la ventanilla y colocarla sobre el techo.<\/p>\n<p class=\"voc-p\" style=\"\">Adem\u00e1s de su luz <strong>visible a larga distancia<\/strong>, los modelos que ser\u00e1n obligatorios a partir de 2026 a\u00f1aden un elemento tecnol\u00f3gico fundamental: <strong>la conectividad con DGT 3.0<\/strong>. Cuando el conductor la enciende, el dispositivo env\u00eda autom\u00e1ticamente su ubicaci\u00f3n a la red de gesti\u00f3n de tr\u00e1fico, que se encarga de alertar al resto de conductores y de facilitar la coordinaci\u00f3n de emergencias.<\/p>\n<p class=\"voc-p\" style=\"\">La intenci\u00f3n es que cualquier veh\u00edculo parado sea <strong>visible tanto en la carretera como en el mapa digital<\/strong> del tr\u00e1fico espa\u00f1ol. Y eso solo lo pueden hacer las balizas homologadas.<\/p>\n<p>\nLa trampa de lo barato: as\u00ed se cuelan los modelos no homologados\n<\/p>\n<p class=\"voc-p\" style=\"\">El aumento de la demanda ha provocado la aparici\u00f3n de modelos muy econ\u00f3micos que prometen ser V-16 pero que no est\u00e1n preparados para 2026. Algunas incluso <strong>imitan el dise\u00f1o de las homologadas<\/strong>, y en una compra r\u00e1pida pueden pasar desapercibidas.<\/p>\n<p class=\"voc-p\" style=\"\">La primera se\u00f1al de alerta suele ser el precio. Las balizas conectadas y v\u00e1lidas para 2026 <strong>rondan los 40 o 50 euros<\/strong>, porque incorporan un sistema de transmisi\u00f3n de datos con varios a\u00f1os de servicio incluido. En cambio, las luces m\u00e1s baratas \u2014las de unos 20 euros\u2014 suelen ser modelos antiguos sin conexi\u00f3n, v\u00e1lidos solo hasta finales de 2025.<\/p>\n<p class=\"voc-p\" style=\"\">Y luego est\u00e1n <strong>las directamente fraudulentas<\/strong>, aquellos dispositivos baratos que imitan la est\u00e9tica de los oficiales, pero que ni emiten la intensidad luminosa exigida ni cuentan con conectividad real.<\/p>\n<p>\nC\u00f3mo identificar una baliza realmente homologada\n<\/p>\n<p class=\"voc-p\" style=\"\">A simple vista, todas pueden parecer iguales. Por eso, la clave est\u00e1 en fijarse en varios detalles que nunca fallan. El m\u00e1s importante es <strong>el c\u00f3digo de certificaci\u00f3n<\/strong>, que debe estar impreso de forma permanente en la carcasa y comenzar por LCOE o IDIADA, los laboratorios autorizados para verificar la homologaci\u00f3n. Si ese c\u00f3digo no aparece, o si est\u00e1 en una pegatina dudosa, es mejor descartar el producto.<\/p>\n<p class=\"voc-p\" style=\"\">Otro aspecto esencial es que en la propia caja figure claramente que el dispositivo se conecta con DGT 3.0. No basta con que diga &#8216;baliza V-16&#8217;; debe especificar que incorpora <strong>geolocalizaci\u00f3n y transmisi\u00f3n autom\u00e1tica de datos<\/strong>. Las que no incluyen ese sistema dejar\u00e1n de ser v\u00e1lidas en cuanto termine 2025.<\/p>\n<p class=\"voc-p\" style=\"\">Para salir de dudas, el conductor puede <strong>comprobar el modelo en el<\/strong><a href=\"https:\/\/www.dgt.es\/muevete-con-seguridad\/tecnologia-e-innovacion-en-carretera\/Dispositivos-de-presenalizacion-V16\/\" target=\"_blank\" data-voc-vtm-id=\"in-text-traffic\" title=\"listado oficial\" data-mrf-link=\"www.dgt.es\" rel=\"nofollow noopener\">listado oficial<\/a><strong>de la DGT<\/strong>, la forma m\u00e1s fiable para confirmar si una baliza est\u00e1 homologada. En \u00e9l figuran todos los dispositivos que han superado las pruebas exigidas por la normativa.<\/p>\n<p>\nUso correcto y conectividad\n<\/p>\n<p class=\"voc-p\" style=\"\">Cada baliza homologada env\u00eda autom\u00e1ticamente su ubicaci\u00f3n cuando se activa, pero solo mientras est\u00e1 encendida. <strong>No registra rutas ni datos personales<\/strong>, seg\u00fan confirma la Agencia Espa\u00f1ola de Protecci\u00f3n de Datos. La luz debe colocarse <strong>sobre una superficie plana del veh\u00edculo<\/strong>, idealmente en el techo, para garantizar visibilidad en todas las direcciones y durante varias horas.<\/p>\n<p class=\"voc-p\" style=\"\">Y es que elegir un modelo homologado y usarlo correctamente no es solo cumplir la normativa, sino asegurarse de que, en caso de emergencia, el dispositivo har\u00e1 su trabajo. <strong>Revisar el c\u00f3digo, el distintivo, la conectividad y el registro oficial<\/strong> de la DGT es la forma m\u00e1s segura de evitar sanciones y garantizar que la baliza realmente ayude a prevenir accidentes cuando m\u00e1s se necesita.<\/p>\n","protected":false},"excerpt":{"rendered":"En carretera, una aver\u00eda o un accidente puede convertirse en un momento muy peligroso. Hasta ahora, los conductores&hellip;\n","protected":false},"author":2,"featured_media":251029,"comment_status":"","ping_status":"","sticky":false,"template":"","format":"standard","meta":{"footnotes":""},"categories":[8],"tags":[5760,63581,5849,17,18,3075,1410,63582,814,63583,25,24,1557,13,14,11,63584,19,20,5273,9,10,15,16,789,23,12,21,22],"class_list":{"0":"post-251028","1":"post","2":"type-post","3":"status-publish","4":"format-standard","5":"has-post-thumbnail","7":"category-espana","8":"tag-5760","9":"tag-baliza","10":"tag-barata","11":"tag-breaking-news","12":"tag-breakingnews","13":"tag-coche","14":"tag-comprar","15":"tag-costarte","16":"tag-dgt","17":"tag-diferenciar","18":"tag-es","19":"tag-espana","20":"tag-euros","21":"tag-featured-news","22":"tag-featurednews","23":"tag-headlines","24":"tag-homologadas","25":"tag-latest-news","26":"tag-latestnews","27":"tag-multa","28":"tag-news","29":"tag-noticias","30":"tag-noticias-destacadas","31":"tag-noticiasdestacadas","32":"tag-puede","33":"tag-spain","34":"tag-titulares","35":"tag-ultimas-noticias","36":"tag-ultimasnoticias"},"share_on_mastodon":{"url":"https:\/\/pubeurope.com\/@es\/115597958302929682","error":""},"_links":{"self":[{"href":"https:\/\/www.europesays.com\/es\/wp-json\/wp\/v2\/posts\/251028","targetHints":{"allow":["GET"]}}],"collection":[{"href":"https:\/\/www.europesays.com\/es\/wp-json\/wp\/v2\/posts"}],"about":[{"href":"https:\/\/www.europesays.com\/es\/wp-json\/wp\/v2\/types\/post"}],"author":[{"embeddable":true,"href":"https:\/\/www.europesays.com\/es\/wp-json\/wp\/v2\/users\/2"}],"replies":[{"embeddable":true,"href":"https:\/\/www.europesays.com\/es\/wp-json\/wp\/v2\/comments?post=251028"}],"version-history":[{"count":0,"href":"https:\/\/www.europesays.com\/es\/wp-json\/wp\/v2\/posts\/251028\/revisions"}],"wp:featuredmedia":[{"embeddable":true,"href":"https:\/\/www.europesays.com\/es\/wp-json\/wp\/v2\/media\/251029"}],"wp:attachment":[{"href":"https:\/\/www.europesays.com\/es\/wp-json\/wp\/v2\/media?parent=251028"}],"wp:term":[{"taxonomy":"category","embeddable":true,"href":"https:\/\/www.europesays.com\/es\/wp-json\/wp\/v2\/categories?post=251028"},{"taxonomy":"post_tag","embeddable":true,"href":"https:\/\/www.europesays.com\/es\/wp-json\/wp\/v2\/tags?post=251028"}],"curies":[{"name":"wp","href":"https:\/\/api.w.org\/{rel}","templated":true}]}}