{"id":251030,"date":"2025-11-23T08:00:59","date_gmt":"2025-11-23T08:00:59","guid":{"rendered":"https:\/\/www.europesays.com\/es\/251030\/"},"modified":"2025-11-23T08:00:59","modified_gmt":"2025-11-23T08:00:59","slug":"brillante-tercer-puesto-de-carlos-sainz-en-una-clasificacion-de-las-vegas-marcada-por-la-lluvia","status":"publish","type":"post","link":"https:\/\/www.europesays.com\/es\/251030\/","title":{"rendered":"Brillante tercer puesto de Carlos Sainz en una clasificaci\u00f3n de Las Vegas marcada por la lluvia"},"content":{"rendered":"<p>Viernes, 21 de noviembre de 2025:<br \/>&#13;<br \/>\n&#8211; Entrenamientos Libres 3: P12, 1\u201935\u201d662, 22 vueltas<br \/>&#13;<br \/>\n&#8211;\u00a0Clasificaci\u00f3n: \u00a0P3, 1\u201948\u201d296, 24 vueltas<\/p>\n<ul>&#13;<\/p>\n<li>Carlos Sainz, uno de los grandes protagonistas en la clasificaci\u00f3n del GP de Las Vegas, con un asfalto muy deslizante por una lluvia que ha ca\u00eddo durante toda la Q1 y que ha empapado la pista para el resto de la sesi\u00f3n.<\/li>\n<p>&#13;<\/p>\n<li>El piloto de Williams ha superado la Q1 (1\u201954\u201d873) con el neum\u00e1tico de lluvia extrema y en la Q2 ha recurrido al mismo compuesto para marcar un 1\u201951\u201d144 que le ha permitido destacarse como el tercer piloto m\u00e1s r\u00e1pido de la pista.<\/li>\n<p>&#13;<\/p>\n<li>En la Q3, las condiciones del asfalto han mejorado y Carlos ha rodado con el compuesto intermedio, con el que ha firmado la Pole Position provisional (1\u201948\u201d296) en una vuelta temprana, hasta que dos coches han podido superar su tiempo en el \u00faltimo momento.<\/li>\n<p>&#13;<\/p>\n<li>La determinaci\u00f3n del madrile\u00f1o es m\u00e1xima de cara a la carrera, aunque es consciente de que tiene coches m\u00e1s competitivos que el suyo por detr\u00e1s y es f\u00e1cil adelantar en Las Vegas.<\/li>\n<p>&#13;\n<\/ul>\n<p><strong>DECLARACIONES:<\/strong><br \/>&#13;<br \/>\n\u201c\u00a1Estoy muy contento despu\u00e9s de una de las clasificaciones m\u00e1s complicadas de todo el a\u00f1o! Hoy me he sentido muy c\u00f3modo en el coche desde la primera vuelta; cada vez que terminaba una est\u00e1bamos en la zona alta de la tabla y me lo he pasado muy bien en estas condiciones. Aunque he empezado mi \u00faltimo intento un poco pronto, sab\u00eda que ten\u00eda una opci\u00f3n de disputar la pole \u00a1y por un momento he pensado que la ten\u00eda! Pero dos coches muy r\u00e1pidos que ven\u00edan por detr\u00e1s han podido mejorar y superarnos. Aun as\u00ed, P3 es un resultado genial para el equipo y tenemos que sentirnos orgullosos del trabajo que hemos hecho. Nuestro objetivo para ma\u00f1ana es conservar la posici\u00f3n, siendo conscientes de que tenemos coches muy r\u00e1pidos por detr\u00e1s y que aqu\u00ed es f\u00e1cil adelantar. Nos haremos todo lo anchos que podamos y lo daremos todo. \u00a1Vamos!\u00bb.<\/p>\n<p><strong>PR\u00d3XIMA ACTIVIDAD:<\/strong><br \/>&#13;<br \/>\nS\u00e1bado, 22 de noviembre de 2025:<br \/>&#13;<br \/>\n&#8211; Carrera: 20:00 hora local (05:00 CET)<\/p>\n","protected":false},"excerpt":{"rendered":"Viernes, 21 de noviembre de 2025:&#13; &#8211; Entrenamientos Libres 3: P12, 1\u201935\u201d662, 22 vueltas&#13; &#8211;\u00a0Clasificaci\u00f3n: \u00a0P3, 1\u201948\u201d296, 24&hellip;\n","protected":false},"author":2,"featured_media":251031,"comment_status":"","ping_status":"","sticky":false,"template":"","format":"standard","meta":{"footnotes":""},"categories":[5],"tags":[17,18,307,25,24,629,306,13,14,271,54288,63585,11,63586,19,20,9,10,15,16,23,12,21,22,308],"class_list":{"0":"post-251030","1":"post","2":"type-post","3":"status-publish","4":"format-standard","5":"has-post-thumbnail","7":"category-titulares","8":"tag-breaking-news","9":"tag-breakingnews","10":"tag-carlos-sainz","11":"tag-es","12":"tag-espana","13":"tag-estados-unidos","14":"tag-f1","15":"tag-featured-news","16":"tag-featurednews","17":"tag-formula-1","18":"tag-fw37","19":"tag-gp-las-vegas","20":"tag-headlines","21":"tag-las-vegas-gp","22":"tag-latest-news","23":"tag-latestnews","24":"tag-news","25":"tag-noticias","26":"tag-noticias-destacadas","27":"tag-noticiasdestacadas","28":"tag-spain","29":"tag-titulares","30":"tag-ultimas-noticias","31":"tag-ultimasnoticias","32":"tag-williams"},"share_on_mastodon":{"url":"","error":""},"_links":{"self":[{"href":"https:\/\/www.europesays.com\/es\/wp-json\/wp\/v2\/posts\/251030","targetHints":{"allow":["GET"]}}],"collection":[{"href":"https:\/\/www.europesays.com\/es\/wp-json\/wp\/v2\/posts"}],"about":[{"href":"https:\/\/www.europesays.com\/es\/wp-json\/wp\/v2\/types\/post"}],"author":[{"embeddable":true,"href":"https:\/\/www.europesays.com\/es\/wp-json\/wp\/v2\/users\/2"}],"replies":[{"embeddable":true,"href":"https:\/\/www.europesays.com\/es\/wp-json\/wp\/v2\/comments?post=251030"}],"version-history":[{"count":0,"href":"https:\/\/www.europesays.com\/es\/wp-json\/wp\/v2\/posts\/251030\/revisions"}],"wp:featuredmedia":[{"embeddable":true,"href":"https:\/\/www.europesays.com\/es\/wp-json\/wp\/v2\/media\/251031"}],"wp:attachment":[{"href":"https:\/\/www.europesays.com\/es\/wp-json\/wp\/v2\/media?parent=251030"}],"wp:term":[{"taxonomy":"category","embeddable":true,"href":"https:\/\/www.europesays.com\/es\/wp-json\/wp\/v2\/categories?post=251030"},{"taxonomy":"post_tag","embeddable":true,"href":"https:\/\/www.europesays.com\/es\/wp-json\/wp\/v2\/tags?post=251030"}],"curies":[{"name":"wp","href":"https:\/\/api.w.org\/{rel}","templated":true}]}}