{"id":251032,"date":"2025-11-23T08:05:08","date_gmt":"2025-11-23T08:05:08","guid":{"rendered":"https:\/\/www.europesays.com\/es\/251032\/"},"modified":"2025-11-23T08:05:08","modified_gmt":"2025-11-23T08:05:08","slug":"golf-el-tacuru-ya-tiene-a-sus-nuevos-campeones","status":"publish","type":"post","link":"https:\/\/www.europesays.com\/es\/251032\/","title":{"rendered":"Golf: el Tacur\u00fa ya tiene a sus nuevos campeones"},"content":{"rendered":"<p>Se cerr\u00f3 esta tarde otra edici\u00f3n del Campeonato del \tClub con una muy buena concurrencia a lo largo de la semana, sana costumbre de este evento que marca el calendario en la provincia<\/p>\n<p>\n        s\u00e1bado 22 de noviembre de 2025 | 22:19hs.\n    <\/p>\n<p>En la categor\u00eda principal de caballeros, Dante Damico levant\u00f3 la copa principal despu\u00e9s de bajar en la final a Tom\u00e1s Beitia por un contundente 6 y 5 en el marcador. Adem\u00e1s, en Damas, la vencedora fue Iara Abraham (14\/13) tras una enorme batalla librada con la experimentada Natalia Ghione.\u00a0<\/p>\n<p>Por otra parte, la 0 a 9 de handicap qued\u00f3 en manos de Ernesto Ferreira, la 10 a 16 fue de Rodolfo Antueno, la 17 a 24 coron\u00f3 a Jos\u00e9 Guida, la 25 a 54 a Mart\u00edn Garc\u00eda y Agustina Camblong se llev\u00f3 el premio en la segunda categor\u00eda de Damas.\u00a0<\/p>\n<p>Vale recordar que la tradicional competencia se inici\u00f3 el s\u00e1bado 15 de noviembre con la clasificaci\u00f3n en la modalidad medal play y, a lo largo de la semana, se dieron las eliminaciones en formato match play en las siete categor\u00edas.\u00a0<\/p>\n<p>A partir de esta edici\u00f3n los campeones de las categor\u00edas principales son condecorados con un saco especial, por lo que Dante Damico fue el primer caballero en recibir tama\u00f1a distinci\u00f3n, justo antes de partir a Estados Unidos para iniciar sus estudios. Tambi\u00e9n lo fue para Iara que materializ\u00f3 un enorme presente.\u00a0<\/p>\n<p>Por otra parte, se jug\u00f3 un torneo complementario en formato medal play, a 18 hoyos, con cinco categor\u00edas, incluyendo Damas y Novicios.\u00a0<\/p>\n<p>La jornada culmin\u00f3 con una gran entrega de premios y el tradicional Hoyo 19 en las instalaciones del club capitalino. \u201cEste a\u00f1o fueron 110 los inscriptos en siete categor\u00edas distintas en donde clasificaron ocho por cada una en el cuadro principal. La semana fue de enorme satisfacci\u00f3n, con mucho golf por el campo\u201d, remarc\u00f3 Mat\u00edas S\u00e1nchez, organizador. <\/p>\n","protected":false},"excerpt":{"rendered":"Se cerr\u00f3 esta tarde otra edici\u00f3n del Campeonato del Club con una muy buena concurrencia a lo largo&hellip;\n","protected":false},"author":2,"featured_media":251033,"comment_status":"","ping_status":"","sticky":false,"template":"","format":"standard","meta":{"footnotes":""},"categories":[275],"tags":[168,25,24,329,23,167],"class_list":{"0":"post-251032","1":"post","2":"type-post","3":"status-publish","4":"format-standard","5":"has-post-thumbnail","7":"category-golf","8":"tag-deportes","9":"tag-es","10":"tag-espana","11":"tag-golf","12":"tag-spain","13":"tag-sports"},"share_on_mastodon":{"url":"https:\/\/pubeurope.com\/@es\/115597981997042939","error":""},"_links":{"self":[{"href":"https:\/\/www.europesays.com\/es\/wp-json\/wp\/v2\/posts\/251032","targetHints":{"allow":["GET"]}}],"collection":[{"href":"https:\/\/www.europesays.com\/es\/wp-json\/wp\/v2\/posts"}],"about":[{"href":"https:\/\/www.europesays.com\/es\/wp-json\/wp\/v2\/types\/post"}],"author":[{"embeddable":true,"href":"https:\/\/www.europesays.com\/es\/wp-json\/wp\/v2\/users\/2"}],"replies":[{"embeddable":true,"href":"https:\/\/www.europesays.com\/es\/wp-json\/wp\/v2\/comments?post=251032"}],"version-history":[{"count":0,"href":"https:\/\/www.europesays.com\/es\/wp-json\/wp\/v2\/posts\/251032\/revisions"}],"wp:featuredmedia":[{"embeddable":true,"href":"https:\/\/www.europesays.com\/es\/wp-json\/wp\/v2\/media\/251033"}],"wp:attachment":[{"href":"https:\/\/www.europesays.com\/es\/wp-json\/wp\/v2\/media?parent=251032"}],"wp:term":[{"taxonomy":"category","embeddable":true,"href":"https:\/\/www.europesays.com\/es\/wp-json\/wp\/v2\/categories?post=251032"},{"taxonomy":"post_tag","embeddable":true,"href":"https:\/\/www.europesays.com\/es\/wp-json\/wp\/v2\/tags?post=251032"}],"curies":[{"name":"wp","href":"https:\/\/api.w.org\/{rel}","templated":true}]}}