{"id":251034,"date":"2025-11-23T08:07:08","date_gmt":"2025-11-23T08:07:08","guid":{"rendered":"https:\/\/www.europesays.com\/es\/251034\/"},"modified":"2025-11-23T08:07:08","modified_gmt":"2025-11-23T08:07:08","slug":"debe-seguir-siendo-un-deporte-libre","status":"publish","type":"post","link":"https:\/\/www.europesays.com\/es\/251034\/","title":{"rendered":"\u201cDebe seguir siendo un deporte libre\u201d"},"content":{"rendered":"<p data-mrf-recirculation=\"Links P\u00e1rrafos\" class=\"ue-c-article__paragraph paragraph ue-c-article--first-letter-highlighted\">Javier <strong>Guill\u00e9n,<\/strong> reci\u00e9n nombrado presidente de la AIOCC y m\u00e1ximo responsable de la<strong> Vuelta a Espa\u00f1a<\/strong>, dej\u00f3 claro tras su elecci\u00f3n que no comparte la idea de cobrar entrada para ver ciclismo en carretera. Para \u00e9l, uno de los pilares del deporte es precisamente su acceso gratuito.<\/p>\n<p>Las claves por las que LaVuelta no terminar\u00e1 en Canarias: \u201cNosotros ten\u00edamos dos l\u00edneas rojas\u201d<\/p>\n<p data-mrf-recirculation=\"Links P\u00e1rrafos\" class=\"ue-c-article__paragraph paragraph\"><strong>\u201cEs algo con lo que no estoy de acuerdo\u201d, se\u00f1al\u00f3 en una comparecencia recogida por Cyclingnews.<\/strong> \u201cEl ciclismo es un deporte libre, se disputa en carreteras abiertas y cualquiera puede verlo. Una parte de mi trabajo es mantenerlo as\u00ed, como siempre ha sido\u201d.<\/p>\n<p data-mrf-recirculation=\"Links P\u00e1rrafos\" class=\"ue-c-article__paragraph paragraph\">Guill\u00e9n, que sustituye a Christian Prudhomme al frente de la asociaci\u00f3n de organizadores, coincide as\u00ed con la postura expresada recientemente desde ASO: el ticketing no est\u00e1 sobre la mesa. Aun as\u00ed, el debate lleva semanas agitando el pelot\u00f3n. Voces como J\u00e9r\u00f4me Pineau han sugerido cobrar en lugares ic\u00f3nicos como el Alpe d\u2019Huez, mientras que Filippo Pozzato defiende que ser\u00eda \u201cla \u00fanica v\u00eda\u201d para asegurar el futuro econ\u00f3mico. Otros, como Marc Madiot, se rebelan: \u201cSomos el \u00faltimo gran deporte gratuito. Esa es nuestra fuerza\u201d.<\/p>\n<p data-mrf-recirculation=\"Links P\u00e1rrafos\" class=\"ue-c-article__paragraph paragraph\">El director de la Vuelta, al frente desde 2008, tambi\u00e9n rechaz\u00f3 que las carreras deban repartir sus ingresos actuales con los equipos con m\u00e1s dificultades financieras. \u201cNo se trata de compartir lo que ya tenemos, sino de buscar nuevos modelos que aumenten los ingresos de todos\u201d, expuso. \u201cSi repartimos lo existente, nadie sale fortalecido\u201d.<\/p>\n<p>Mirando al futuro<\/p>\n<p data-mrf-recirculation=\"Links P\u00e1rrafos\" class=\"ue-c-article__paragraph paragraph\">En cambio, mostr\u00f3 m\u00e1s predisposici\u00f3n a seguir hablando sobre un posible l\u00edmite salarial. \u201cEs un debate abierto y debemos continuarlo con la UCI y los equipos. El ciclismo tiene que seguir reflexionando sobre sus problemas\u201d, afirm\u00f3, despu\u00e9s de que Emmanuel Hubert pidiera un tope tras la desaparici\u00f3n de Ark\u00e9a-B&amp;B Hotels.<\/p>\n<p data-mrf-recirculation=\"Links P\u00e1rrafos\" class=\"ue-c-article__paragraph paragraph\">Guill\u00e9n tambi\u00e9n se refiri\u00f3 al caso del antiguo<strong> Israel-Premier Tech,<\/strong> rebrandeado como <strong>NSN Cycling Team de cara a 2026<\/strong>. Conf\u00eda en que el cambio contribuya a evitar protestas como las vividas en la \u00faltima edici\u00f3n de LaVuelta. \u201cTodos saben por qu\u00e9 era necesario. Lo que queremos es paz en el ciclismo, y creo que este paso ayudar\u00e1\u201d, coment\u00f3 a WielerFlits.<\/p>\n<p data-mrf-recirculation=\"Links P\u00e1rrafos\" class=\"ue-c-article__paragraph paragraph\">Adem\u00e1s del relevo en la presidencia, la AIOCC confirm\u00f3 otro movimiento destacado: Thierry Gouvenou, director t\u00e9cnico del Tour, asumir\u00e1 la vicepresidencia en sustituci\u00f3n de Wim Van Herreweghe.<\/p>\n","protected":false},"excerpt":{"rendered":"Javier Guill\u00e9n, reci\u00e9n nombrado presidente de la AIOCC y m\u00e1ximo responsable de la Vuelta a Espa\u00f1a, dej\u00f3 claro&hellip;\n","protected":false},"author":2,"featured_media":251035,"comment_status":"","ping_status":"","sticky":false,"template":"","format":"standard","meta":{"footnotes":""},"categories":[273],"tags":[313,312,168,25,24,23,167],"class_list":{"0":"post-251034","1":"post","2":"type-post","3":"status-publish","4":"format-standard","5":"has-post-thumbnail","7":"category-ciclismo","8":"tag-ciclismo","9":"tag-cycling","10":"tag-deportes","11":"tag-es","12":"tag-espana","13":"tag-spain","14":"tag-sports"},"share_on_mastodon":{"url":"https:\/\/pubeurope.com\/@es\/115597989827394944","error":""},"_links":{"self":[{"href":"https:\/\/www.europesays.com\/es\/wp-json\/wp\/v2\/posts\/251034","targetHints":{"allow":["GET"]}}],"collection":[{"href":"https:\/\/www.europesays.com\/es\/wp-json\/wp\/v2\/posts"}],"about":[{"href":"https:\/\/www.europesays.com\/es\/wp-json\/wp\/v2\/types\/post"}],"author":[{"embeddable":true,"href":"https:\/\/www.europesays.com\/es\/wp-json\/wp\/v2\/users\/2"}],"replies":[{"embeddable":true,"href":"https:\/\/www.europesays.com\/es\/wp-json\/wp\/v2\/comments?post=251034"}],"version-history":[{"count":0,"href":"https:\/\/www.europesays.com\/es\/wp-json\/wp\/v2\/posts\/251034\/revisions"}],"wp:featuredmedia":[{"embeddable":true,"href":"https:\/\/www.europesays.com\/es\/wp-json\/wp\/v2\/media\/251035"}],"wp:attachment":[{"href":"https:\/\/www.europesays.com\/es\/wp-json\/wp\/v2\/media?parent=251034"}],"wp:term":[{"taxonomy":"category","embeddable":true,"href":"https:\/\/www.europesays.com\/es\/wp-json\/wp\/v2\/categories?post=251034"},{"taxonomy":"post_tag","embeddable":true,"href":"https:\/\/www.europesays.com\/es\/wp-json\/wp\/v2\/tags?post=251034"}],"curies":[{"name":"wp","href":"https:\/\/api.w.org\/{rel}","templated":true}]}}