{"id":251038,"date":"2025-11-23T08:10:15","date_gmt":"2025-11-23T08:10:15","guid":{"rendered":"https:\/\/www.europesays.com\/es\/251038\/"},"modified":"2025-11-23T08:10:15","modified_gmt":"2025-11-23T08:10:15","slug":"todo-al-tridente-de-oro","status":"publish","type":"post","link":"https:\/\/www.europesays.com\/es\/251038\/","title":{"rendered":"Todo al tridente de oro"},"content":{"rendered":"<p class=\"\">Se cierne <b>sobre el Mart\u00ednez Valero todo el poder ofensivo del Real Madrid<\/b>. El par\u00f3n internacional no ha dejado damnificados en la vanguardia blanca (no as\u00ed atr\u00e1s, con la lesi\u00f3n de Militao) y el mejor ejemplo es<b> Kylian Mbapp\u00e9<\/b>, que <a href=\"https:\/\/as.com\/futbol\/internacional\/mbappe-vuelve-a-madrid-f202511-n\/\" target=\"_self\" rel=\"nofollow noopener\" title=\"https:\/\/as.com\/futbol\/internacional\/mbappe-vuelve-a-madrid-f202511-n\/\">se volvi\u00f3 tras el primer partido con Francia por <b>una leve inflamaci\u00f3n de tobillo<\/b><\/a> que es historia. Ayer, tras el jueves de descanso concedido por Xabi para recargar pilas, luci\u00f3 en perfecto estado de revista. En las im\u00e1genes que distribuy\u00f3 el club se puede ver incluso a Kylian realizando remates acrob\u00e1ticos. <\/p>\n<p class=\"\">Esa molestia tras salirse en el 4-0 frente a Ucrania (doblete y asistencia) y ausentarse por ella contra Azerbaiy\u00e1n para volver a Madrid es cosa del pasado. Mbapp\u00e9 formar\u00e1 <b>parte del tridente de lujo madridista en Elche junto a Vinicius y Bellingham<\/b>. El primero no tuvo que sufrir las incomodidades de un desplazamiento transoce\u00e1nico y disput\u00f3 al completo los dos partidos de Brasil frente Senegal (2-0) en Londres y T\u00fanez (1-1) en Lille. <b>Confianza m\u00e1xima en \u00e9l por parte de Ancelotti<\/b>. Continuidad para Vini que en Vallecas y Liverpool tambi\u00e9n jug\u00f3 esos partidos al completo tras una racha en la que hab\u00eda sido sustituido en tres partidos previos y suplente directamente en otro (el de Getafe).<\/p>\n<p><a href=\"https:\/\/as.com\/resultados\/ficha\/equipo\/real_madrid\/1\/\" rel=\"nofollow noopener\" target=\"_blank\"><img decoding=\"async\" src=\"https:\/\/www.europesays.com\/es\/wp-content\/uploads\/2025\/11\/1763885411_941_1.png\" alt=\"Todo al tridente de oro\" height=\"80\" width=\"80\"  loading=\"lazy\" data-error-image=\"https:\/\/static.as.com\/dist\/resources\/images\/placeholder-team.png\"\/><\/a><\/p>\n<p class=\"\">Una situaci\u00f3n muy diferente a la de su compa\u00f1ero en ambos planteles, el Real Madrid y la canarinha, como es <b>Rodrygo<\/b>. El 11 s\u00f3lo ha tenido el 25% de los minutos posibles con Xabi&#8230; <a href=\"https:\/\/as.com\/futbol\/primera\/los-dos-mundos-de-rodrygo-f202511-n\/\" target=\"_self\" rel=\"nofollow noopener\" title=\"https:\/\/as.com\/futbol\/primera\/los-dos-mundos-de-rodrygo-f202511-n\/\">mientras Carletto le ha dado el 90% con su selecci\u00f3n<\/a>. Mundos paralelos, los de Vini y Rodry, pero con resultados completamente distintos.<\/p>\n<p><img decoding=\"async\" src=\"https:\/\/www.europesays.com\/es\/wp-content\/uploads\/2025\/11\/C4V3ECMUQNER5CTS4BBGNXCZB4.png\" alt=\"Todo al tridente de oro\" height=\"698\" width=\"1047\"   loading=\"lazy\"\/>Real MadridJude, como flamante MVP <\/p>\n<p class=\"\">El par\u00f3n tampoco le ha ido mal a Bellingham. Jude, pese a ser objeto de otro sorprendente dardo de Tuchel, sac\u00f3 rendimiento al 0-2 a Albania hasta el punto de que<b> fue elegido MVP de la victoria inglesa<\/b>. Acicate para este retorno liguero, donde marc\u00f3 en dos de las tres \u00faltimas jornadas, entre ellas el Cl\u00e1sico del Bernab\u00e9u.<\/p>\n<p>Noticias relacionadas<a href=\"https:\/\/as.com\/futbol\/el-bernabeu-abre-otra-dimension-f202511-n\/\" class=\"s_m_w _rt-16x9\" title=\"El Real Madrid y Apple firman una alianza de tecnolog\u00eda puntera. \u201cTrabajamos en el \u2018Bernab\u00e9u Infinito\u2019, una experiencia inmersiva\u201d, anunci\u00f3 Florentino P\u00e9rez.\" data-tb-link=\"\" rel=\"nofollow noopener\" target=\"_blank\"><img decoding=\"async\" src=\"https:\/\/www.europesays.com\/es\/wp-content\/uploads\/2025\/11\/HMFPVI5HVJEYLBOMJDIKTQ7SRA.jpg\" alt=\"El Bernab\u00e9u \u201cabre otra dimensi\u00f3n\u201d\" class=\"\" height=\"9\" width=\"16\"   loading=\"lazy\" data-tb-thumbnail=\"\"\/><\/a><a href=\"https:\/\/as.com\/futbol\/por-fin-una-alegria-para-alaba-f202511-n\/\" class=\"s_m_w _rt-16x9\" title=\"Ha logrado el hist\u00f3rico billete de Austria para el Mundial, donde lucir\u00e1 el brazalete. Otro acicate personal con su continuidad en el Madrid en el aire.   \" data-tb-link=\"\" rel=\"nofollow noopener\" target=\"_blank\"><img decoding=\"async\" src=\"https:\/\/www.europesays.com\/es\/wp-content\/uploads\/2025\/11\/1763885415_618_HJEZPZ67G5ONVGWSTUBD7TVXCU.jpg\" alt=\"Por fin una alegr\u00eda para Alaba \" class=\"\" height=\"9\" width=\"16\"   loading=\"lazy\" data-tb-thumbnail=\"\"\/><\/a><\/p>\n<p class=\"\">Del resto de tocados, todos prosiguieron su esperada puesta a punto para el duelo del ma\u00f1ana. <b>Courtois, Huijsen, Valverde y Camavinga perfilan su recuperaci\u00f3n definitiva pero los cuatro estar\u00e1n disponibles para Xabi contra el Elche<\/b>. La \u00fanica duda es si Tchouameni lograr\u00e1 engancharse a tiempo. <\/p>\n<p class=\"\"><b>\u00a1Tus opiniones importan!<\/b> Comenta en los art\u00edculos y suscr\u00edbete gratis a nuestra <a href=\"https:\/\/asfan.as.com\/newsletters\/\" target=\"_blank\" rel=\"nofollow noopener\" title=\"https:\/\/asfan.as.com\/newsletters\/\">newsletter<\/a> y a las alertas informativas en la <a href=\"https:\/\/as.com\/aplicacion-de-as-n\/\" target=\"_blank\" rel=\"nofollow noopener\" title=\"https:\/\/as.com\/aplicacion-de-as-n\/\">App<\/a> o el canal de <a href=\"https:\/\/www.whatsapp.com\/channel\/0029VaAasdA7j6g745nz9M10\" target=\"_blank\" rel=\"nofollow noopener\" title=\"https:\/\/www.whatsapp.com\/channel\/0029VaAasdA7j6g745nz9M10\">WhatsApp<\/a>. \u00bfBuscas licenciar contenido? Haz clic <a href=\"https:\/\/profesional.elpais.com\/soluciones-sindicacion?utm_medium=interno&amp;utm_source=crosslinking&amp;utm_campaign=sindicacion_as_pie_articulos\" target=\"_blank\" rel=\"nofollow noopener\" title=\"https:\/\/profesional.elpais.com\/soluciones-sindicacion?utm_medium=interno&amp;utm_source=crosslinking&amp;utm_campaign=sindicacion_as_pie_articulos\">aqu\u00ed<\/a><\/p>\n","protected":false},"excerpt":{"rendered":"Se cierne sobre el Mart\u00ednez Valero todo el poder ofensivo del Real Madrid. El par\u00f3n internacional no ha&hellip;\n","protected":false},"author":2,"featured_media":251039,"comment_status":"","ping_status":"","sticky":false,"template":"","format":"standard","meta":{"footnotes":""},"categories":[268],"tags":[168,25,24,280,282,281,23,167],"class_list":{"0":"post-251038","1":"post","2":"type-post","3":"status-publish","4":"format-standard","5":"has-post-thumbnail","7":"category-futbol","8":"tag-deportes","9":"tag-es","10":"tag-espana","11":"tag-football","12":"tag-futbol","13":"tag-soccer","14":"tag-spain","15":"tag-sports"},"share_on_mastodon":{"url":"https:\/\/pubeurope.com\/@es\/115598002737150597","error":""},"_links":{"self":[{"href":"https:\/\/www.europesays.com\/es\/wp-json\/wp\/v2\/posts\/251038","targetHints":{"allow":["GET"]}}],"collection":[{"href":"https:\/\/www.europesays.com\/es\/wp-json\/wp\/v2\/posts"}],"about":[{"href":"https:\/\/www.europesays.com\/es\/wp-json\/wp\/v2\/types\/post"}],"author":[{"embeddable":true,"href":"https:\/\/www.europesays.com\/es\/wp-json\/wp\/v2\/users\/2"}],"replies":[{"embeddable":true,"href":"https:\/\/www.europesays.com\/es\/wp-json\/wp\/v2\/comments?post=251038"}],"version-history":[{"count":0,"href":"https:\/\/www.europesays.com\/es\/wp-json\/wp\/v2\/posts\/251038\/revisions"}],"wp:featuredmedia":[{"embeddable":true,"href":"https:\/\/www.europesays.com\/es\/wp-json\/wp\/v2\/media\/251039"}],"wp:attachment":[{"href":"https:\/\/www.europesays.com\/es\/wp-json\/wp\/v2\/media?parent=251038"}],"wp:term":[{"taxonomy":"category","embeddable":true,"href":"https:\/\/www.europesays.com\/es\/wp-json\/wp\/v2\/categories?post=251038"},{"taxonomy":"post_tag","embeddable":true,"href":"https:\/\/www.europesays.com\/es\/wp-json\/wp\/v2\/tags?post=251038"}],"curies":[{"name":"wp","href":"https:\/\/api.w.org\/{rel}","templated":true}]}}