{"id":251042,"date":"2025-11-23T08:12:11","date_gmt":"2025-11-23T08:12:11","guid":{"rendered":"https:\/\/www.europesays.com\/es\/251042\/"},"modified":"2025-11-23T08:12:11","modified_gmt":"2025-11-23T08:12:11","slug":"tengo-muchas-ideas-cada-dia-es-un-regalo","status":"publish","type":"post","link":"https:\/\/www.europesays.com\/es\/251042\/","title":{"rendered":"\u00abTengo muchas ideas, cada d\u00eda es un regalo\u00bb"},"content":{"rendered":"<p>\u00abHay d\u00edas as\u00ed, que con el primer toque de pincel en el lienzo sale todo lo dem\u00e1s\u00bb, dice. Esta reflexi\u00f3n le nace a Gelu Albu (Ruman\u00eda, 1969) al toparse con el retrato de una de sus dos hijas. Tiene varios, pero <strong>hay uno en concreto que le sali\u00f3 as\u00ed sin parar en un d\u00eda delante del lienzo<\/strong>. La explicaci\u00f3n est\u00e1 en las ganas que ten\u00eda de reproducir en \u00f3leo una fotograf\u00eda que hab\u00eda tomado y le gust\u00f3. <\/p>\n<p>Los retratos se mezclan en las paredes con muchas pinturas de paisajes de monta\u00f1a, de bosques, de campo con animales e incluso mar\u00edtimos. <strong>Comenz\u00f3 en su Ruman\u00eda natal siendo un adolescente pintando atardeceres, amaneceres y tambi\u00e9n carteles de s\u00faper h\u00e9roes de la \u00e9poca<\/strong>. \u00abGustaban mucho. Los amigos me preguntaban que a cu\u00e1nto los vend\u00eda\u00bb, recuerda divertido. En casa eran diez hermanos y toda la ayuda era bienvenida, por lo que siendo igual de adolescente comenz\u00f3 a trabajar como pe\u00f3n. Empez\u00f3 en una empresa sider\u00fargica con 16.000 empleados y todav\u00eda se acuerda de las jornadas agarrado al martillo hidr\u00e1ulico. As\u00ed eran sus ma\u00f1anas, y<strong> tres tardes semanales cog\u00eda un autob\u00fas para ir a una escuela de artes a media hora de casa<\/strong>. \u00abAprend\u00ed much\u00edsimo todo lo que tiene que ver con la perspectiva, el retrato\u2026 con todo. Ese tiempo me di el gusto porque me lo pagaba yo todo y <strong>seguir por ese camino significaba dejar de trabajar y no pod\u00eda ser<\/strong>. Eso siempre se me qued\u00f3 dentro\u00bb, a\u00f1ade. <\/p>\n<p>Volvi\u00f3 a darse el gusto cuando lleg\u00f3 a Espa\u00f1a con su esposa Erika y su hija Anca en 2002. <strong>Una vez instalados en Caspe<\/strong>, se apunt\u00f3 a las clases que <a href=\"https:\/\/www.lacomarca.net\/encontrarte-maria-piazuelo-nina-decia-queria-hacer-mis-cuentos-pintarlos-no-descarto\/\" data-type=\"post\" data-id=\"609257\" rel=\"nofollow noopener\" target=\"_blank\">impart\u00eda Mar\u00eda Piazuelo<\/a> primero en la Casa de Cultura y m\u00e1s tarde en su estudio. Despu\u00e9s tuvo de <a href=\"https:\/\/www.lacomarca.net\/encontrarte-alvaro-clavero-mundo-lleno-cosas-maravillosas\/\" data-type=\"post\" data-id=\"642948\" rel=\"nofollow noopener\" target=\"_blank\">maestro a \u00c1lvaro Clavero en Indavi.<\/a> \u00abMe gust\u00f3 mucho con los dos porque aprendes, te gu\u00edan y <strong>cuando est\u00e1s con m\u00e1s gente te motivas mucho<\/strong>, porque ir a clases implica organizarte con jornadas muy largas de trabajo. Yo entonces era alba\u00f1il y a veces se hac\u00eda duro\u00bb, dice. \u00abAll\u00ed \u00e9l se encontraba muy bien, le hac\u00eda bien ir con el grupo\u00bb, a\u00f1ade Erika, su esposa. \u00abYo soy la \u00fanica que no pinta, pero estoy muy orgullosa de todos\u00bb, sonr\u00ede. <\/p>\n<p>Durante algunos a\u00f1os, la hija mayor acompa\u00f1\u00f3 al padre a clases y hasta hicieron una exposici\u00f3n juntos con el resto de alumnos en El Quijote. Se le daba bien, pero en cuanto cogi\u00f3 una c\u00e1mara, ella y quienes vieron sus primeras fotos, detectaron que su camino era el de la fotograf\u00eda. En 2003 naci\u00f3 Isabel, que ahora est\u00e1 explorando la ruta de la ilustraci\u00f3n y el dise\u00f1o. <strong>Tras una breve estancia en Calanda, hace tres a\u00f1os se mudaron a La Puebla de H\u00edjar <\/strong>donde el matrimonio ha puesto todo su buen hacer en poner la casa al gusto de todos. La mano del artista se nota en muchos detalles. <\/p>\n<p>Talla en madera <\/p>\n<p>Entre las pinturas hay <strong>varias esculturas en madera<\/strong>. <strong>Son suyas y est\u00e1n talladas con motosierra<\/strong>. \u00abSi veo el tronco y veo que hay algo dentro, lo saco\u2026 Salir sale\u00bb, r\u00ede. Las que guarda son peque\u00f1as, pero <strong>hace unos a\u00f1os tall\u00f3 un \u00cdcaro de m\u00e1s de dos metros de altura<\/strong> y guarda fotos del proceso. Solo \u00e9l lo ve\u00eda y, efectivamente, ah\u00ed estaba esperando a que alguien lo sacara del tronco con sus alas desplegadas. \u00abLo fui haciendo cuando pod\u00eda despu\u00e9s de acabar de trabajar y fines de semana\u00bb, recuerda. El traslado a la finca en la que vivi\u00f3 hasta que se ech\u00f3 a perder la madera, se hizo con pala excavadora. \u00abEra imposible moverlo con lo que pesaba\u00bb, advierte. <\/p>\n<p>Varias operaciones y dolores de espalda le obligaron a retirarse antes de hora. <strong>Quiere retomar su pintura en serio y tiene su espacio<\/strong>. Le esperan lienzos, las ganas de darle otra oportunidad al acr\u00edlico que en su momento no le gust\u00f3, y unas cu\u00e1ntas ideas. \u00abMe encantar\u00eda volver a exponer pero tengo que pintar m\u00e1s, hacer obra nueva, y eso suceder\u00e1. Tengo mi espacio y los materiales, solo falta el momento pero llegar\u00e1\u00bb, avisa. <strong>Le gustar\u00eda retomar las clases y, a poder ser, en La Puebla si hubiese m\u00e1s gente interesada<\/strong> pero, de momento, solo hay infantil. Se intent\u00f3 pero no sali\u00f3 grupo de adultos, aunque no desiste y est\u00e1 atento.<\/p>\n<p>Se acuerda del profesor en Ruman\u00eda que les recomendaba<strong> no dejar pasar un d\u00eda sin dibujar<\/strong>. \u00abDec\u00eda que <strong>hici\u00e9ramos cualquier cosa, aunque fuera mirarte la mano y dibujar un dedo<\/strong>. Ten\u00eda raz\u00f3n, y creo que si tienes talento es un pecado no seguir ese camino, pero depende de las posibilidades de cada uno. No hacemos lo que queremos, sino lo que podemos\u00bb, apunta. \u00abEs dif\u00edcil aplicar eso en el d\u00eda a d\u00eda pero ahora <strong>es lo que quiero. Tengo m\u00e1s tiempo y muchas ganas porque cada d\u00eda es un regalo<\/strong>\u00bb, concluye.<\/p>\n","protected":false},"excerpt":{"rendered":"\u00abHay d\u00edas as\u00ed, que con el primer toque de pincel en el lienzo sale todo lo dem\u00e1s\u00bb, dice.&hellip;\n","protected":false},"author":2,"featured_media":251043,"comment_status":"","ping_status":"","sticky":false,"template":"","format":"standard","meta":{"footnotes":""},"categories":[173],"tags":[229,233,231,230,232,234,146,147,25,24,23],"class_list":{"0":"post-251042","1":"post","2":"type-post","3":"status-publish","4":"format-standard","5":"has-post-thumbnail","7":"category-arte-y-diseno","8":"tag-arte","9":"tag-arte-y-diseno","10":"tag-arts","11":"tag-arts-and-design","12":"tag-design","13":"tag-diseno","14":"tag-entertainment","15":"tag-entretenimiento","16":"tag-es","17":"tag-espana","18":"tag-spain"},"share_on_mastodon":{"url":"https:\/\/pubeurope.com\/@es\/115598009474295421","error":""},"_links":{"self":[{"href":"https:\/\/www.europesays.com\/es\/wp-json\/wp\/v2\/posts\/251042","targetHints":{"allow":["GET"]}}],"collection":[{"href":"https:\/\/www.europesays.com\/es\/wp-json\/wp\/v2\/posts"}],"about":[{"href":"https:\/\/www.europesays.com\/es\/wp-json\/wp\/v2\/types\/post"}],"author":[{"embeddable":true,"href":"https:\/\/www.europesays.com\/es\/wp-json\/wp\/v2\/users\/2"}],"replies":[{"embeddable":true,"href":"https:\/\/www.europesays.com\/es\/wp-json\/wp\/v2\/comments?post=251042"}],"version-history":[{"count":0,"href":"https:\/\/www.europesays.com\/es\/wp-json\/wp\/v2\/posts\/251042\/revisions"}],"wp:featuredmedia":[{"embeddable":true,"href":"https:\/\/www.europesays.com\/es\/wp-json\/wp\/v2\/media\/251043"}],"wp:attachment":[{"href":"https:\/\/www.europesays.com\/es\/wp-json\/wp\/v2\/media?parent=251042"}],"wp:term":[{"taxonomy":"category","embeddable":true,"href":"https:\/\/www.europesays.com\/es\/wp-json\/wp\/v2\/categories?post=251042"},{"taxonomy":"post_tag","embeddable":true,"href":"https:\/\/www.europesays.com\/es\/wp-json\/wp\/v2\/tags?post=251042"}],"curies":[{"name":"wp","href":"https:\/\/api.w.org\/{rel}","templated":true}]}}