{"id":251048,"date":"2025-11-23T08:16:09","date_gmt":"2025-11-23T08:16:09","guid":{"rendered":"https:\/\/www.europesays.com\/es\/251048\/"},"modified":"2025-11-23T08:16:09","modified_gmt":"2025-11-23T08:16:09","slug":"disney-rehace-la-mano-que-mece-la-cuna-ahora-la-ninera-seduce-a-la-madre-libertad-digital","status":"publish","type":"post","link":"https:\/\/www.europesays.com\/es\/251048\/","title":{"rendered":"Disney rehace &#8216;La mano que mece la cuna&#8217;, ahora la ni\u00f1era seduce a la madre &#8211; Libertad Digital"},"content":{"rendered":"<p>La decisi\u00f3n de <strong>contratar a alguien para que cuide de nuestros hijos<\/strong> mientras estamos en el trabajo no es nada f\u00e1cil. Siempre surgen desconfianzas y recelos, no es para menos, estamos confiando lo que m\u00e1s queremos a un extra\u00f1o. A principios de los a\u00f1os 90, en 1992 para ser exactos, se estren\u00f3 una pel\u00edcula que causaba aut\u00e9ntico desasosiego, <strong>La mano que mece la cuna<\/strong>.<\/p>\n<p>La historia era la de una mujer que pierde a su hijo y su familia se rompe por completo. Consigue encontrar trabajo como <strong>ni\u00f1era interna en casa de una familia<\/strong> feliz y adorable. Poco a poco intenta seducir al padre mientras va desquiciando a la madre. Su plan es reemplazarla y no dudar\u00e1 en hacer lo que sea necesario para conseguir sus fines. El enemigo estaba dentro de casa.<\/p>\n<p><strong>Disney+<\/strong> estrena este fin de semana un remake de aquella pel\u00edcula con el mismo t\u00edtulo, <strong>La mano que mece la cuna<\/strong>. Sin embargo, en esta ocasi\u00f3n, afortunadamente, no es un remake al 100% sino que hay cambios en la historia, algunos m\u00e1s acertados que otros.<\/p>\n<p>En la versi\u00f3n de 2025 nos presentan a Caitlin (<strong>Mary Elizabeth Winstead<\/strong>), una abogada embarazada con una buena posici\u00f3n econ\u00f3mica que, debido a su \u00abgran compromiso social\u00bb, trabaja prestando servicio legal gratuito a quien lo necesite. As\u00ed, conoce a Polly (<strong>Maika Monroe<\/strong>), una chica muy agradable a la que, dice, le encantan los ni\u00f1os y que tiene graves problemas econ\u00f3micos.<\/p>\n<p>Tras dar a luz a su segundo hijo, Caitlin recurre a Polly como ni\u00f1era ocasional. La conexi\u00f3n de Polly con la hija mayor del matrimonio va aumentando a la misma velocidad que sus problemas econ\u00f3micos. La soluci\u00f3n viene casi dada: que se mude con la familia como <strong>ni\u00f1era interna<\/strong>. Aqu\u00ed, comenzar\u00e1 la pesadilla en el lugar que se supone debemos estar m\u00e1s seguros, nuestro propio hogar.<\/p>\n<p><a class=\"fancybox\" href=\"https:\/\/s1.staticld.com\/2025\/11\/21\/mano-mece-cuna-2025-2.jpg\" rel=\"nofollow noreferrer noopener\" target=\"_blank\"><img class=\"l\" data-  style=\"aspect-ratio: 2560 \/ 1703\" alt=\"mano-mece-cuna-2025-2.jpg\"\/><\/a><\/p>\n<p>&#8216;La Mano que mece la cuna&#8217;.<\/p>\n<p>La principal variante que introducen en la nueva versi\u00f3n de La mano que mece la cuna es que <strong>la ni\u00f1era es lesbiana <\/strong>y <strong>la madre de la familia bisexual<\/strong>. Por tanto, aqu\u00ed la <strong>figura del hombre queda totalmente relegada<\/strong> y desdibujada, llegando incluso a irritar por la simpleza del personaje. La tensi\u00f3n sexual se vivir\u00e1 entre las dos mujeres.<\/p>\n<p>A diferencia de la pel\u00edcula de 1992, la ni\u00f1era en esta ocasi\u00f3n es siniestra desde el inicio pero no llega en ning\u00fan momento a ser tan inquietante como la interpretaci\u00f3n de <strong>Rebecca De Mornay<\/strong> hace m\u00e1s de 30 a\u00f1os. Seguramente, por eso la directora mexicana <strong>Michelle Garza<\/strong> recurre a algunas escenas extremadamente violentas y expl\u00edcitas, sin justificaci\u00f3n alguna.<\/p>\n<p>Compromiso social, racialidad inclusiva (el padre de familia es de origen latino), sexualidad diversa&#8230; La nueva versi\u00f3n de La mano que mece la cuna contiene casi todas las filias del Disney actual. Elementos que distraen al espectador de una subtrama mucho m\u00e1s perturbadora que la que conten\u00eda la original de 1992 con un giro de guion final sorprendente.<\/p>\n<p>    Relacionado<\/p>\n<p>La ausencia de rostros especialmente populares ha llevado a la compa\u00f1\u00eda a estrenarla directamente en su plataforma de streaming. Una pel\u00edcula por encima de las de sobremesa de la TV en abierto, pero por debajo de lo que hubiera merecido la pena pagar por verla en un cine.<\/p>\n<blockquote>\n<p>T\u00edtulo original: The Hand That Rocks The Cradle<br \/>G\u00e9nero: Suspense<br \/>Pa\u00eds: Estados Unidos<br \/>A\u00f1o: 2025<br \/>Duraci\u00f3n: 105 minutos<br \/>Direcci\u00f3n: Michelle Garza Cervera<br \/>Reparto: Mary Elizabeth Winstead, Maika Monroe, Ra\u00fal Castillo<br \/>Fecha de estreno en Espa\u00f1a: 19 de noviembre de 2025.<br \/>Distribuidora: Disney+<\/p>\n<\/blockquote>\n<p>La mano que mece la cuna no es la \u00fanica pel\u00edcula de plataformas que se estrena esta semana en streaming; a continuaci\u00f3n, las repasamos todas y las diferentes plataformas como <strong>Netflix, Movistar Plus+, Apple TV+ y Filmin<\/strong>.<\/p>\n<p>Aventuras en familia<\/p>\n<p>En <strong>Apple TV+<\/strong> encontramos <strong>Plan en familia 2<\/strong> con <strong>Mark Wahlberg<\/strong> al frente del reparto. En esta secuela, la familia Morgan est\u00e1 inmersa en los preparativos de sus <strong>vacaciones navide\u00f1as perfectas en Europa<\/strong>. Sin embargo, el viaje so\u00f1ado pronto se convertir\u00e1 en una pesadilla cuando el pasado de Dan vuelva al presente.<\/p>\n<blockquote>\n<p>T\u00edtulo original: The Family Plan 2<br \/>G\u00e9nero: Acci\u00f3n, Comedia, Familia<br \/>Pa\u00eds: Estados Unidos<br \/>A\u00f1o: 2025<br \/>Duraci\u00f3n: 106 minutos<br \/>Direcci\u00f3n: Simon Cellan Jones<br \/>Reparto: Mark Wahlberg, Michelle Monaghan, Zoe Margaret Colletti<br \/>Fecha de estreno en Espa\u00f1a: 21 de noviembre de 2025.<br \/>Distribuidora: Apple TV+<\/p>\n<\/blockquote>\n<p><strong>Netflix<\/strong> estrena 4 t\u00edtulos: <strong>El hijo de mil hombres<\/strong>, pel\u00edcula brasile\u00f1a en la que un solitario pescador de 40 a\u00f1os siente el vac\u00edo de no tener un hijo; la comedia rom\u00e1ntica <strong>El encanto del champ\u00e1n<\/strong>; el drama mexicano <strong>Las locuras<\/strong> y el drama <strong>Sue\u00f1os de trenes<\/strong>, con Joel Edgerton.<\/p>\n<p><strong>Movistar Plus+<\/strong> estrena <strong>55<\/strong>, pel\u00edcula producida por <strong>Ridley Scott<\/strong>, y <strong>The Storm<\/strong>, aventura de animaci\u00f3n para toda la familia. <strong>Filmin<\/strong>, por su parte, estrena el drama espa\u00f1ol <strong>Lobo<\/strong>.<\/p>\n<p><strong>Pincha en el audio<\/strong> para descubrir todos los detalles.<\/p>\n","protected":false},"excerpt":{"rendered":"La decisi\u00f3n de contratar a alguien para que cuide de nuestros hijos mientras estamos en el trabajo no&hellip;\n","protected":false},"author":2,"featured_media":251049,"comment_status":"","ping_status":"","sticky":false,"template":"","format":"standard","meta":{"footnotes":""},"categories":[169],"tags":[2823,12178,177,1060,146,147,25,24,176,6827,63592,63589,3354,63593,63594,1913,63595,175,303,1878,152,63590,3889,63591,23,63596,49931],"class_list":{"0":"post-251048","1":"post","2":"type-post","3":"status-publish","4":"format-standard","5":"has-post-thumbnail","7":"category-cine","8":"tag-apple","9":"tag-apple-tv","10":"tag-cine","11":"tag-disney","12":"tag-entertainment","13":"tag-entretenimiento","14":"tag-es","15":"tag-espana","16":"tag-film","17":"tag-filmin","18":"tag-giro-polemico","19":"tag-la-mano-que-mece-la-cuna","20":"tag-madre","21":"tag-maika-monroe","22":"tag-mary-elizabeth-winstead","23":"tag-maternidad","24":"tag-michelle-garza-cervera","25":"tag-movies","26":"tag-movistar","27":"tag-movistar-plus","28":"tag-netflix","29":"tag-ninera","30":"tag-sector-del-cine","31":"tag-sexualidad-diversa","32":"tag-spain","33":"tag-terror-domestico","34":"tag-walt-disney-company"},"share_on_mastodon":{"url":"","error":""},"_links":{"self":[{"href":"https:\/\/www.europesays.com\/es\/wp-json\/wp\/v2\/posts\/251048","targetHints":{"allow":["GET"]}}],"collection":[{"href":"https:\/\/www.europesays.com\/es\/wp-json\/wp\/v2\/posts"}],"about":[{"href":"https:\/\/www.europesays.com\/es\/wp-json\/wp\/v2\/types\/post"}],"author":[{"embeddable":true,"href":"https:\/\/www.europesays.com\/es\/wp-json\/wp\/v2\/users\/2"}],"replies":[{"embeddable":true,"href":"https:\/\/www.europesays.com\/es\/wp-json\/wp\/v2\/comments?post=251048"}],"version-history":[{"count":0,"href":"https:\/\/www.europesays.com\/es\/wp-json\/wp\/v2\/posts\/251048\/revisions"}],"wp:featuredmedia":[{"embeddable":true,"href":"https:\/\/www.europesays.com\/es\/wp-json\/wp\/v2\/media\/251049"}],"wp:attachment":[{"href":"https:\/\/www.europesays.com\/es\/wp-json\/wp\/v2\/media?parent=251048"}],"wp:term":[{"taxonomy":"category","embeddable":true,"href":"https:\/\/www.europesays.com\/es\/wp-json\/wp\/v2\/categories?post=251048"},{"taxonomy":"post_tag","embeddable":true,"href":"https:\/\/www.europesays.com\/es\/wp-json\/wp\/v2\/tags?post=251048"}],"curies":[{"name":"wp","href":"https:\/\/api.w.org\/{rel}","templated":true}]}}