{"id":251059,"date":"2025-11-23T08:22:14","date_gmt":"2025-11-23T08:22:14","guid":{"rendered":"https:\/\/www.europesays.com\/es\/251059\/"},"modified":"2025-11-23T08:22:14","modified_gmt":"2025-11-23T08:22:14","slug":"rusia-ataca-un-puesto-de-control-internacional-en-la-frontera-con-rumania","status":"publish","type":"post","link":"https:\/\/www.europesays.com\/es\/251059\/","title":{"rendered":"Rusia ataca un puesto de control internacional en la frontera con Ruman\u00eda"},"content":{"rendered":"\n<p> Un <strong>ataque ruso con drones suicidas impact\u00f3<\/strong> durante la pasada noche en el <a href=\"https:\/\/www.elconfidencial.com\/mundo\/2025-05-30\/ucrania-acusa-rusia-ataque-ciudad-frontera-rumania_4140862\/\" target=\"_self\" rel=\"nofollow noopener\">puesto de control internacional de Orlivka<\/a>, situado en la <strong>regi\u00f3n de Odesa<\/strong>, cerca de la <strong>frontera entre Ucrania y Ruman\u00eda<\/strong>, lo que oblig\u00f3 a interrumpir temporalmente su funcionamiento, seg\u00fan comunic\u00f3 el <strong>Servicio de Aduanas de Ucrania<\/strong>. <\/p>\n<p> La agencia inform\u00f3 a trav\u00e9s de <a href=\"https:\/\/www.elconfidencial.com\/mundo\/2025-03-23\/guerra-ucrania-rusia-drones-muerto-rostov-kiev_4092438\/\" target=\"_self\" rel=\"nofollow noopener\">Telegram<\/a> que \u00abdurante la noche, el <strong>bombardeo enemigo con drones suicidas caus\u00f3 da\u00f1os<\/strong> en la <strong>infraestructura del complejo de ferris<\/strong> en Orlivka\u00bb. <\/p>\n<p> Como consecuencia de este ataque, el puesto de control internacional ha quedado <a href=\"https:\/\/www.elconfidencial.com\/mundo\/2025-11-01\/oleoducto-ataque-moscu-ucrania-1tps_4239781\/\" target=\"_self\" rel=\"nofollow noopener\">fuera de servicio de manera provisional<\/a>. <\/p>\n<p> El <strong>Servicio de Aduanas ucraniano<\/strong> a\u00f1adi\u00f3 que en estos momentos <strong>se est\u00e1n implementando todas las acciones necesarias<\/strong> para reparar los da\u00f1os ocasionados. <\/p>\n<p>              <img decoding=\"async\" class=\"inTextNews__img\" alt=\"Foto: oleoducto-ataque-moscu-ucrania-1tps\" src=\"https:\/\/www.europesays.com\/es\/wp-content\/uploads\/2025\/11\/f.elconfidencial.com\/original\/4e9\/9e4\/ef6\/4e99e4ef61bc396b9c027ffcd5ec6026.jpg\"  \/>     <\/p>\n<p>TE PUEDE INTERESAR<\/p>\n<p>      <a class=\"inTextNews__title\" href=\"https:\/\/www.elconfidencial.com\/mundo\/2025-11-01\/oleoducto-ataque-moscu-ucrania-1tps_4239781\/\" onclick=\"window.ECCO.emit(&#039;amplitude&#039;, { dataEventName: &#039;click_related_article_module&#039;, data: { related_article_url: &#039;https:\/\/www.elconfidencial.com\/mundo\/2025-11-01\/oleoducto-ataque-moscu-ucrania-1tps_4239781\/&#039;, related_article_author: &#039;Pablo de Cea&#039;, related_article_section: &#039;mundo&#039; } })\" rel=\"nofollow noopener\" target=\"_blank\"> Ucrania anuncia haber destruido con un ataque el oleoducto que rodea la regi\u00f3n de Mosc\u00fa <\/a>   <\/p>\n<p>    EFE   <\/p>\n<p> Un <strong>ataque ruso con drones suicidas impact\u00f3<\/strong> durante la pasada noche en el <a href=\"https:\/\/www.elconfidencial.com\/mundo\/2025-05-30\/ucrania-acusa-rusia-ataque-ciudad-frontera-rumania_4140862\/\" target=\"_self\" rel=\"nofollow noopener\">puesto de control internacional de Orlivka<\/a>, situado en la <strong>regi\u00f3n de Odesa<\/strong>, cerca de la <strong>frontera entre Ucrania y Ruman\u00eda<\/strong>, lo que oblig\u00f3 a interrumpir temporalmente su funcionamiento, seg\u00fan comunic\u00f3 el <strong>Servicio de Aduanas de Ucrania<\/strong>. <\/p>\n","protected":false},"excerpt":{"rendered":"Un ataque ruso con drones suicidas impact\u00f3 durante la pasada noche en el puesto de control internacional de&hellip;\n","protected":false},"author":2,"featured_media":251060,"comment_status":"","ping_status":"","sticky":false,"template":"","format":"standard","meta":{"footnotes":""},"categories":[42],"tags":[17,18,13,14,11,61,62,63,64,19,20,9,10,15,16,12,21,22,65,66,67],"class_list":{"0":"post-251059","1":"post","2":"type-post","3":"status-publish","4":"format-standard","5":"has-post-thumbnail","7":"category-internacional","8":"tag-breaking-news","9":"tag-breakingnews","10":"tag-featured-news","11":"tag-featurednews","12":"tag-headlines","13":"tag-internacional","14":"tag-international","15":"tag-international-news","16":"tag-internationalnews","17":"tag-latest-news","18":"tag-latestnews","19":"tag-news","20":"tag-noticias","21":"tag-noticias-destacadas","22":"tag-noticiasdestacadas","23":"tag-titulares","24":"tag-ultimas-noticias","25":"tag-ultimasnoticias","26":"tag-world","27":"tag-world-news","28":"tag-worldnews"},"share_on_mastodon":{"url":"https:\/\/pubeurope.com\/@es\/115598049301369258","error":""},"_links":{"self":[{"href":"https:\/\/www.europesays.com\/es\/wp-json\/wp\/v2\/posts\/251059","targetHints":{"allow":["GET"]}}],"collection":[{"href":"https:\/\/www.europesays.com\/es\/wp-json\/wp\/v2\/posts"}],"about":[{"href":"https:\/\/www.europesays.com\/es\/wp-json\/wp\/v2\/types\/post"}],"author":[{"embeddable":true,"href":"https:\/\/www.europesays.com\/es\/wp-json\/wp\/v2\/users\/2"}],"replies":[{"embeddable":true,"href":"https:\/\/www.europesays.com\/es\/wp-json\/wp\/v2\/comments?post=251059"}],"version-history":[{"count":0,"href":"https:\/\/www.europesays.com\/es\/wp-json\/wp\/v2\/posts\/251059\/revisions"}],"wp:featuredmedia":[{"embeddable":true,"href":"https:\/\/www.europesays.com\/es\/wp-json\/wp\/v2\/media\/251060"}],"wp:attachment":[{"href":"https:\/\/www.europesays.com\/es\/wp-json\/wp\/v2\/media?parent=251059"}],"wp:term":[{"taxonomy":"category","embeddable":true,"href":"https:\/\/www.europesays.com\/es\/wp-json\/wp\/v2\/categories?post=251059"},{"taxonomy":"post_tag","embeddable":true,"href":"https:\/\/www.europesays.com\/es\/wp-json\/wp\/v2\/tags?post=251059"}],"curies":[{"name":"wp","href":"https:\/\/api.w.org\/{rel}","templated":true}]}}