{"id":251061,"date":"2025-11-23T08:23:11","date_gmt":"2025-11-23T08:23:11","guid":{"rendered":"https:\/\/www.europesays.com\/es\/251061\/"},"modified":"2025-11-23T08:23:11","modified_gmt":"2025-11-23T08:23:11","slug":"madrid-da-la-bienvenida-a-la-navidad-con-el-pistoletazo-de-salida-a-46-dias-de-encendido-navideno","status":"publish","type":"post","link":"https:\/\/www.europesays.com\/es\/251061\/","title":{"rendered":"Madrid da la bienvenida a la Navidad con el pistoletazo de salida a 46 d\u00edas de encendido navide\u00f1o"},"content":{"rendered":"<p> MADRID, 22 Nov. (EUROPA PRESS) &#8211;<\/p>\n<p>\u00a0 \u00a0Madrid ha iluminado sus calles este s\u00e1bado para recibir la Navidad despu\u00e9s de que doble campe\u00f3n de rallys Carlos Sainz haya presionado el bot\u00f3n que ha encendido las m\u00e1s de 13 millones de bombillas LED, 7.134 cadenetas, 126 cerezos luminosos y trece grandes abetos que pondr\u00e1n luz y color a la capital durante estas fechas.<\/p>\n<p>\u00a0 \u00a0Acompa\u00f1ado por el alcalde, Jos\u00e9 Luis Mart\u00ednez-Almeida, el cuatro veces ganador del Par\u00eds-Dakar ha presionado el bot\u00f3n de arranque a 46 d\u00edas de iluminaci\u00f3n navide\u00f1a ante una abarrotada Plaza de Cibeles que ha congregado, seg\u00fan la Polic\u00eda Municipal, a unas 150.000 personas.<\/p>\n<p>\u00a0 \u00a0 Al filo de las 20.30 horas, el piloto y el alcalde han apretado el bot\u00f3n de encendido, que ha estado acompa\u00f1ado de un espect\u00e1culo piromusical y los v\u00edtores de las miles de personas congregadas. \u00abUn orgullo y un privilegio\u00bb para el bicampe\u00f3n de rallys \u00abcompartir con muchos madrile\u00f1os\u00bb este evento.<\/p>\n<p>\u00a0 \u00a0Por su parte, el regidor capitalino ha recalcado que lo que hace \u00abtan especial\u00bb la Navidad en Madrid son sus habitantes, que la convierten en una ciudad \u00absiempre con los brazos abiertos, mirando siempre hacia el pr\u00f3jimo\u00bb.<\/p>\n<p>\u00a0 \u00a0 \u00abAqu\u00ed hay m\u00e1s de tres millones y medio de personas que todos los d\u00edas nos levantamos para sacar nuestras vidas adelante y lo hacemos sabiendo que los unos sin los otros no somos nadie y que tenemos que apoyarnos todos\u00bb, ha dicho.<\/p>\n<p>\u00a0 \u00a0El acto de inauguraci\u00f3n del alumbrado, presentado por la periodista Angie Rigueir, ha sido amenizado con el estreno de un videomapping proyectado en la fachada de la sede del Ayuntamiento y la m\u00fasica de Pablo L\u00f3pez que, acompa\u00f1ado de su piano, ha interpretado varios de sus temas, entre ellos su nuevo sencillo &#8216;El Ni\u00f1o del Espacio&#8217;, adelanto su quinto disco.<\/p>\n<p>\u00a0 \u00a0 El alcalde de la ciudad, Jos\u00e9 Luis Mart\u00ednez-Almeida, la vicealcaldesa, Inma Sanz, as\u00ed como miembros del Gobierno local y representantes de los distintos grupos municipales han estado presentes en el acto &#8216;m\u00e1s m\u00e1gico de la ciudad&#8217;.<\/p>\n<p>\u00a0 \u00a0Previo al pistoletazo de salida del encendido navide\u00f1o, los miles de ciudadanos congregados han amenizado la espera con un gran videomapping proyectado en el Palacio de Cibeles bajo el t\u00edtulo &#8216;La energ\u00eda de la Navidad&#8217;, un cuento contempor\u00e1neo en el que Madrid, cosmopolita, abierta y, a la vez, familiar, es la gran protagonista.<\/p>\n<p>\u00a0 \u00a0El relato, fruto de una colaboraci\u00f3n entre el Ayuntamiento y Endesa, ha recorrido la ciudad desde su lugar m\u00e1s \u00edntimo, el hogar, hasta el espacio compartido de sus calles y plazas, subrayando el alma m\u00e1s madrile\u00f1a de estas fiestas y la idea de una luz que nace en cada casa y se expande por toda la ciudad.<\/p>\n<p>\u00a0 \u00a0El espect\u00e1culo, desarrollado por un equipo de 25 creativos y m\u00e1s de 150 t\u00e9cnicos, combina 3D e inteligencia artificial para crear texturas hiperrealistas. Para hacerlo realidad, se han utilizado 14 proyectores de \u00faltima generaci\u00f3n que suman m\u00e1s de medio mill\u00f3n de l\u00famenes.<\/p>\n<p>\u00a0 \u00a0Tras ello, los villacincos l\u00edricos han puesto banda sonora a la Plaza de Cibeles con las voces de la soprano Luc\u00eda Iglesias, la mezzosoprano Andrea Rey, el tenor Marceo Sol\u00eds, con Bel\u00e9n Castillo al piano, en una colaboraci\u00f3n con la Fundaci\u00f3n Amigos del Teatro Real y su programa &#8216;Crescendo&#8217;, que cada a\u00f1o promueve el desarrollo art\u00edstico y profesional de j\u00f3venes talentos y futuras promesas de la l\u00edrica.<\/p>\n<p>\u00a0 \u00a0 Como plato fuerte, el cantante malague\u00f1o Pablo L\u00f3pez ha interpretado tres temas: &#8216;El Patio&#8217;, &#8216;El ni\u00f1o del espacio&#8217; y &#8216;Tu enemigo&#8217;. Tras ello, han subido al escenario los seis ni\u00f1os ganadores del concurso escolar para convertir en bombillas de colores sus dibujos, acompa\u00f1ados de alumnos con s\u00edndrome de Down del Colegio de Educaci\u00f3n Especial Mar\u00eda Corredentora.<\/p>\n<p>\u00a0 \u00a0 As\u00ed, por segundo a\u00f1o consecutivo, la Navidad de Madrid contar\u00e1 con luces inspiradas en dibujos de alumnos de Primero y Segundo de Primaria, que brillar\u00e1n en las c\u00e9ntricas calles la Sal, Gerona, Felipe III, Siete de Julio, Ciudad Rodrigo y Toledo. Se unir\u00e1n a los del a\u00f1o pasado en Ballesta.<\/p>\n<p>\u00a0 \u00a0A los dibujos ganadores se suman, adem\u00e1s, dos propuestas con menci\u00f3n especial realizadas por alumnos de tercero de primaria con s\u00edndrome de Down del Colegio de Educaci\u00f3n Especial Mar\u00eda Corredentora, que tambi\u00e9n han sido transformadas en luces navide\u00f1as.<\/p>\n<p><strong>R\u00c9CORD DE BOMBILLAS<\/strong><\/p>\n<p>\u00a0 \u00a0Tras el encendido, m\u00e1s de 13 millones de bombillas LED de alta eficiencia energ\u00e9tica iluminar\u00e1n 240 emplazamientos repartidos por los 21 distritos de la capital. As\u00ed, la ciudad brillar\u00e1 con 7.134 cadenetas que suman una longitud de 157 kil\u00f3metros, 126 cerezos luminosos y trece grandes abetos y otros motivos t\u00edpicamente navide\u00f1os repartidos por distintos espacios estrat\u00e9gicos.<\/p>\n<p>\u00a0 \u00a0Entre las principales novedades de este a\u00f1o destaca el nuevo dise\u00f1o de la Gran V\u00eda, que estrena iluminaci\u00f3n inspirada en la estructura estrellada de los copos de nieve. A lo largo de sus 1,3 kil\u00f3metros se han instalado 31 arcos de 10,5 metros de anchura por 2,6 de altura, con 309.000 puntos de luz en tonos blanco fr\u00edo y blanco c\u00e1lido y efectos flash.<\/p>\n<p>\u00a0 \u00a0 La confluencia de la calle de Alcal\u00e1 con la Gran V\u00eda, frente al edificio Metr\u00f3polis, estrena tambi\u00e9n un abeto luminoso de 22,2 metros de altura y 125.000 puntos de luz led. Decorado en la base con espumill\u00f3n verde, combina cordones de microl\u00e1mparas de blanco c\u00e1lido con efecto flash y est\u00e1 coronado por una estrella de hilo luminoso blanco fr\u00edo, adem\u00e1s de 654 bolas de color azul.<\/p>\n<p>\u00a0 \u00a0 Otra de las novedades es la gran vela luminosa instalada en Nuevos Ministerios, en la confluencia del paseo de la Castellana con la calle de los Hermanos Pinz\u00f3n. La estructura, transitable en su interior, alcanza los 12 metros de altura y 5,25 de di\u00e1metro y est\u00e1 formada por casi 14.500 puntos de luz blanca fr\u00eda, blanca c\u00e1lida y naranja, adem\u00e1s de m\u00faltiples estrellas.<\/p>\n<p>\u00a0 \u00a0 Igualmente, la glorieta de la plaza de Carlos V incorpora tres grandes \u00e1ngeles luminosos de 10,2 metros de altura y 4,5 de fondo, con m\u00e1s de 85.100 puntos de luz led en tonos blancos y dorados, que se suman al \u00e1ngel de 18 metros que se instala por segundo a\u00f1o consecutivo en la plaza de Col\u00f3n.<\/p>\n<p>\u00a0 \u00a0 En el puente de Ventas se ha colocado tambi\u00e9n un gran Ni\u00f1o Jes\u00fas luminoso de 7 metros de di\u00e1metro y 8.000 puntos de luz led, que se suma al gran abeto dorado de 35 metros de altura ubicado junto a la plaza de toros.<\/p>\n<p>\u00a0 \u00a0 La plaza de las Cortes acoge este a\u00f1o un nuevo nacimiento luminoso de 12 metros de alto y 5,5 de ancho, inspirado en las vidrieras catedralicias y compuesto por 70.000 puntos de luz led.<\/p>\n<p>\u00a0 \u00a0 Finalmente, la calle de Goya, por su parte, estrena un dise\u00f1o de Ben Busche que recrea un amanecer mediante 25 arcos de 10 metros de anchura por 2,4 de altura, con 227.600 puntos de luz led en tonos blanco c\u00e1lido, amarillo y naranja.<\/p>\n<p>\u00a0<strong>DISFRUTAR DE LOS CL\u00c1SICOS<\/strong><\/p>\n<p>\u00a0 \u00a0Junto a las novedades, tambi\u00e9n se podr\u00e1 disfrutar de los grandes cl\u00e1sicos de la iluminaci\u00f3n navide\u00f1a de Madrid como la gran bola luminosa de Bail\u00e9n con plaza de Espa\u00f1a; la Menina del paseo del Prado a la altura de la Fuente de Apolo; la gran corona navide\u00f1a de la plaza del Cardenal Cisneros; el \u00e1ngel de Madrid de la plaza de Col\u00f3n; la estrella de Cea Berm\u00fadez o la flor de pascua en la confluencia de la calle de Alcal\u00e1 con la de Hermanos Garc\u00eda Noblejas.<\/p>\n<p>\u00a0 \u00a0 Tambi\u00e9n se mantendr\u00e1n los belenes figurativos que iluminan las puertas hist\u00f3ricas de la ciudad &#8211;Alcal\u00e1, Toledo y San Vicente&#8211; y el viaducto de la calle de Segovia, as\u00ed como las entradas a la plaza Mayor, uno de los espacios m\u00e1s vinculados a estas fechas.<\/p>\n<p>\u00a0 \u00a0 El alumbrado de las luces se podr\u00e1 disfrutar hasta el 7 de enero. En concreto, se mantendr\u00e1 de domingo a jueves de 18.00 a 00.00 horas; los viernes y s\u00e1bados de 18.00 a 01.00 horas; el 7 de diciembre de 18.00 a 01.00 horas; el 24 de diciembre y 5 de enero de 18.00 a 03.00 horas y el 31 de diciembre de 18.00 a 06.00 horas.<\/p>\n","protected":false},"excerpt":{"rendered":"MADRID, 22 Nov. (EUROPA PRESS) &#8211; \u00a0 \u00a0Madrid ha iluminado sus calles este s\u00e1bado para recibir la Navidad&hellip;\n","protected":false},"author":2,"featured_media":251062,"comment_status":"","ping_status":"","sticky":false,"template":"","format":"standard","meta":{"footnotes":""},"categories":[8],"tags":[17,18,25,24,13,14,11,19,20,9,10,15,16,23,12,21,22],"class_list":{"0":"post-251061","1":"post","2":"type-post","3":"status-publish","4":"format-standard","5":"has-post-thumbnail","7":"category-espana","8":"tag-breaking-news","9":"tag-breakingnews","10":"tag-es","11":"tag-espana","12":"tag-featured-news","13":"tag-featurednews","14":"tag-headlines","15":"tag-latest-news","16":"tag-latestnews","17":"tag-news","18":"tag-noticias","19":"tag-noticias-destacadas","20":"tag-noticiasdestacadas","21":"tag-spain","22":"tag-titulares","23":"tag-ultimas-noticias","24":"tag-ultimasnoticias"},"share_on_mastodon":{"url":"https:\/\/pubeurope.com\/@es\/115598052977506791","error":""},"_links":{"self":[{"href":"https:\/\/www.europesays.com\/es\/wp-json\/wp\/v2\/posts\/251061","targetHints":{"allow":["GET"]}}],"collection":[{"href":"https:\/\/www.europesays.com\/es\/wp-json\/wp\/v2\/posts"}],"about":[{"href":"https:\/\/www.europesays.com\/es\/wp-json\/wp\/v2\/types\/post"}],"author":[{"embeddable":true,"href":"https:\/\/www.europesays.com\/es\/wp-json\/wp\/v2\/users\/2"}],"replies":[{"embeddable":true,"href":"https:\/\/www.europesays.com\/es\/wp-json\/wp\/v2\/comments?post=251061"}],"version-history":[{"count":0,"href":"https:\/\/www.europesays.com\/es\/wp-json\/wp\/v2\/posts\/251061\/revisions"}],"wp:featuredmedia":[{"embeddable":true,"href":"https:\/\/www.europesays.com\/es\/wp-json\/wp\/v2\/media\/251062"}],"wp:attachment":[{"href":"https:\/\/www.europesays.com\/es\/wp-json\/wp\/v2\/media?parent=251061"}],"wp:term":[{"taxonomy":"category","embeddable":true,"href":"https:\/\/www.europesays.com\/es\/wp-json\/wp\/v2\/categories?post=251061"},{"taxonomy":"post_tag","embeddable":true,"href":"https:\/\/www.europesays.com\/es\/wp-json\/wp\/v2\/tags?post=251061"}],"curies":[{"name":"wp","href":"https:\/\/api.w.org\/{rel}","templated":true}]}}