{"id":251067,"date":"2025-11-23T08:29:10","date_gmt":"2025-11-23T08:29:10","guid":{"rendered":"https:\/\/www.europesays.com\/es\/251067\/"},"modified":"2025-11-23T08:29:10","modified_gmt":"2025-11-23T08:29:10","slug":"multazo-a-tsitsipas-por-conducir-a-mas-de-200-kilometros-por-hora-en-atenas","status":"publish","type":"post","link":"https:\/\/www.europesays.com\/es\/251067\/","title":{"rendered":"Multazo a Tsitsipas por conducir a m\u00e1s de 200 kil\u00f3metros por hora en Atenas"},"content":{"rendered":"<p data-gtm-element-container=\"modulo-texto-link\" class=\"paragraph\">Seg\u00fan informa el diario griego &#8216;Greek City Times&#8217;, <strong>Stefanos Tsitsipas<\/strong> ha sido detenido en las \u00faltimas semanas en <strong>Atenas<\/strong> tras, <strong>supuestamente,<\/strong> <strong>ser cazado a 210 kil\u00f3metros por hora con su coche.<\/strong> Ello ha acarreado varias sanciones para el tenista heleno en las \u00faltimas semanas, puesto que, aunque ha salido ahora a la luz, el incidente tuvo lugar el pasado<strong> 24 de septiembre.<\/strong><\/p>\n<p>        Lee tambi\u00e9n<\/p>\n<p>    Llu\u00eds Carles P\u00e9rez<\/p>\n<p>             <img loading=\"lazy\" decoding=\"async\" data-full-src=\"https:\/\/www.mundodeportivo.com\/uploads\/2025\/11\/22\/69222794219b8.jpeg\" alt=\"Pablo Carre\u00f1o, expresivo tras la clasificaci\u00f3n de Espa\u00f1a para la final de la Copa Davis de 2025\" src=\"https:\/\/www.europesays.com\/es\/wp-content\/uploads\/2025\/11\/69222794219b8.r_d.1009-904.jpeg\" class=\"lazy\" width=\"104\" height=\"108\"\/><\/p>\n<p>        Lee tambi\u00e9n<\/p>\n<p>    Llu\u00eds Carles P\u00e9rez<\/p>\n<p>             <img loading=\"lazy\" decoding=\"async\" data-full-src=\"https:\/\/www.mundodeportivo.com\/uploads\/2025\/11\/22\/6922078f9a7b0.jpeg\" alt=\"Horizontal\" src=\"https:\/\/www.europesays.com\/es\/wp-content\/uploads\/2025\/11\/6922078f9a7b0.r_d.1538-707.jpeg\" class=\"lazy\" width=\"104\" height=\"108\"\/><\/p>\n<p>        Lee tambi\u00e9n<\/p>\n<p>    Llu\u00eds Carles P\u00e9rez<\/p>\n<p>             <img loading=\"lazy\" decoding=\"async\" data-full-src=\"https:\/\/www.mundodeportivo.com\/uploads\/2024\/11\/19\/673d042aa662d.jpeg\" alt=\"Horizontal\" src=\"https:\/\/www.europesays.com\/es\/wp-content\/uploads\/2025\/11\/673d042aa662d.r_d.1644-1204.jpeg\" class=\"lazy\" width=\"104\" height=\"108\"\/><\/p>\n<p data-gtm-element-container=\"modulo-texto-link\" class=\"paragraph\">Siempre seg\u00fan el citado medio, las autoridades griegas han impuesto a Tsitsipas una multa de 2000 euros por su infracci\u00f3n y le han suspendido durante un a\u00f1o el carnet de conducir. Su entorno ha defendido su inocencia en los medios de su pa\u00eds.<\/p>\n<p data-gtm-element-container=\"modulo-texto-link\" class=\"paragraph\">Este diario revela que <strong>Tsitsipas conduc\u00eda su Lotus a 210 kil\u00f3metros por hora en Attiki Odos<\/strong>, circunvalaci\u00f3n de Atenas. Grecia ha realizado en los \u00faltimos tiempos una instalaci\u00f3n de c\u00e1maras inteligentes en las cuales el coche del tenista fue cazado.<\/p>\n<p data-gtm-element-container=\"modulo-texto-link\" class=\"paragraph\">El entorno de Tsitsipas ha reconocido que su coche fue fotografiado. Sin embargo, Thanasis Papathanasiou, abogado del jugador, ha defendido que Stefanos hab\u00eda cedido su coche a otra persona que conduc\u00eda en el momento de la infracci\u00f3n y que el jugador iba de copiloto. <strong>\u00abEl tema de la multa y la presentaci\u00f3n del permiso de conducir ya se han resuelto\u00bb<\/strong>, ha declarado el abogado del jugador a &#8216;tennisnews&#8217;.<\/p>\n","protected":false},"excerpt":{"rendered":"Seg\u00fan informa el diario griego &#8216;Greek City Times&#8217;, Stefanos Tsitsipas ha sido detenido en las \u00faltimas semanas en&hellip;\n","protected":false},"author":2,"featured_media":204965,"comment_status":"","ping_status":"","sticky":false,"template":"","format":"standard","meta":{"footnotes":""},"categories":[274],"tags":[168,25,24,23,167,327,326],"class_list":{"0":"post-251067","1":"post","2":"type-post","3":"status-publish","4":"format-standard","5":"has-post-thumbnail","7":"category-tenis","8":"tag-deportes","9":"tag-es","10":"tag-espana","11":"tag-spain","12":"tag-sports","13":"tag-tenis","14":"tag-tennis"},"share_on_mastodon":{"url":"https:\/\/pubeurope.com\/@es\/115598076797320264","error":""},"_links":{"self":[{"href":"https:\/\/www.europesays.com\/es\/wp-json\/wp\/v2\/posts\/251067","targetHints":{"allow":["GET"]}}],"collection":[{"href":"https:\/\/www.europesays.com\/es\/wp-json\/wp\/v2\/posts"}],"about":[{"href":"https:\/\/www.europesays.com\/es\/wp-json\/wp\/v2\/types\/post"}],"author":[{"embeddable":true,"href":"https:\/\/www.europesays.com\/es\/wp-json\/wp\/v2\/users\/2"}],"replies":[{"embeddable":true,"href":"https:\/\/www.europesays.com\/es\/wp-json\/wp\/v2\/comments?post=251067"}],"version-history":[{"count":0,"href":"https:\/\/www.europesays.com\/es\/wp-json\/wp\/v2\/posts\/251067\/revisions"}],"wp:featuredmedia":[{"embeddable":true,"href":"https:\/\/www.europesays.com\/es\/wp-json\/wp\/v2\/media\/204965"}],"wp:attachment":[{"href":"https:\/\/www.europesays.com\/es\/wp-json\/wp\/v2\/media?parent=251067"}],"wp:term":[{"taxonomy":"category","embeddable":true,"href":"https:\/\/www.europesays.com\/es\/wp-json\/wp\/v2\/categories?post=251067"},{"taxonomy":"post_tag","embeddable":true,"href":"https:\/\/www.europesays.com\/es\/wp-json\/wp\/v2\/tags?post=251067"}],"curies":[{"name":"wp","href":"https:\/\/api.w.org\/{rel}","templated":true}]}}