{"id":251068,"date":"2025-11-23T08:30:24","date_gmt":"2025-11-23T08:30:24","guid":{"rendered":"https:\/\/www.europesays.com\/es\/251068\/"},"modified":"2025-11-23T08:30:24","modified_gmt":"2025-11-23T08:30:24","slug":"naiara-saez-de-jauregi-la-alavesa-que-mas-brilla-sobre-la-nieve-en-el-ciclocross-de-amezaga","status":"publish","type":"post","link":"https:\/\/www.europesays.com\/es\/251068\/","title":{"rendered":"Naiara S\u00e1ez de Jauregi, la alavesa que m\u00e1s brilla sobre la nieve en el ciclocross de Am\u00e9zaga"},"content":{"rendered":"<p><img fetchpriority=\"high\" class=\"v-a-img\" src=\"https:\/\/www.europesays.com\/es\/wp-content\/uploads\/2025\/11\/Naiara Sez de Jauregi-ks0C-U240319180538w0-1200x840@El Correo.jpg\" loading=\"eager\" decoding=\"async\" alt=\"Naiara S\u00e1ez de Jauregi, la alavesa que m\u00e1s brilla sobre la nieve en el ciclocross de Am\u00e9zaga\"  width=\"1200\" height=\"840\"\/><\/p>\n<p>La ciclista cadete se impone en su categor\u00eda en una prueba con cuatro podios locales y victorias absolutas de los veteranos Aitor Hern\u00e1ndez y Ainara Elbusto<\/p>\n<p><a class=\"v-mdl-ath__fig-a\" href=\"https:\/\/www.elcorreo.com\/autor\/ivan-benito-4702.html\" title=\"Iv\u00e1n Benito\" rel=\"nofollow noopener\" target=\"_blank\"><br \/>\n<img decoding=\"async\" class=\"v-mdl-ath__img\" src=\"https:\/\/www.europesays.com\/es\/wp-content\/uploads\/2025\/10\/autor-4702-foto-1.jpeg\" alt=\"Iv\u00e1n Benito\"\/><br \/>\n<\/a><\/p>\n<p class=\"v-mdl-ath__p v-mdl-ath__p--6\">\nS\u00e1bado, 22 de noviembre 2025, 17:46<\/p>\n<p class=\"v-p\">La mezcla de barro y nieve protagoniz\u00f3 la singular 39\u00aa edici\u00f3n del ciclocross de Am\u00e9zaga de Zuya. Hace semanas se tem\u00eda que la falta de lluvias restara espectacularidad a la prueba y, por contra, el clima ofreci\u00f3 un escenario para el recuerdo. La nevada ca\u00edda en la jornada de ayer en \u00c1lava todav\u00eda se hac\u00eda notar sobre las campas de Larrabe, lo que endureci\u00f3 un recorrido sobre el que brill\u00f3 Naiara S\u00e1ez de Jauregi.<\/p>\n<p class=\"v-p\">La ciclista vitoriana no acus\u00f3 el fr\u00edo y se llev\u00f3 el triunfo en la categor\u00eda cadete con mucha autoridad. Aventaj\u00f3 en m\u00e1s de un minuto a su compa\u00f1era en el RPK-UDAPA, Haizea Tamayo, tambi\u00e9n de la capital alavesa, que ven\u00eda de ganar en Elgoibar. S\u00e1ez de Jauregi suma as\u00ed otro triunfo tras el cosechado en Tolosa y el tercer puesto logrado en Amurrio en la cita de la Copa de Espa\u00f1a. Matixa Gracianteparaluceta (KUSKUMENDI MTB C.D.) complet\u00f3 el podio.<\/p>\n<p class=\"v-p\">Otro d\u00fao alav\u00e9s, el que componen los j\u00f3venes Arkaitz Suso y Be\u00f1at Fern\u00e1ndez de la Pe\u00f1a en el Bertako Igogailuak-Spiuk, tambi\u00e9n lograron subirse a los puestos de honor. Ambos j\u00f3venes fueron segundo y tercero, superados de nuevo por el sempiterno Aitor Hern\u00e1ndez, de 43 a\u00f1os, toda una leyenda del ciclocross vasco. Pudo levantar los brazos con tranquilidad y 29 segundos de margen sobre el primero de los aplaudidos ciclistas locales.<\/p>\n<p class=\"v-p\">El podium, id\u00e9ntico al de Elgoibar hace dos semanas, tambi\u00e9n fue similar en f\u00e9minas. Se impuso la experiencia de la navarra Ainara Elbusto que tambi\u00e9n gan\u00f3 en Lezama el fin de semana pasado, con casi un minuto sobre Nahia de Miguel Etxebarria. Carlota Berne logr\u00f3 la tercera plaza. En junior, Mikel Llorente se qued\u00f3 a solo diez segundos de conseguir un nuevo caj\u00f3n. En total, alrededor de 200 participantes pusieron todo de su parte para que el XXXIX Trofeo San Andr\u00e9s cogiera temperatura entre la nieve.<\/p>\n<p>Reporta un error<\/p>\n","protected":false},"excerpt":{"rendered":"La ciclista cadete se impone en su categor\u00eda en una prueba con cuatro podios locales y victorias absolutas&hellip;\n","protected":false},"author":2,"featured_media":251069,"comment_status":"","ping_status":"","sticky":false,"template":"","format":"standard","meta":{"footnotes":""},"categories":[273],"tags":[16096,63600,8236,313,44324,312,168,25,24,63599,219,63598,23,167],"class_list":{"0":"post-251068","1":"post","2":"type-post","3":"status-publish","4":"format-standard","5":"has-post-thumbnail","7":"category-ciclismo","8":"tag-alavesa","9":"tag-ametzaga","10":"tag-brilla","11":"tag-ciclismo","12":"tag-ciclocross","13":"tag-cycling","14":"tag-deportes","15":"tag-es","16":"tag-espana","17":"tag-jauregi","18":"tag-naiara","19":"tag-saez","20":"tag-spain","21":"tag-sports"},"share_on_mastodon":{"url":"https:\/\/pubeurope.com\/@es\/115598080469732790","error":""},"_links":{"self":[{"href":"https:\/\/www.europesays.com\/es\/wp-json\/wp\/v2\/posts\/251068","targetHints":{"allow":["GET"]}}],"collection":[{"href":"https:\/\/www.europesays.com\/es\/wp-json\/wp\/v2\/posts"}],"about":[{"href":"https:\/\/www.europesays.com\/es\/wp-json\/wp\/v2\/types\/post"}],"author":[{"embeddable":true,"href":"https:\/\/www.europesays.com\/es\/wp-json\/wp\/v2\/users\/2"}],"replies":[{"embeddable":true,"href":"https:\/\/www.europesays.com\/es\/wp-json\/wp\/v2\/comments?post=251068"}],"version-history":[{"count":0,"href":"https:\/\/www.europesays.com\/es\/wp-json\/wp\/v2\/posts\/251068\/revisions"}],"wp:featuredmedia":[{"embeddable":true,"href":"https:\/\/www.europesays.com\/es\/wp-json\/wp\/v2\/media\/251069"}],"wp:attachment":[{"href":"https:\/\/www.europesays.com\/es\/wp-json\/wp\/v2\/media?parent=251068"}],"wp:term":[{"taxonomy":"category","embeddable":true,"href":"https:\/\/www.europesays.com\/es\/wp-json\/wp\/v2\/categories?post=251068"},{"taxonomy":"post_tag","embeddable":true,"href":"https:\/\/www.europesays.com\/es\/wp-json\/wp\/v2\/tags?post=251068"}],"curies":[{"name":"wp","href":"https:\/\/api.w.org\/{rel}","templated":true}]}}