{"id":251076,"date":"2025-11-23T08:35:45","date_gmt":"2025-11-23T08:35:45","guid":{"rendered":"https:\/\/www.europesays.com\/es\/251076\/"},"modified":"2025-11-23T08:35:45","modified_gmt":"2025-11-23T08:35:45","slug":"se-celebra-en-sevilla-arco-gallery-walks-rutas-guiadas-por-las-galerias-de-arte","status":"publish","type":"post","link":"https:\/\/www.europesays.com\/es\/251076\/","title":{"rendered":"Se celebra en Sevilla &#8216;Arco Gallery Walks&#8217;, rutas guiadas por las galer\u00edas de arte"},"content":{"rendered":"<p style=\"\">Los d\u00edas 21 y 22 de noviembre vuelve a celebrarse en Sevilla una nueva edici\u00f3n de <strong>&#8216;Arco Gallery Walks&#8217;, una iniciativa organizada por la Asociaci\u00f3n de Galer\u00edas de Arte de Sevilla (AGAS),<\/strong> con el patrocinio de la Fundaci\u00f3n ARCO, a trav\u00e9s de la  &#8230; cual se invita al p\u00fablico a descubrir el arte contempor\u00e1neo con rutas guiadas y gratuitas por las galer\u00edas de la ciudad.<\/p>\n<p class=\"voc-p\" style=\"\">Las rutas tendr\u00e1n lugar el viernes 21 de noviembre por la tarde y el s\u00e1bado 22 por la ma\u00f1ana, con dos recorridos diferentes por <strong>las siete galer\u00edas de la asociaci\u00f3n AGAS<\/strong>. Cada ruta contar\u00e1 con un gu\u00eda especializado que acompa\u00f1ar\u00e1 al p\u00fablico, ofreciendo una introducci\u00f3n cercana al arte actual y a las exposiciones que presentan las diferentes galer\u00edas de Sevilla.<\/p>\n<p class=\"voc-p\" style=\"\">La participaci\u00f3n est\u00e1 abierta a todo tipo de p\u00fablico, desde coleccionistas o profesionales del sector hasta estudiantes, aficionados o personas que nunca han visitado una galer\u00eda de arte. El objetivo es acercar el arte contempor\u00e1neo a nuevos p\u00fablicos y poner en valor el papel de las galer\u00edas como espacios de creaci\u00f3n, encuentro y pensamiento.<\/p>\n<p class=\"voc-p\" style=\"\"><strong>La Asociaci\u00f3n de Galer\u00edas de Arte de Sevilla (AGAS), fundada en 2017, agrupa a las principales galer\u00edas de arte contempor\u00e1neo de la ciudad<\/strong>, con el objetivo de fortalecer el tejido art\u00edstico sevillano, fomentar la creaci\u00f3n y promover la proyecci\u00f3n nacional e internacional de sus artistas.<\/p>\n<p class=\"voc-p\" style=\"\">La primera edici\u00f3n de &#8216;Arco Gallery Walks&#8217; en Sevilla tuvo lugar en el a\u00f1o 2019, quedando interrumpida al a\u00f1o siguiente por la pandemia. Con esta iniciativa, Sevilla junto con Mallorca, se sum\u00f3 a los ya habituales recorridos organizados por la Fundaci\u00f3n ARCO en Madrid, Barcelona, Valencia y Lisboa.<\/p>\n<p>\nGaler\u00edas y exposiciones\n<\/p>\n<p class=\"voc-p\" style=\"\">En esta edici\u00f3n 2025 las galer\u00edas y exposiciones que se pueden visitar son las siguientes: <\/p>\n<p class=\"voc-p\" style=\"\"><strong>DELIMBO<\/strong> (c\/ P\u00e9rez Gald\u00f3s no1) \u2013 <strong>Exposici\u00f3n &#8216;The Space Between&#8217;, de Andy Rementer.<\/strong> El artista estadounidense presenta una selecci\u00f3n de pinturas, dibujos y esculturas donde explora lossilencios compartidos, los gestos contenidos y los espacios intermedios que separan \u2014y a la vezconectan\u2014 a las personas.<\/p>\n<p class=\"voc-p\" style=\"\"><strong>GALER\u00cdA RAFAEL ORTIZ<\/strong> (C\/ M\u00e1rmoles no 12) \u2013 Exposici\u00f3n<strong> &#8216;Una carta al Universo&#8217;, de Alberto Porta \/ Zush \/ Evru.<\/strong> La galer\u00eda rinde homenaje al artista barcelon\u00e9s (1946\u20132025), creador del m\u00edtico Evrugo Mental State, un universo propio donde arte, ciencia y m\u00edstica se entrelazan. La exposici\u00f3n re\u00fane esculturas, pinturas y dibujos que recorren su trayectoria y celebran su legado visionario.<\/p>\n<p class=\"voc-p\" style=\"\"><strong>ALARC\u00d3N CRIADO<\/strong> (C\/ Callao no 16) \u2013 Exposici\u00f3n <strong>&#8216;Armaz\u00f3n y envoltura&#8217;, de Mercedes Pimiento.<\/strong> La artista sevillana reflexiona sobre las relaciones entre los cuerpos, los materiales y la arquitectura. A trav\u00e9s de piezas que revelan sus propios procesos y estructuras, explora la tensi\u00f3n entre homogeneizaci\u00f3n y flexibilidad, haciendo visible la infraestructura que sostiene nuestra vida cotidiana.<\/p>\n<p class=\"voc-p\" style=\"\"><strong>DI GALLERY<\/strong> (C\/ Muro de los Navarros no66) \u2013 Exposici\u00f3n<strong> &#8216;La nube de papel. La ret\u00f3rica de los mis\u00f3logos&#8217;, de Dionisio Gonz\u00e1lez<\/strong>. Se trata de una reflexi\u00f3n po\u00e9tica sobre la arquitectura y la escritura, en la que el artista afincado en Sevilla aborda la idea de la &#8216;nube arquitect\u00f3nica&#8217;: estructuras que se disuelven en el entorno, en di\u00e1logo entre materia, pensamiento y paisaje.<\/p>\n<p class=\"voc-p\" style=\"\"><strong>GALER\u00cdA HAURIE<\/strong> (C\/ Guzm\u00e1n el Bueno no9) \u2013 Exposici\u00f3n<strong> &#8216;Nuestra parte de luz&#8217;, de Juan Luque.<\/strong> El pintor cordob\u00e9s presenta su personal lenguaje del paisaje, entendido no como representaci\u00f3n geogr\u00e1fica, sino como espacio emocional y de memoria. En sus obras, los horizontes se convierten en escenarios de introspecci\u00f3n y resonancia \u00edntima.<\/p>\n<p class=\"voc-p\" style=\"\"><strong>ESPACIO DERIVADO<\/strong> (Pza Cristo de Burgos no 17) \u2013 Exposici\u00f3n <strong>&#8216;Tocar el suelo&#8217;, de Elena Jones. <\/strong>La artista presenta un conjunto de \u00abtablaos\u00bb concebidos como instrumentos de suelo, construidos con fragmentos urbanos y activados por una bailaora cuyo taconeo convierte el espacio en partitura sonora. El golpe, la vibraci\u00f3n y el aroma se funden en un ejercicio de escucha expandida.<\/p>\n<p class=\"voc-p\" style=\"\"><strong>BARRERA BALD\u00c1N<\/strong> (C\/ Boteros no 4) \u2013 &#8216;<strong>Steps II&#8217;, de Taller de Gr\u00e1fica 6A<\/strong>. Se presenta lo m\u00e1s destacado de la obra gr\u00e1fica realizada en los \u00faltimos 40 a\u00f1os en el taller galer\u00eda 6A de Palma de Mallorca. Obras de artistas como Claramunt, Casamada, Campano, F\u00e9lix de C\u00e1rdenas, Pepa Satu\u00e9, Joan Cort\u00e9s, Lola Berenguer, Mateu Bauz\u00e1 y Fernando Pagola.<\/p>\n<p class=\"voc-p\" style=\"\"><strong>&#8216;Arco Gallery Walks&#8217;<\/strong><\/p>\n<p class=\"voc-p\" style=\"\"><strong>Cu\u00e1ndo:<\/strong> 21 y 22 de noviembre<\/p>\n<p class=\"voc-p\" style=\"\"><strong>Horario: <\/strong><strong>Viernes 21 de noviembre (tarde)<\/strong> \u2192 Ruta 1: De 17.00 a 21.00 h: Galer\u00edas Alarc\u00f3n Criado &#8211; Haurie &#8211; Rafael Ortiz &#8211; Barrera Bald\u00e1n &#8211; Delimbo Gallery &#8211; Espacio Derivado &#8211; Di Gallery. <\/p>\n<p class=\"voc-p\" style=\"\"><strong>S\u00e1bado 22 de noviembre (ma\u00f1ana)<\/strong> \u2192 Ruta 2: De 10.00 a 14.00 h. Galer\u00edas Di Gallery &#8211; Espacio Derivado &#8211; Delimbo Gallery &#8211; Barrera Bald\u00e1n &#8211; Rafael Ortiz &#8211; Haurie y Alarc\u00f3n Criado.<\/p>\n","protected":false},"excerpt":{"rendered":"Los d\u00edas 21 y 22 de noviembre vuelve a celebrarse en Sevilla una nueva edici\u00f3n de &#8216;Arco Gallery&hellip;\n","protected":false},"author":2,"featured_media":251077,"comment_status":"","ping_status":"","sticky":false,"template":"","format":"standard","meta":{"footnotes":""},"categories":[173],"tags":[2901,229,233,231,230,6951,232,234,146,147,25,24,20363,6227,5016,8341,1171,23,63606],"class_list":{"0":"post-251076","1":"post","2":"type-post","3":"status-publish","4":"format-standard","5":"has-post-thumbnail","7":"category-arte-y-diseno","8":"tag-arco","9":"tag-arte","10":"tag-arte-y-diseno","11":"tag-arts","12":"tag-arts-and-design","13":"tag-celebra","14":"tag-design","15":"tag-diseno","16":"tag-entertainment","17":"tag-entretenimiento","18":"tag-es","19":"tag-espana","20":"tag-galerias","21":"tag-gallery","22":"tag-guiadas","23":"tag-rutas","24":"tag-sevilla","25":"tag-spain","26":"tag-walks"},"share_on_mastodon":{"url":"https:\/\/pubeurope.com\/@es\/115598099978632346","error":""},"_links":{"self":[{"href":"https:\/\/www.europesays.com\/es\/wp-json\/wp\/v2\/posts\/251076","targetHints":{"allow":["GET"]}}],"collection":[{"href":"https:\/\/www.europesays.com\/es\/wp-json\/wp\/v2\/posts"}],"about":[{"href":"https:\/\/www.europesays.com\/es\/wp-json\/wp\/v2\/types\/post"}],"author":[{"embeddable":true,"href":"https:\/\/www.europesays.com\/es\/wp-json\/wp\/v2\/users\/2"}],"replies":[{"embeddable":true,"href":"https:\/\/www.europesays.com\/es\/wp-json\/wp\/v2\/comments?post=251076"}],"version-history":[{"count":0,"href":"https:\/\/www.europesays.com\/es\/wp-json\/wp\/v2\/posts\/251076\/revisions"}],"wp:featuredmedia":[{"embeddable":true,"href":"https:\/\/www.europesays.com\/es\/wp-json\/wp\/v2\/media\/251077"}],"wp:attachment":[{"href":"https:\/\/www.europesays.com\/es\/wp-json\/wp\/v2\/media?parent=251076"}],"wp:term":[{"taxonomy":"category","embeddable":true,"href":"https:\/\/www.europesays.com\/es\/wp-json\/wp\/v2\/categories?post=251076"},{"taxonomy":"post_tag","embeddable":true,"href":"https:\/\/www.europesays.com\/es\/wp-json\/wp\/v2\/tags?post=251076"}],"curies":[{"name":"wp","href":"https:\/\/api.w.org\/{rel}","templated":true}]}}