{"id":251078,"date":"2025-11-23T08:37:15","date_gmt":"2025-11-23T08:37:15","guid":{"rendered":"https:\/\/www.europesays.com\/es\/251078\/"},"modified":"2025-11-23T08:37:15","modified_gmt":"2025-11-23T08:37:15","slug":"el-chiste-del-primer-episodio-de-los-simpson-que-fox-quiso-censurar-a-toda-costa-les-parecio-demasiado-adulto","status":"publish","type":"post","link":"https:\/\/www.europesays.com\/es\/251078\/","title":{"rendered":"El chiste del primer episodio de &#8216;Los Simpson&#8217; que Fox quiso censurar a toda costa: les pareci\u00f3 demasiado adulto"},"content":{"rendered":"<p>El primer episodio largo de <a class=\"text-outboundlink\" href=\"https:\/\/www.espinof.com\/animacion\/multiplicate-cero-millennial-creo-que-simpson-cosa-viejos\" data-vars-post-title=\"Multipl\u00edcate por cero, millennial: creo que &#039;Los Simpson&#039; ya son cosa de viejos \" data-vars-post-url=\"https:\/\/www.espinof.com\/animacion\/multiplicate-cero-millennial-creo-que-simpson-cosa-viejos\" rel=\"nofollow noopener\" target=\"_blank\">&#8216;Los Simpson&#8217;<\/a> que llegamos a ver fue &#8216;Sin blanca Navidad&#8217;, el especial de Navidad el que la familia consegu\u00eda al Peque\u00f1o Ayudante de Santa Claus, pero la idea original era muy distinta. <strong>Matt Groening <\/strong>y <strong>Sam Simon<\/strong> planearon que empezara, por todo lo alto, con &#8216;La babysitter ataca de nuevo&#8217;, un ahora m\u00edtico episodio en el que Bart y Lisa deben enfrentarse a una ni\u00f1era ladrona. Sin embargo, <strong>tuvo tant\u00edsimos problemas que estuvo a punto de condenar para siempre a la serie<\/strong> y que nunca llegara a emitirse.\u00a0<\/p>\n<p>Multipl\u00edcate por cero<\/p>\n<p>Es bien sabido que este cap\u00edtulo, que al final se emiti\u00f3 al final de la temporada 1, tuvo una animaci\u00f3n deficiente. <strong>Los colores no correspond\u00edan con los que se hab\u00edan mandado<\/strong> y todos los objetos y personajes parec\u00edan hechos de goma, muy lejana a la animaci\u00f3n que hab\u00edan so\u00f1ado.<\/p>\n<p>El encargado de hacerla fue el estudio AKOM, que incluy\u00f3 varios efectos de sonido al estilo Hanna-Barbera que no pegaba nada con el aire m\u00e1s realista que le quer\u00edan dar a &#8216;Los Simpson&#8217;.\u00a0De hecho, tuvieron que cambiar el 70% del episodio bajo la batuta de <strong>David Silverman<\/strong>, que ya hab\u00eda dirigido los cortometrajes anteriores que se emitieron en el show de Tracey Ullman.<\/p>\n<p>    <a href=\"https:\/\/www.espinof.com\/divulgacion\/chiste-simpson-que-dura-segundo-que-necesitas-clase-historia-para-entender\" class=\"pivot-outboundlink\" data-vars-post-title=\"El chiste de &#039;Los Simpson&#039; que dura un segundo y que necesitas una clase de historia para entender \" rel=\"nofollow noopener\" target=\"_blank\"><br \/>\n     <img loading=\"lazy\" decoding=\"async\" alt=\"El chiste de 'Los Simpson' que dura un segundo y que necesitas una clase de historia para entender \" width=\"375\" height=\"142\" src=\"https:\/\/www.europesays.com\/es\/wp-content\/uploads\/2025\/11\/1763887033_9_375_142.jpeg\"\/><br \/>\n    <\/a><\/p>\n<p>Si te fijas, de hecho, puedes ver algunas tomas de la versi\u00f3n \u00abantigua\u00bb que sobrevivieron, donde los personajes y los objetos se mueven de manera extra\u00f1a incluso para la primera temporada. Sin embargo, <strong>el mayor problema de este episodio le tuvieron con los censores de Fox<\/strong>, que, ya en el primer cap\u00edtulo, encontraron un motivo para enfadarse con la familia amarilla.<\/p>\n<p>                   <img class=\"centro_sinmarco\" height=\"384\" width=\"512\" loading=\"lazy\" decoding=\"async\"  fetchpriority=\"high\"  src=\"https:\/\/www.europesays.com\/es\/wp-content\/uploads\/2025\/11\/1763887034_5_450_1000.jpeg\" alt=\"Marge Simpson\"\/><\/p>\n<p>En un momento dado, cuando Homer y Marge est\u00e1n a solas en el hotel, <strong>\u00e9l le pide que se ponga <\/strong><strong>\u00abEsa cosa azul con cosas\u00bb<\/strong>. Tal y como cuentan en los comentarios del DVD de la temporada 1, los censores creyeron que era <strong>demasiado sexual<\/strong>. \u00a1Imagina! \u00a1Esa cosa azul! \u00a1Con cosas! Cuando le pidieron a los encargados de la censura que explicaran exactamente qu\u00e9 era lo que les ofuscaba, <strong>no supieron explicarlo<\/strong>, pero les pidieron que, pese a todo, retiraran el chiste porque sonaba er\u00f3tico.<\/p>\n<p>Por supuesto, dado que <strong>James L. Brooks<\/strong> consigui\u00f3 introducir en el contrato inicial que <strong>la cadena no pod\u00eda interferir<\/strong> con el proceso creativo, simplemente pasaron de ellos y el episodio se emiti\u00f3 tal cual, con la cosa azul con cosas intacta.<\/p>\n<p>    <a href=\"https:\/\/www.espinof.com\/series-de-ficcion\/esta-muerta-enterrada-simpson-acaba-confirmar-que-este-personaje-veterano-serie-ha-fallecido-para-siempre\" class=\"pivot-outboundlink\" data-vars-post-title=\"&quot;Est\u00e1 muerta y enterrada&quot;. &#039;Los Simpson&#039; acaba de confirmar que este personaje veterano de la serie ha fallecido para siempre \" rel=\"nofollow noopener\" target=\"_blank\"><br \/>\n     <img loading=\"lazy\" decoding=\"async\" alt=\"&quot;Est\u00e1 muerta y enterrada&quot;. 'Los Simpson' acaba de confirmar que este personaje veterano de la serie ha fallecido para siempre \" width=\"375\" height=\"142\" src=\"https:\/\/www.europesays.com\/es\/wp-content\/uploads\/2025\/11\/1763887035_720_375_142.jpeg\"\/><br \/>\n    <\/a><\/p>\n<p>Esta no fue, ni lejanamente, la \u00fanica pelea de &#8216;Los Simpson&#8217; contra<strong> la censura<\/strong> de Fox: su mayor lucha vino de la mano de <strong>Rasca y Pica<\/strong>, cuya hiper-violencia absurda hizo que la cadena les pidiera su jubilaci\u00f3n de la serie en m\u00e1s de una ocasi\u00f3n.<\/p>\n<p>Como respuesta y manera de hacer un corte de mangas a los mandatarios, <strong>el equipo de guionistas hizo el m\u00edtico episodio &#8216;Rascapiquilandia&#8217;, que enfureci\u00f3 a\u00fan m\u00e1s a los censores<\/strong> y llev\u00f3 a una pelea gigantesca entre las dos partes. Acab\u00f3 decant\u00e1ndose a favor de &#8216;Los Simpson&#8217;, claro, que pudo emitir el episodio sin cortes de ning\u00fan tipo. Bueno, menos los de Rasca y Pica, claro, \u00a1y esos te dejan en carne viva!<\/p>\n<p>En Espinof |\u00a0<a class=\"text-outboundlink\" href=\"https:\/\/www.espinof.com\/animacion\/como-simpson-han-cambiado-su-tono-para-dejar-ser-unos-apestados-convertirse-otro-tipo-serie-distinta-mejor\" data-vars-post-title=\"C\u00f3mo &#039;Los Simpson&#039; han cambiado su tono para dejar de ser unos apestados y convertirse en otro tipo de serie distinta... y mejor\" data-vars-post-url=\"https:\/\/www.espinof.com\/animacion\/como-simpson-han-cambiado-su-tono-para-dejar-ser-unos-apestados-convertirse-otro-tipo-serie-distinta-mejor\" rel=\"nofollow noopener\" target=\"_blank\">C\u00f3mo &#8216;Los Simpson&#8217; han cambiado su tono para dejar de ser unos apestados y convertirse en otro tipo de serie distinta&#8230; y mejor<\/a><\/p>\n<p>En Espinof | <a class=\"text-outboundlink\" href=\"https:\/\/www.espinof.com\/listas\/mejores-series-2025\" data-vars-post-title=\"Las 15 mejores series de 2025 (por ahora)\" data-vars-post-url=\"https:\/\/www.espinof.com\/listas\/mejores-series-2025\" rel=\"nofollow noopener\" target=\"_blank\">Las mejores series de 2025<\/a><\/p>\n","protected":false},"excerpt":{"rendered":"El primer episodio largo de &#8216;Los Simpson&#8217; que llegamos a ver fue &#8216;Sin blanca Navidad&#8217;, el especial de&hellip;\n","protected":false},"author":2,"featured_media":251079,"comment_status":"","ping_status":"","sticky":false,"template":"","format":"standard","meta":{"footnotes":""},"categories":[171],"tags":[146,147,25,24,23,214],"class_list":{"0":"post-251078","1":"post","2":"type-post","3":"status-publish","4":"format-standard","5":"has-post-thumbnail","7":"category-tv","8":"tag-entertainment","9":"tag-entretenimiento","10":"tag-es","11":"tag-espana","12":"tag-spain","13":"tag-tv"},"share_on_mastodon":{"url":"https:\/\/pubeurope.com\/@es\/115598108243822952","error":""},"_links":{"self":[{"href":"https:\/\/www.europesays.com\/es\/wp-json\/wp\/v2\/posts\/251078","targetHints":{"allow":["GET"]}}],"collection":[{"href":"https:\/\/www.europesays.com\/es\/wp-json\/wp\/v2\/posts"}],"about":[{"href":"https:\/\/www.europesays.com\/es\/wp-json\/wp\/v2\/types\/post"}],"author":[{"embeddable":true,"href":"https:\/\/www.europesays.com\/es\/wp-json\/wp\/v2\/users\/2"}],"replies":[{"embeddable":true,"href":"https:\/\/www.europesays.com\/es\/wp-json\/wp\/v2\/comments?post=251078"}],"version-history":[{"count":0,"href":"https:\/\/www.europesays.com\/es\/wp-json\/wp\/v2\/posts\/251078\/revisions"}],"wp:featuredmedia":[{"embeddable":true,"href":"https:\/\/www.europesays.com\/es\/wp-json\/wp\/v2\/media\/251079"}],"wp:attachment":[{"href":"https:\/\/www.europesays.com\/es\/wp-json\/wp\/v2\/media?parent=251078"}],"wp:term":[{"taxonomy":"category","embeddable":true,"href":"https:\/\/www.europesays.com\/es\/wp-json\/wp\/v2\/categories?post=251078"},{"taxonomy":"post_tag","embeddable":true,"href":"https:\/\/www.europesays.com\/es\/wp-json\/wp\/v2\/tags?post=251078"}],"curies":[{"name":"wp","href":"https:\/\/api.w.org\/{rel}","templated":true}]}}