{"id":251080,"date":"2025-11-23T08:38:13","date_gmt":"2025-11-23T08:38:13","guid":{"rendered":"https:\/\/www.europesays.com\/es\/251080\/"},"modified":"2025-11-23T08:38:13","modified_gmt":"2025-11-23T08:38:13","slug":"usle-repion-y-siboney-premios-sotileza","status":"publish","type":"post","link":"https:\/\/www.europesays.com\/es\/251080\/","title":{"rendered":"Usl\u00e9, Repion y Siboney, Premios Sotileza"},"content":{"rendered":"<p><a class=\"v-mdl-ath__fig-a\" href=\"https:\/\/www.eldiariomontanes.es\/autor\/rosa-m-ruiz-630.html\" title=\"Rosa M. Ruiz\" rel=\"nofollow noopener\" target=\"_blank\"><br \/>\n<img decoding=\"async\" class=\"v-mdl-ath__img\" src=\"https:\/\/www.europesays.com\/es\/wp-content\/uploads\/2025\/11\/firmas-5368f69dace53-foto.jpg\" alt=\"Rosa M. Ruiz\"\/><br \/>\n<\/a><\/p>\n<p class=\"v-mdl-ath__p v-mdl-ath__p--6\">\nDomingo, 23 de noviembre 2025, 01:00<\/p>\n<p class=\"v-p\"> Juan Usl\u00e9, Repion y la Galer\u00eda Siboney son los tres nombres que inauguran la lista de galardonados de los Premios Sotileza, reconocimientos impulsados por El Diario Monta\u00f1\u00e9s que nacen con la vocaci\u00f3n de continuidad para destacar la aportaci\u00f3n de personas y entidades de Cantabria a la cultura, la creaci\u00f3n contempor\u00e1nea y la proyecci\u00f3n exterior de la regi\u00f3n. Tres referentes en sus \u00e1mbitos, tres lenguajes muy distintos y otras tantas formas de entender la presencia c\u00e1ntabra en el mundo se re\u00fanen en esta primera edici\u00f3n, cuya entrega de premios tendr\u00e1 lugar martes, d\u00eda 2 de diciembre, en la Sala Mar\u00eda Blanchard del Palacio de Festivales. Los galardones, bajo el nombre del suplemento de Cultura de El Diario, cuentan con el patrocinio de la Consejer\u00eda de Cultura del Gobierno de Cantabria, la Sociedad Regional de Educaci\u00f3n, Cultura y Deporte (Srecd) y la colaboraci\u00f3n del Ayuntamiento de Santander. El jurado ha estado integrado por el poeta y escritor Marcos D\u00edez, la periodista Felisa Palacio, el editor Jes\u00fas Herr\u00e1n y el escritor y cr\u00edtico literario Javier Men\u00e9ndez Llamazares. Los premiados recibir\u00e1n una obra del escultor c\u00e1ntabro Jos\u00e9 Cobo.<\/p>\n<p class=\"v-p\">El Premio Sotileza 2025 recae en Juan Usl\u00e9, cuya trayectoria lo convierte, sin discusi\u00f3n, en uno de los c\u00e1ntabros del a\u00f1o. Lo es por muchas razones, pero especialmente por la intensidad de su presencia art\u00edstica durante los \u00faltimos meses. Tras su participaci\u00f3n en el Palacete del Embarcadero y mientras contin\u00faa, hasta el pr\u00f3ximo a\u00f1o, su muestra m\u00e1s \u00edntima en la Torre de Don Borja bajo el t\u00edtulo &#8216;Notas, un viaje paralelo&#8217;, la obra de Usl\u00e9 regresa este mismo mi\u00e9rcoles al Museo Reina Sof\u00eda. Veinte a\u00f1os despu\u00e9s de &#8216;Open Rooms&#8217;, la primera exposici\u00f3n que el museo dedic\u00f3 al artista nacido en 1954, Usl\u00e9 plantea ahora una gran muestra antol\u00f3gica que profundiza en m\u00e1s de cuatro d\u00e9cadas de creaci\u00f3n.<\/p>\n<p class=\"v-p\">Premio Nacional de Artes Pl\u00e1sticas, Usl\u00e9 trabaja a caballo entre Nueva York y Saro, en Cantabria, dos espacios vitales que han marcado profundamente su proceso creativo. En ellos ha elaborado un lenguaje que desaf\u00eda los l\u00edmites tradicionales de la representaci\u00f3n y que avanza hacia una interpretaci\u00f3n abierta del entorno y de la experiencia interior. Inconformismo, b\u00fasqueda, apertura de fisuras hacia otros territorios y un inter\u00e9s sostenido por la percepci\u00f3n caracterizan un recorrido en el que conviven rigor y emoci\u00f3n. <\/p>\n<p>En continuo crecimiento<\/p>\n<p class=\"v-p\">El Premio Sotileza Tendencias es para Repion, el d\u00fao formado por las hermanas Marina y Teresa I\u00f1esta, que se encuentra en un momento clave de su evoluci\u00f3n. La decisi\u00f3n del jurado llega justo cuando publican &#8216;201&#8217;, su quinto \u00e1lbum en una d\u00e9cada y con el que consolidan definitivamente un proyecto en continuo crecimiento. Diez temas intensos, redondos y reconocibles, con el sello rotundo de un power d\u00fao que ha sabido definir su identidad sin renunciar a la exploraci\u00f3n sonora. Marina, responsable de la voz principal, la guitarra el\u00e9ctrica, la ac\u00fastica, el piano, el melotr\u00f3n y los sintetizadores, y Teresa, bater\u00eda, coros, percusi\u00f3n y tambi\u00e9n guitarra el\u00e9ctrica, no dan pasos en falso. Conocen el territorio que pisan, la direcci\u00f3n que buscan y la manera en la que quieren alcanzarla. El lanzamiento de &#8216;201&#8217; llega despu\u00e9s de meses de actividad ininterrumpida entre conciertos, colaboraciones y grabaciones. Un periodo que ha pulido a\u00fan m\u00e1s su destreza t\u00e9cnica, instrumental. En paralelo al lanzamiento, contin\u00faan con una gira por distintos puntos del pa\u00eds y que las traer\u00e1 a Escenario Santander el pr\u00f3ximo 26 de diciembre.<\/p>\n<p class=\"v-p\">El Premio Sotileza a la Trayectoria distingue a la Galer\u00eda Siboney que este a\u00f1o ha celebrado cuarenta a\u00f1os desde su apertura. Su historia es, en gran parte, la historia reciente del arte contempor\u00e1neo en Cantabria. Nacida en 1985, primero en Castelar y, desde hace a\u00f1os, en la calle Santa Luc\u00eda, Siboney ha ejercido una labor que ha trascendido los l\u00edmites de sus sedes f\u00edsicas gracias a presencias nacionales e internacionales, colaboraciones con entidades y proyectos de toda \u00edndole y un compromiso firme con la difusi\u00f3n del arte. Durante su primera d\u00e9cada, la galer\u00eda estuvo dirigida por Juan Riancho y Fernando Zamanillo; m\u00e1s tarde, Riancho continu\u00f3 en solitario, compaginando durante casi veinte a\u00f1os esta labor con la codirecci\u00f3n de Artesantander. La efem\u00e9ride se ha celebrado este a\u00f1o con varias exposiciones, entre ellas la que tuvo lugar en la Biblioteca Central, que retom\u00f3 la muestra inaugural del 11 de julio de 1985 con obras de Francisco Leiro y Ant\u00f3n Lamazares y una gran retrospectiva en el CDIS con im\u00e1genes significativas de su historia. Tres trayectorias distintas y complementarias que inauguran la historia de los Premios Sotileza con una mirada plural, exigente y profundamente ligada a la identidad cultural de Cantabria.<\/p>\n<p>Reporta un error<\/p>\n","protected":false},"excerpt":{"rendered":"Domingo, 23 de noviembre 2025, 01:00 Juan Usl\u00e9, Repion y la Galer\u00eda Siboney son los tres nombres que&hellip;\n","protected":false},"author":2,"featured_media":251081,"comment_status":"","ping_status":"","sticky":false,"template":"","format":"standard","meta":{"footnotes":""},"categories":[170],"tags":[146,147,25,24,184,185,532,63608,63609,63610,23,63607],"class_list":{"0":"post-251080","1":"post","2":"type-post","3":"status-publish","4":"format-standard","5":"has-post-thumbnail","7":"category-musica","8":"tag-entertainment","9":"tag-entretenimiento","10":"tag-es","11":"tag-espana","12":"tag-music","13":"tag-musica","14":"tag-premios","15":"tag-repion","16":"tag-siboney","17":"tag-sotileza","18":"tag-spain","19":"tag-usle"},"share_on_mastodon":{"url":"https:\/\/pubeurope.com\/@es\/115598112004571368","error":""},"_links":{"self":[{"href":"https:\/\/www.europesays.com\/es\/wp-json\/wp\/v2\/posts\/251080","targetHints":{"allow":["GET"]}}],"collection":[{"href":"https:\/\/www.europesays.com\/es\/wp-json\/wp\/v2\/posts"}],"about":[{"href":"https:\/\/www.europesays.com\/es\/wp-json\/wp\/v2\/types\/post"}],"author":[{"embeddable":true,"href":"https:\/\/www.europesays.com\/es\/wp-json\/wp\/v2\/users\/2"}],"replies":[{"embeddable":true,"href":"https:\/\/www.europesays.com\/es\/wp-json\/wp\/v2\/comments?post=251080"}],"version-history":[{"count":0,"href":"https:\/\/www.europesays.com\/es\/wp-json\/wp\/v2\/posts\/251080\/revisions"}],"wp:featuredmedia":[{"embeddable":true,"href":"https:\/\/www.europesays.com\/es\/wp-json\/wp\/v2\/media\/251081"}],"wp:attachment":[{"href":"https:\/\/www.europesays.com\/es\/wp-json\/wp\/v2\/media?parent=251080"}],"wp:term":[{"taxonomy":"category","embeddable":true,"href":"https:\/\/www.europesays.com\/es\/wp-json\/wp\/v2\/categories?post=251080"},{"taxonomy":"post_tag","embeddable":true,"href":"https:\/\/www.europesays.com\/es\/wp-json\/wp\/v2\/tags?post=251080"}],"curies":[{"name":"wp","href":"https:\/\/api.w.org\/{rel}","templated":true}]}}