{"id":251086,"date":"2025-11-23T08:41:11","date_gmt":"2025-11-23T08:41:11","guid":{"rendered":"https:\/\/www.europesays.com\/es\/251086\/"},"modified":"2025-11-23T08:41:11","modified_gmt":"2025-11-23T08:41:11","slug":"una-densidad-mamografica-alta-podria-estar-asociada-con-tumores-de-peor-pronostico","status":"publish","type":"post","link":"https:\/\/www.europesays.com\/es\/251086\/","title":{"rendered":"Una densidad mamogr\u00e1fica alta podr\u00eda estar asociada con tumores de peor pron\u00f3stico"},"content":{"rendered":"<p>Un estudio realizado desde el instituto de Salud Carlos III (ISCIII) ha analizado la relaci\u00f3n entre densidad mamogr\u00e1fica y los subtipos de c\u00e1ncer de mama, y sus resultados sugieren que una alta densidad mamogr\u00e1fica podr\u00eda estar asociada con el desarrollo de<strong>\u00a0tumores con peor pron\u00f3stico.<\/strong><\/p>\n<p>La investigaci\u00f3n ha sido liderada por el Centro Nacional de Epidemiolog\u00eda (CNE), con participaci\u00f3n del Centro de Investigaci\u00f3n Biom\u00e9dica en Red (CIBER-ISCIII), en colaboraci\u00f3n con ocho centros hospitalarios distribuidos por la geograf\u00eda espa\u00f1ola.<\/p>\n<p><a href=\"https:\/\/breast-cancer-research.biomedcentral.com\/articles\/10.1186\/s13058-025-02142-2\" target=\"_blank\" rel=\"noreferrer noopener nofollow\">El estudio, publicado en la revista\u00a0Breast Cancer Research<\/a>, ha evaluado a 714 pacientes diagnosticadas <strong>entre 2014 y 2019 en ocho hospitales de cuatro comunidades aut\u00f3nomas espa\u00f1olas<\/strong>. Los resultados sugieren que una mayor densidad mamogr\u00e1fica podr\u00eda estar asociada con el desarrollo de tipos tumorales m\u00e1s agresivos, como los HER2+ y los triple negativo, que tienen peor pron\u00f3stico.<\/p>\n<p>El\u00a0<strong>c\u00e1ncer de mama<\/strong>\u00a0es el tumor m\u00e1s frecuente en mujeres en Espa\u00f1a, <strong>representando cerca del 30% de todos los c\u00e1nceres en mujeres<\/strong>. Este tumor comprende distintos subtipos moleculares con comportamientos y pron\u00f3sticos diversos: subtipo con receptores hormonales (HR+), que en general tiene mejor pron\u00f3stico; subtipo con receptor del factor de crecimiento epid\u00e9rmico (HER2+), subtipo que no tiene ninguno de estos receptores (triple negativo), que suele tener el peor pron\u00f3stico.<\/p>\n<p>Los autores y autoras de este trabajo, liderados por la investigadora del\u00a0<strong>CNE Virginia Lope<\/strong>, explican que la densidad mamogr\u00e1fica, que refleja la proporci\u00f3n de tejido fibroglandular frente al tejido graso en una mamograf\u00eda, constituye <strong>un importante factor de riesgo de c\u00e1ncer de mama, y podr\u00eda influir de manera diferente en el desarrollo de estos subtipos<\/strong>. En la investigaci\u00f3n tambi\u00e9n se ha estudiado la posible influencia del \u00edndice de masa corporal y el estado menop\u00e1usico.<\/p>\n<p>Posible marcador pron\u00f3stico<\/p>\n<p>Para el desarrollo del estudio, se recogi\u00f3 informaci\u00f3n epidemiol\u00f3gica, cl\u00ednica y de anatom\u00eda patol\u00f3gica <strong>mediante cuestionarios a las participantes y revisi\u00f3n de historias cl\u00ednicas<\/strong>. El 69% de las participantes present\u00f3 tumores HR+, un 19% el subtipo HER2+ y un 12% el triple negativo.<\/p>\n<p>La densidad mamogr\u00e1fica media fue del 26%. Las mujeres con densidad mamogr\u00e1fica superior al 50% presentaron un menor porcentaje de tumores con mejor pron\u00f3stico (HR+), mientras que el porcentaje de tumores HER2+ y triple negativo -los m\u00e1s agresivos- fue un 36% y un 23% mayor, respectivamente, en comparaci\u00f3n con las mujeres del grupo de menor densidad.<\/p>\n<p>Virginia Lope explica que estos patrones se observaron principalmente en mujeres pre\/perimenop\u00e1usicas y en aquellas con sobrepeso u obesidad: \u00abAunque los hallazgos son preliminares y requieren confirmaci\u00f3n, apuntan a que la densidad mamogr\u00e1fica alta podr\u00eda ser un marcador relevante para identificar a mujeres con mayor riesgo de desarrollar formas m\u00e1s agresivas de c\u00e1ncer de mama\u00bb, concluye.<\/p>\n<p><strong>Referencia:<\/strong><\/p>\n<p>Fern\u00e1ndez-Morata J, et al . \u201cMammographic density and breast cancer pathological subtypes by menopausal status and body mass index\u201d.\u00a0<a href=\"https:\/\/breast-cancer-research.biomedcentral.com\/articles\/10.1186\/s13058-025-02142-2\" target=\"_blank\" rel=\"noopener nofollow\">Breast Cancer Res<\/a><\/p>\n","protected":false},"excerpt":{"rendered":"Un estudio realizado desde el instituto de Salud Carlos III (ISCIII) ha analizado la relaci\u00f3n entre densidad mamogr\u00e1fica&hellip;\n","protected":false},"author":2,"featured_media":251087,"comment_status":"","ping_status":"","sticky":false,"template":"","format":"standard","meta":{"footnotes":""},"categories":[92],"tags":[52880,1293,25,24,1292,165,166,23,1077],"class_list":{"0":"post-251086","1":"post","2":"type-post","3":"status-publish","4":"format-standard","5":"has-post-thumbnail","7":"category-salud","8":"tag-cu00e1ncer-de-mama","9":"tag-enfermedades","10":"tag-es","11":"tag-espana","12":"tag-estudio","13":"tag-health","14":"tag-salud","15":"tag-spain","16":"tag-tumores"},"share_on_mastodon":{"url":"https:\/\/pubeurope.com\/@es\/115598123720430275","error":""},"_links":{"self":[{"href":"https:\/\/www.europesays.com\/es\/wp-json\/wp\/v2\/posts\/251086","targetHints":{"allow":["GET"]}}],"collection":[{"href":"https:\/\/www.europesays.com\/es\/wp-json\/wp\/v2\/posts"}],"about":[{"href":"https:\/\/www.europesays.com\/es\/wp-json\/wp\/v2\/types\/post"}],"author":[{"embeddable":true,"href":"https:\/\/www.europesays.com\/es\/wp-json\/wp\/v2\/users\/2"}],"replies":[{"embeddable":true,"href":"https:\/\/www.europesays.com\/es\/wp-json\/wp\/v2\/comments?post=251086"}],"version-history":[{"count":0,"href":"https:\/\/www.europesays.com\/es\/wp-json\/wp\/v2\/posts\/251086\/revisions"}],"wp:featuredmedia":[{"embeddable":true,"href":"https:\/\/www.europesays.com\/es\/wp-json\/wp\/v2\/media\/251087"}],"wp:attachment":[{"href":"https:\/\/www.europesays.com\/es\/wp-json\/wp\/v2\/media?parent=251086"}],"wp:term":[{"taxonomy":"category","embeddable":true,"href":"https:\/\/www.europesays.com\/es\/wp-json\/wp\/v2\/categories?post=251086"},{"taxonomy":"post_tag","embeddable":true,"href":"https:\/\/www.europesays.com\/es\/wp-json\/wp\/v2\/tags?post=251086"}],"curies":[{"name":"wp","href":"https:\/\/api.w.org\/{rel}","templated":true}]}}