{"id":251092,"date":"2025-11-23T08:44:12","date_gmt":"2025-11-23T08:44:12","guid":{"rendered":"https:\/\/www.europesays.com\/es\/251092\/"},"modified":"2025-11-23T08:44:12","modified_gmt":"2025-11-23T08:44:12","slug":"la-llegada-de-verifactu-tensa-a-empresarios-y-a-trabajadores-por-cuenta-propia","status":"publish","type":"post","link":"https:\/\/www.europesays.com\/es\/251092\/","title":{"rendered":"La llegada de Verifactu tensa a empresarios y a trabajadores por cuenta propia"},"content":{"rendered":"<p><strong>Conforme se acerca la\u00a0implementaci\u00f3n de\u00a0Verifactu, el\u00a0sistema de facturaci\u00f3n electr\u00f3nica creado por la\u00a0Agencia Tributaria (AEAT) para garantizar la integridad y trazabilidad de las facturas,\u00a0y combatir\u00a0el fraude fiscal\u00a0va aumentando la\u00a0confusi\u00f3n y la\u00a0preocupaci\u00f3n entre empresas y aut\u00f3nomos<\/strong><\/p>\n<p class=\"gmail-Paragraph gmail-SCXW36593986 gmail-BCX0\">Una carga administrativa m\u00e1s, y probablemente con costes adicionales,\u00a0que afectar\u00e1 a los trabajadores por cuenta propia sin importar su sector o volumen de facturaci\u00f3n, a las sociedades y a cualquier entidad con actividad econ\u00f3mica. Si se emite una factura\u00a0electr\u00f3nica\u00a0habr\u00e1 que cumplir con esta normativa.\u00a0\u00a0<\/p>\n<p class=\"gmail-Paragraph gmail-SCXW36593986 gmail-BCX0\">Aunque el sistema\u00a0Verifactu\u00a0ha empezado a aplicarse de forma voluntaria desde el 23 de abril de 2025, su\u00a0implantaci\u00f3n obligatoria ser\u00e1 progresiva. Los desarrolladores de software deber\u00e1n adaptarse antes del 29 de julio de 2025, las\u00a0sociedades estar\u00e1n obligadas a partir del 1 de enero de 2026,\u00a0para casi 2,5 millones de pymes\u00a0y\u00a0a partir del\u00a0primero\u00a0de julio de 2026\u00a0para\u00a0los\u00a0aut\u00f3nomos y otras entidades.\u00a0Unas fechas que se echan encima y cuyo incumplimiento puede acarrear sanciones econ\u00f3micas y mayores controles fiscales.\u00a0<\/p>\n<p class=\"gmail-Paragraph gmail-SCXW36593986 gmail-BCX0\"><strong>La factura electr\u00f3nica en el origen\u00a0<\/strong><\/p>\n<p class=\"gmail-Paragraph gmail-SCXW36593986 gmail-BCX0\">Una novedad que se une a la aplicaci\u00f3n de la factura electr\u00f3nica\u00a0cuya tramitaci\u00f3n est\u00e1 llegando a su fase final, previsiblemente se completar\u00e1 en 2027,\u00a0cuando\u00a0a d\u00eda de hoy, seg\u00fan los especialistas,\u00a0cerca del\u00a060% de las empresas a\u00fan depende del procesado\u00a0manual de facturas y el 40% de los pagos se realizan fuera de plazo.\u00a0\u00a0<\/p>\n<p class=\"gmail-Paragraph gmail-SCXW36593986 gmail-BCX0\">En este sentido,\u00a0Mar\u00eda\u00a0Damas,\u00a0Mar\u00eda Damas,\u00a0Public\u00a0Affairs\u00a0Director\u00a0de Sage, empresa de gesti\u00f3n empresarial,\u00a0ha\u00a0se\u00f1alado en\u00a0Accountex\u00a0Espa\u00f1a 2025,\u00a0evento de referencia para despachos profesionales, asesor\u00edas y empresas celebrado en\u00a0Ifema,\u00a0que \u201cla factura electr\u00f3nica, que sustituye al papel,\u00a0representa el primer paso hacia una mayor\u00a0productividad, un mayor cumplimiento fiscal, y una menor morosidad\u201d.\u00a0<\/p>\n<p class=\"gmail-Paragraph gmail-SCXW36593986 gmail-BCX0\">Esta factura electr\u00f3nica\u00a0se ver\u00e1 reforzada con la entrada en vigor del\u00a0Veri*factu, la nueva herramienta gratuita de la Agencia Tributaria que\u00a0permitir\u00e1 enviar\u00a0directamente a la Agencia los registros de facturaci\u00f3n con plenas garant\u00edas de integridad,\u00a0conservaci\u00f3n y trazabilidad\u00a0destinado a evitar tanto la modificaci\u00f3n como la eliminaci\u00f3n una vez\u00a0emitida.\u00a0<\/p>\n<p class=\"gmail-Paragraph gmail-SCXW36593986 gmail-BCX0\"><strong>Un c\u00f3digo QR para garantizar la trazabilidad de la factura\u00a0<\/strong><\/p>\n<p class=\"gmail-Paragraph gmail-SCXW36593986 gmail-BCX0\">El objetivo es que cada factura emitida, para ello se incluir\u00e1 un c\u00f3digo QR\u00a0y un identificador \u00fanico que permitir\u00e1 a la Agencia Tributaria verificar su autenticidad y detectar posibles fraudes. El objetivo es reducir el fraude fiscal y el uso de \u00absoftware de doble uso\u00bb que permita manipular facturas\u00a0y forma parte de un proyecto mayor\u00a0de Ley de Medidas de Prevenci\u00f3n y Lucha contra el Fraude Fiscal.\u00a0<\/p>\n<p class=\"gmail-Paragraph gmail-SCXW36593986 gmail-BCX0\">Desde la agencia tributaria, en cualquier caso, tratan de lanzar un mensaje de tranquilidad.\u00a0Seg\u00fan Joaqu\u00edn Maroto,\u00a0subdirector adjunto de T\u00e9cnica Tributaria de la AEAT, \u201clas empresas pueden afrontar este\u00a0cambio con calma, porque gran parte del trabajo ya la han hecho los desarrolladores de\u00a0software\u201d.\u00a0\u00a0<\/p>\n<p class=\"gmail-Paragraph gmail-SCXW36593986 gmail-BCX0\">En este sentido, el principal reto no ser\u00e1 el tecnol\u00f3gico sino la adaptaci\u00f3n al sistema teniendo en cuenta que\u00a0m\u00e1s de la mitad de pymes y aut\u00f3nomos\u00a0todav\u00eda\u00a0no est\u00e1n preparados para la llegada de\u00a0Verifactu.\u00a0Y las consecuencias pueden ser graves. El uso de un software no homologado puede conllevar\u00a0multas de hasta\u00a050.000 euros.\u00a0<\/p>\n<p class=\"gmail-Paragraph gmail-SCXW36593986 gmail-BCX0\"><strong>Plegarse a\u00a0Verifactu\u00a0para evitar problemas con el fisco\u00a0<\/strong><\/p>\n<p class=\"gmail-Paragraph gmail-SCXW36593986 gmail-BCX0\">Todo ello ha extendido una sensaci\u00f3n de desaz\u00f3n entre mucho peque\u00f1os aut\u00f3nomos. Muchos empresarios temen que Hacienda aproveche para meterse hasta la m\u00e1s profundo de la cocina, dej\u00e1ndoles sin el m\u00e1s m\u00ednimo margen de maniobra para cuadrar sus cuentas.\u00a0\u00a0<\/p>\n<p class=\"gmail-Paragraph gmail-SCXW36593986 gmail-BCX0\">Aunque tarde o temprano tambi\u00e9n tendr\u00e1n que pasar por el aro, de momento esta\u00a0plataforma\u00a0solo afectar\u00e1\u00a0a aut\u00f3nomos y empresas que utilicen un software para facturar, excepto si ya se acogen al SII,\u00a0y no tendr\u00e1 implicaciones en aquellos trabajadores por cuenta propia que facturan de forma tradicional con programas\u00a0como Word o Excel.\u00a0\u00a0<\/p>\n<p class=\"gmail-Paragraph gmail-SCXW36593986 gmail-BCX0\">Para el aut\u00f3nomo\u00a0y\u00a0las\u00a0pymes\u00a0que emiten\u00a0pocas facturas, por tanto,\u00a0[la adopci\u00f3n de\u00a0VeriFactu\u00a0ser\u00e1 voluntaria]<a title=\"Sede Agencia Tributaria\" href=\"https:\/\/sede.agenciatributaria.gob.es\/Sede\/iva\/sistemas-informaticos-facturacion-verifactu.html)\" rel=\"nofollow noopener\" target=\"_blank\">Sede Agencia Tributaria<\/a>, aunque si se quiere ahorrar problemas con Hacienda, es recomendable\u00a0para evitar posibles\u00a0inspecciones fiscales, retrasos en los pagos y posibles problemas de reputaci\u00f3n.\u00a0\u00a0<\/p>\n<p class=\"gmail-Paragraph gmail-SCXW36593986 gmail-BCX0\">El sistema, aunque supondr\u00e1 grandes restricciones, tambi\u00e9n tendr\u00e1 sus cosas buenas, pues facilitar\u00e1\u00a0el cumplimiento normativo, reduce el riesgo de errores y sanciones, y agiliza tr\u00e1mites fiscales.\u00a0Adem\u00e1s,\u00a0ofrecer\u00e1\u00a0mayor seguridad fiscal\u00a0al cliente\u00a0y permitir\u00e1\u00a0una deducci\u00f3n m\u00e1s \u00e1gil de los gastos.\u00a0No hay mal que por bien no venga, dice el refr\u00e1n.\u00a0<\/p>\n<p><strong>\u00a0<\/strong><\/p>\n","protected":false},"excerpt":{"rendered":"Conforme se acerca la\u00a0implementaci\u00f3n de\u00a0Verifactu, el\u00a0sistema de facturaci\u00f3n electr\u00f3nica creado por la\u00a0Agencia Tributaria (AEAT) para garantizar la integridad&hellip;\n","protected":false},"author":2,"featured_media":251093,"comment_status":"","ping_status":"","sticky":false,"template":"","format":"standard","meta":{"footnotes":""},"categories":[80],"tags":[944,63615,12628,82,63617,60018,109,3008,63614,95,94,19204,1003,25,24,11400,13636,63618,6986,2454,57629,1783,29714,63619,63613,63620,4207,2078,5043,7745,23,63616,1668,1511],"class_list":{"0":"post-251092","1":"post","2":"type-post","3":"status-publish","4":"format-standard","5":"has-post-thumbnail","7":"category-economia","8":"tag-acerca","9":"tag-aeat","10":"tag-aumentando","11":"tag-business","12":"tag-combatir-el","13":"tag-conforme","14":"tag-creado","15":"tag-de","16":"tag-de-verifactu","17":"tag-economia","18":"tag-economy","19":"tag-el-sistema","20":"tag-electronica","21":"tag-es","22":"tag-espana","23":"tag-facturacion","24":"tag-facturas","25":"tag-fiscal-va","26":"tag-fraude","27":"tag-garantizar","28":"tag-integridad","29":"tag-la","30":"tag-la-agencia","31":"tag-la-confusion","32":"tag-la-implementacion","33":"tag-la-p","34":"tag-las","35":"tag-para","36":"tag-por","37":"tag-se","38":"tag-spain","39":"tag-trazabilidad","40":"tag-tributaria","41":"tag-y"},"share_on_mastodon":{"url":"https:\/\/pubeurope.com\/@es\/115598135317849410","error":""},"_links":{"self":[{"href":"https:\/\/www.europesays.com\/es\/wp-json\/wp\/v2\/posts\/251092","targetHints":{"allow":["GET"]}}],"collection":[{"href":"https:\/\/www.europesays.com\/es\/wp-json\/wp\/v2\/posts"}],"about":[{"href":"https:\/\/www.europesays.com\/es\/wp-json\/wp\/v2\/types\/post"}],"author":[{"embeddable":true,"href":"https:\/\/www.europesays.com\/es\/wp-json\/wp\/v2\/users\/2"}],"replies":[{"embeddable":true,"href":"https:\/\/www.europesays.com\/es\/wp-json\/wp\/v2\/comments?post=251092"}],"version-history":[{"count":0,"href":"https:\/\/www.europesays.com\/es\/wp-json\/wp\/v2\/posts\/251092\/revisions"}],"wp:featuredmedia":[{"embeddable":true,"href":"https:\/\/www.europesays.com\/es\/wp-json\/wp\/v2\/media\/251093"}],"wp:attachment":[{"href":"https:\/\/www.europesays.com\/es\/wp-json\/wp\/v2\/media?parent=251092"}],"wp:term":[{"taxonomy":"category","embeddable":true,"href":"https:\/\/www.europesays.com\/es\/wp-json\/wp\/v2\/categories?post=251092"},{"taxonomy":"post_tag","embeddable":true,"href":"https:\/\/www.europesays.com\/es\/wp-json\/wp\/v2\/tags?post=251092"}],"curies":[{"name":"wp","href":"https:\/\/api.w.org\/{rel}","templated":true}]}}