{"id":251094,"date":"2025-11-23T08:46:15","date_gmt":"2025-11-23T08:46:15","guid":{"rendered":"https:\/\/www.europesays.com\/es\/251094\/"},"modified":"2025-11-23T08:46:15","modified_gmt":"2025-11-23T08:46:15","slug":"ramon-espinar-reacciona-con-un-unico-adjetivo-a-lo-que-ha-dicho-ayuso-tras-la-condena-al-fiscal-general-del-estado","status":"publish","type":"post","link":"https:\/\/www.europesays.com\/es\/251094\/","title":{"rendered":"Ram\u00f3n Espinar reacciona con un \u00fanico adjetivo a lo que ha dicho Ayuso tras la condena al Fiscal General del Estado"},"content":{"rendered":"<p>El exsenador de Podemos y habitual colaborador televisivo, <a href=\"https:\/\/www.huffingtonpost.es\/virales\/ramon-espinar-da-puntada-hilo-escuchar-juan-carlos-i-hablar-sobre-espana.html\" rel=\"nofollow noopener\" target=\"_blank\">Ram\u00f3n Espinar<\/a>, ha reaccionado con un \u00fanico y contundente adjetivo a <a href=\"https:\/\/www.huffingtonpost.es\/politica\/ayuso-celebra-victoria-ciudadano-particular-ha-quedado-demostrado-derecho-funciona.html\" rel=\"nofollow noopener\" target=\"_blank\">la comentada intervenci\u00f3n<\/a> que la presidenta de la Comunidad de Madrid, Isabel D\u00edaz Ayuso, protagoniz\u00f3 este viernes tras la condena al Fiscal General del Estado.<\/p>\n<p>Su reacci\u00f3n ha llegado un d\u00eda despu\u00e9s de que el Tribunal Supremo <a href=\"https:\/\/www.huffingtonpost.es\/politica\/una-condena-parecia-escrita-juicio-inhabilitacion-fiscal-general.html\" rel=\"nofollow noopener\" target=\"_blank\">decidiera condenar a \u00c1lvaro Garc\u00eda Ortiz a dos a\u00f1os de inhabilitaci\u00f3n<\/a> y una multa de 7.200 euros por un delito de revelaci\u00f3n de secretos contra Alberto Gonz\u00e1lez Amador, pareja de la l\u00edder madrile\u00f1a, a quien ordena indemnizar con 10.000 euros por da\u00f1os morales.<\/p>\n<p>Ayuso ofreci\u00f3 este viernes una rueda de prensa desde la Real Casa de Correos de Madrid, avisando de que lo sucedido son hechos \u00ab<b>propios de una dictadura<\/b>\u00ab. Exigi\u00f3 al presidente del Gobierno, Pedro S\u00e1nchez, que asuma que \u00absu juego ha llegado muy lejos\u00bb al actuar como \u00ab<b>en una dictadura<\/b>\u00bb y ha defendido que Espa\u00f1a necesita \u00abuna nueva etapa de cordura, convivencia y reputaci\u00f3n institucional\u00bb.<\/p>\n<p>\u00abNo sabemos qu\u00e9 escenario est\u00e1 preparando ahora Pedro S\u00e1nchez, pero nos tememos algo desquiciado de aqu\u00ed a pr\u00f3ximas fechas. Es su modus operandi. <b>Apelamos a la cordura de los espa\u00f1oles, la que parece que no asiste a su presidente<\/b>. Los pol\u00edticos estamos de ida y vuelta. Pero las instituciones, la imagen de Espa\u00f1a ante el mundo, la convivencia de los espa\u00f1oles, eso es lo que queda\u00bb, acus\u00f3 la l\u00edder madrile\u00f1a.<\/p>\n<p>Ayuso tambi\u00e9n justific\u00f3 que \u00abEspa\u00f1a no se merece un gobierno que les mienta ni que les parta en dos\u00bb. \u00ab<b>Ni que utilice el Poder Judicial, que le pertenece a todos los espa\u00f1oles, para fines pol\u00edticos<\/b>\u00ab, razon\u00f3.<\/p>\n<p>Tras ver sus palabras, Ram\u00f3n Espinar ha respondido desde la red social X, siendo muy fiel a su estilo. \u00ab<b>Es acojonante lo de Ayuso<\/b>. Se han bajado ella y el novio a un Fiscal General del Estado sin sentencia ni pruebas y a\u00fan sale a contarte que esto es una dictadura contra ella\u00bb, ha razonado, en un tuit que suma m\u00e1s de 3.000 me gusta.<\/p>\n","protected":false},"excerpt":{"rendered":"El exsenador de Podemos y habitual colaborador televisivo, Ram\u00f3n Espinar, ha reaccionado con un \u00fanico y contundente adjetivo&hellip;\n","protected":false},"author":2,"featured_media":251095,"comment_status":"","ping_status":"","sticky":false,"template":"","format":"standard","meta":{"footnotes":""},"categories":[8],"tags":[17,18,25,24,13,14,59956,11,3515,19,20,9,10,15,16,36616,23,12,21,22],"class_list":{"0":"post-251094","1":"post","2":"type-post","3":"status-publish","4":"format-standard","5":"has-post-thumbnail","7":"category-espana","8":"tag-breaking-news","9":"tag-breakingnews","10":"tag-es","11":"tag-espana","12":"tag-featured-news","13":"tag-featurednews","14":"tag-fiscal-general-del-estado","15":"tag-headlines","16":"tag-isabel-diaz-ayuso","17":"tag-latest-news","18":"tag-latestnews","19":"tag-news","20":"tag-noticias","21":"tag-noticias-destacadas","22":"tag-noticiasdestacadas","23":"tag-ramon-espinar","24":"tag-spain","25":"tag-titulares","26":"tag-ultimas-noticias","27":"tag-ultimasnoticias"},"share_on_mastodon":{"url":"https:\/\/pubeurope.com\/@es\/115598143256722709","error":""},"_links":{"self":[{"href":"https:\/\/www.europesays.com\/es\/wp-json\/wp\/v2\/posts\/251094","targetHints":{"allow":["GET"]}}],"collection":[{"href":"https:\/\/www.europesays.com\/es\/wp-json\/wp\/v2\/posts"}],"about":[{"href":"https:\/\/www.europesays.com\/es\/wp-json\/wp\/v2\/types\/post"}],"author":[{"embeddable":true,"href":"https:\/\/www.europesays.com\/es\/wp-json\/wp\/v2\/users\/2"}],"replies":[{"embeddable":true,"href":"https:\/\/www.europesays.com\/es\/wp-json\/wp\/v2\/comments?post=251094"}],"version-history":[{"count":0,"href":"https:\/\/www.europesays.com\/es\/wp-json\/wp\/v2\/posts\/251094\/revisions"}],"wp:featuredmedia":[{"embeddable":true,"href":"https:\/\/www.europesays.com\/es\/wp-json\/wp\/v2\/media\/251095"}],"wp:attachment":[{"href":"https:\/\/www.europesays.com\/es\/wp-json\/wp\/v2\/media?parent=251094"}],"wp:term":[{"taxonomy":"category","embeddable":true,"href":"https:\/\/www.europesays.com\/es\/wp-json\/wp\/v2\/categories?post=251094"},{"taxonomy":"post_tag","embeddable":true,"href":"https:\/\/www.europesays.com\/es\/wp-json\/wp\/v2\/tags?post=251094"}],"curies":[{"name":"wp","href":"https:\/\/api.w.org\/{rel}","templated":true}]}}