{"id":251096,"date":"2025-11-23T08:47:20","date_gmt":"2025-11-23T08:47:20","guid":{"rendered":"https:\/\/www.europesays.com\/es\/251096\/"},"modified":"2025-11-23T08:47:20","modified_gmt":"2025-11-23T08:47:20","slug":"la-alcaldesa-inaugura-el-belen-municipal-obra-de-juan-miguel-barba-delgado","status":"publish","type":"post","link":"https:\/\/www.europesays.com\/es\/251096\/","title":{"rendered":"La alcaldesa inaugura el Bel\u00e9n municipal obra de Juan Miguel Barba Delgado"},"content":{"rendered":"<p>La alcaldesa de Jerez, Mar\u00eda Jos\u00e9 Garc\u00eda-Pelayo, h<strong>a inaugurado esta tarde el Bel\u00e9n municipal obra de Juan Miguel Barba Delgado y<\/strong> la Asociaci\u00f3n de Belenistas de Jerez as\u00ed como la decoraci\u00f3n art\u00edstica navide\u00f1a de la fachada que es obra de Fernando Calder\u00f3n.<\/p>\n<p>La Asociaci\u00f3n de Belenistas lleva 26 a\u00f1os montando el Nacimiento del Consistorio, si bien la tradici\u00f3n se recuper\u00f3 el a\u00f1o pasado ya que durante la gesti\u00f3n del anterior Gobierno no se instalaba el Bel\u00e9n en el Ayuntamiento.<\/p>\n<p>Durante el acto, que ha contado con la asistencia de miembros de la Corporaci\u00f3n municipal, de la Asociaci\u00f3n de Belenistas, Reyes Magos 2026, Cartero Real y numerosos representantes de entidades culturales y sociales de la ciudad, \u00a0s<strong>e ha podido disfrutar de la actuaci\u00f3n del grupo flamenco Kriatura en Navidad <\/strong>que ha interpretado los villancicos El Leru y un popurr\u00ed de villancicos.\u00a0 El padre Luis Cuervo ha sido el encargado un a\u00f1o m\u00e1s de bendecir el Bel\u00e9n y el presidente de la Asociaci\u00f3n de Belenistas, Ram\u00f3n Garc\u00eda, el encargado de explicar el significado del mismo.<\/p>\n<p><strong>El Bel\u00e9n Municipal de este a\u00f1o es una obra de Juan Miguel Barba Delgado. Son figuras de estilo hebrero<\/strong> y est\u00e1n vestidos con telas encoladas y representan la llegada de la Sagrada Familia a Alejandr\u00eda. El montaje del Bel\u00e9n Municipal ha reca\u00eddo un a\u00f1o m\u00e1s en miembros de la Asociaci\u00f3n Belenista de Jerez, con su presidente, Ram\u00f3n Garc\u00eda, a la cabeza.<\/p>\n<p><strong>El Bel\u00e9n Municipal ofrece la ambientaci\u00f3n propia de un peque\u00f1o zoco oriental<\/strong>. En total, entre figuras protagonistas, secundarias y animales, tiene en torno a una veintena de figuras. La iluminaci\u00f3n es fija de d\u00eda y en segundo plano un paisaje en la lejan\u00eda Se trata de un bel\u00e9n muy colorista y con las balconadas muy trabajadas en marqueter\u00eda as\u00ed como muy trabajada est\u00e1n tambi\u00e9n los empedrados. Cabe destacar que se trata de un bel\u00e9n original, parte del cual pertenece al fondo art\u00edstico del Museo del Bel\u00e9n.<\/p>\n<p>El Bel\u00e9n estar\u00e1 abierto al p\u00fablico hasta el pr\u00f3ximo 6 de enero y el horario de visitas es el siguiente:<\/p>\n<p>Ma\u00f1anas de 11 a 14 horas<\/p>\n<p>Tardes de 17.30 a 20.30 horas<\/p>\n<p>Cerrado las tardes del 24 y 31 de diciembre de 2025 y el 5 de enero de 2026 y las ma\u00f1anas del 25 de diciembre y 1 de enero. \u00a0<\/p>\n","protected":false},"excerpt":{"rendered":"La alcaldesa de Jerez, Mar\u00eda Jos\u00e9 Garc\u00eda-Pelayo, ha inaugurado esta tarde el Bel\u00e9n municipal obra de Juan Miguel&hellip;\n","protected":false},"author":2,"featured_media":251097,"comment_status":"","ping_status":"","sticky":false,"template":"","format":"standard","meta":{"footnotes":""},"categories":[5],"tags":[17,18,25,24,13,14,11,19,20,9,10,15,16,23,12,21,22],"class_list":{"0":"post-251096","1":"post","2":"type-post","3":"status-publish","4":"format-standard","5":"has-post-thumbnail","7":"category-titulares","8":"tag-breaking-news","9":"tag-breakingnews","10":"tag-es","11":"tag-espana","12":"tag-featured-news","13":"tag-featurednews","14":"tag-headlines","15":"tag-latest-news","16":"tag-latestnews","17":"tag-news","18":"tag-noticias","19":"tag-noticias-destacadas","20":"tag-noticiasdestacadas","21":"tag-spain","22":"tag-titulares","23":"tag-ultimas-noticias","24":"tag-ultimasnoticias"},"share_on_mastodon":{"url":"https:\/\/pubeurope.com\/@es\/115598147099892964","error":""},"_links":{"self":[{"href":"https:\/\/www.europesays.com\/es\/wp-json\/wp\/v2\/posts\/251096","targetHints":{"allow":["GET"]}}],"collection":[{"href":"https:\/\/www.europesays.com\/es\/wp-json\/wp\/v2\/posts"}],"about":[{"href":"https:\/\/www.europesays.com\/es\/wp-json\/wp\/v2\/types\/post"}],"author":[{"embeddable":true,"href":"https:\/\/www.europesays.com\/es\/wp-json\/wp\/v2\/users\/2"}],"replies":[{"embeddable":true,"href":"https:\/\/www.europesays.com\/es\/wp-json\/wp\/v2\/comments?post=251096"}],"version-history":[{"count":0,"href":"https:\/\/www.europesays.com\/es\/wp-json\/wp\/v2\/posts\/251096\/revisions"}],"wp:featuredmedia":[{"embeddable":true,"href":"https:\/\/www.europesays.com\/es\/wp-json\/wp\/v2\/media\/251097"}],"wp:attachment":[{"href":"https:\/\/www.europesays.com\/es\/wp-json\/wp\/v2\/media?parent=251096"}],"wp:term":[{"taxonomy":"category","embeddable":true,"href":"https:\/\/www.europesays.com\/es\/wp-json\/wp\/v2\/categories?post=251096"},{"taxonomy":"post_tag","embeddable":true,"href":"https:\/\/www.europesays.com\/es\/wp-json\/wp\/v2\/tags?post=251096"}],"curies":[{"name":"wp","href":"https:\/\/api.w.org\/{rel}","templated":true}]}}