{"id":251098,"date":"2025-11-23T08:52:09","date_gmt":"2025-11-23T08:52:09","guid":{"rendered":"https:\/\/www.europesays.com\/es\/251098\/"},"modified":"2025-11-23T08:52:09","modified_gmt":"2025-11-23T08:52:09","slug":"espana-italia-y-la-inesperada-final-de-la-davis-del-pueblo","status":"publish","type":"post","link":"https:\/\/www.europesays.com\/es\/251098\/","title":{"rendered":"Espa\u00f1a, Italia y la inesperada final de la Davis (del pueblo)"},"content":{"rendered":"<p>La <strong>Copa Davis ha encontrado a sus h\u00e9roes.<\/strong> La fase final por la conquista de la Ensaladera inici\u00f3 deslucida, sin los dos grandes nombres del tenis mundial: Alcaraz, por lesi\u00f3n, y Sinner, por una criticada decisi\u00f3n personal. La Davis empez\u00f3 con Espa\u00f1a e Italia hu\u00e9rfanas. Pero&#8230; rompiendo con todos los f\u00fanebres pron\u00f3sticos por la ausencia de sus n\u00fameros uno (y dos), Espa\u00f1a e Italia disputar\u00e1n la gran final este domingo.<\/p>\n<p>\u00bfQu\u00e9 ha pasado? <strong>La magia de la Davis dir\u00e1n algunos<\/strong>, invocando a ese supuesto magnetismo a las sorpresas de la competici\u00f3n, a la que tambi\u00e9n se alude cuando un peque\u00f1o se carga a un grande en la Copa del Rey de f\u00fatbol. En uno y otro caso, sin embargo, la explicaci\u00f3n est\u00e1 en el poder del deporte para derribar prejuicios y en la incre\u00edble capacidad de un deportista para ocupar un lugar que le niegan previas, expertos o casas de apuestas.<\/p>\n<p>Este domingo, Espa\u00f1a buscar\u00e1 su sexta Ensaladera con un equipo sin Carlos Alcaraz, s\u00ed. Pero tambi\u00e9n sin Alejandro Davidovich, este por decisi\u00f3n t\u00e9cnica del capit\u00e1n, David Ferrer. N\u00famero 1 y n\u00famero 14 del mundo, en un 2025 que ya ha sido el mejor a\u00f1o de sus respectivas carreras. Pero Jaume Munar (n\u00famero 36), Pablo Carre\u00f1o (89), Marcel Granollers (sexto del mundo en dobles a sus 39 a\u00f1os) y Pedro Mart\u00ednez (95 individual y 98 en dobles) se han plantado en la final,<strong> reclamando unas portadas que no suelen ocupar,<\/strong> pero que asaltan desde <a href=\"https:\/\/www.rtve.es\/deportes\/20250914\/copa-davis-espana-dinamarca-pablo-carreno-moeller-resumen-resultado\/16728517.shtml\" rel=\"nofollow noopener\" target=\"_blank\">la \u00e9pica remontada contra Dinamarca en la clasificaci\u00f3n previa<\/a> y gan\u00e1ndose el apodo de la \u00abDavis del pueblo\u00bb.<\/p>\n<p>Italia y su idilio con la Davis (falte quien falte)<\/p>\n<p>El rival ser\u00e1 una Italia que acoge el torneo y <strong>busca su <\/strong><a href=\"https:\/\/www.rtve.es\/deportes\/20241124\/italia-paises-bajos-final-copa-davis-2024-sinner-berrettini-resultado\/16344491.shtml\" rel=\"nofollow noopener\" target=\"_blank\">tercera Ensaladera consecutiva<\/a>. Casi nada. Repite final el equipo transalpino, a pesar de no poder contar con Jannik Sinner (n\u00famero 2 del mundo) ni con Lorenzo Musetti (n\u00famero 8). \u00abCreo que no hay muchos jugadores en el mundo a los que puedas sustituir f\u00e1cilmente por ellos y que el equipo mantenga la misma fuerza\u00bb, dijo el capit\u00e1n austr\u00edaco Jurgen Melzer antes de su cruce de cuartos con Italia\u2026 \u00abCreo que nuestras posibilidades han aumentado un poco\u00bb, lleg\u00f3 a decir\u2026 Y los chicos de Filippo Volandri, como har\u00edan tambi\u00e9n con B\u00e9lgica en semifinales, se empe\u00f1aron en llevarle la contraria. Y sin ceder un solo set en todo el torneo.<\/p>\n<p>Matteo Berrettini (56 del mundo) y Flavio Cobolli (22), adem\u00e1s de los todav\u00eda in\u00e9ditos, Lorenzo Sonego (39) y los doblistas Andrea Vavassori (14 del mundo en dobles) y Simone Bolelli (13), est\u00e1n en la final. Como Jaume, Pablo y compa\u00f1\u00eda, <strong>el equipo italiano se ha reivindicado <\/strong>pese a la ausencia de sus ilustres compatriotas. La victoria de la clase media.<\/p>\n<p>Su gran momento ha llegado. Materializadas las gestas y agotadas las exclamaciones y bocas abiertas por su trayectoria en el torneo, Espa\u00f1a e Italia disputar\u00e1n este domingo, desde las 15:00h., la gran final de la Davis. Ser\u00e1 la decimotercera vez que se vean las caras, con un nivelado 7-6 a favor de los italianos. <strong>La \u00faltima, por cierto, se la llev\u00f3 Espa\u00f1a con David Ferrer sobre la pista.<\/strong> Fue en los octavos de final del Grupo Mundial, en 2006. Nadal, Robredo, Verdasco y el propio Ferrer comandaron a la &#8216;Armada&#8217; para ganar 4-1 a la Italia de, atenci\u00f3n, Filippo Volandri. La magia de la Davis\u2026<\/p>\n","protected":false},"excerpt":{"rendered":"La Copa Davis ha encontrado a sus h\u00e9roes. La fase final por la conquista de la Ensaladera inici\u00f3&hellip;\n","protected":false},"author":2,"featured_media":251099,"comment_status":"","ping_status":"","sticky":false,"template":"","format":"standard","meta":{"footnotes":""},"categories":[274],"tags":[168,25,24,23,167,327,326],"class_list":{"0":"post-251098","1":"post","2":"type-post","3":"status-publish","4":"format-standard","5":"has-post-thumbnail","7":"category-tenis","8":"tag-deportes","9":"tag-es","10":"tag-espana","11":"tag-spain","12":"tag-sports","13":"tag-tenis","14":"tag-tennis"},"share_on_mastodon":{"url":"https:\/\/pubeurope.com\/@es\/115598166944514657","error":""},"_links":{"self":[{"href":"https:\/\/www.europesays.com\/es\/wp-json\/wp\/v2\/posts\/251098","targetHints":{"allow":["GET"]}}],"collection":[{"href":"https:\/\/www.europesays.com\/es\/wp-json\/wp\/v2\/posts"}],"about":[{"href":"https:\/\/www.europesays.com\/es\/wp-json\/wp\/v2\/types\/post"}],"author":[{"embeddable":true,"href":"https:\/\/www.europesays.com\/es\/wp-json\/wp\/v2\/users\/2"}],"replies":[{"embeddable":true,"href":"https:\/\/www.europesays.com\/es\/wp-json\/wp\/v2\/comments?post=251098"}],"version-history":[{"count":0,"href":"https:\/\/www.europesays.com\/es\/wp-json\/wp\/v2\/posts\/251098\/revisions"}],"wp:featuredmedia":[{"embeddable":true,"href":"https:\/\/www.europesays.com\/es\/wp-json\/wp\/v2\/media\/251099"}],"wp:attachment":[{"href":"https:\/\/www.europesays.com\/es\/wp-json\/wp\/v2\/media?parent=251098"}],"wp:term":[{"taxonomy":"category","embeddable":true,"href":"https:\/\/www.europesays.com\/es\/wp-json\/wp\/v2\/categories?post=251098"},{"taxonomy":"post_tag","embeddable":true,"href":"https:\/\/www.europesays.com\/es\/wp-json\/wp\/v2\/tags?post=251098"}],"curies":[{"name":"wp","href":"https:\/\/api.w.org\/{rel}","templated":true}]}}