{"id":251100,"date":"2025-11-23T08:53:26","date_gmt":"2025-11-23T08:53:26","guid":{"rendered":"https:\/\/www.europesays.com\/es\/251100\/"},"modified":"2025-11-23T08:53:26","modified_gmt":"2025-11-23T08:53:26","slug":"el-equipo-ciclista-caja-rural-ficha-al-talentoso-corredor-italiano-stefano-oldani","status":"publish","type":"post","link":"https:\/\/www.europesays.com\/es\/251100\/","title":{"rendered":"El equipo ciclista Caja Rural ficha al talentoso corredor italiano Stefano Oldani"},"content":{"rendered":"<p data-gtm-element-container=\"modulo-texto-link\" class=\"paragraph\">El<strong> conjunto navarro Caja Rural-RGA <\/strong>sigue fortaleciendo su estructura de cara a la pr\u00f3xima temporada. Este viernes ha anunciado el fichaje del <strong>experimentado italiano Stefano Oldani (27 a\u00f1os)<\/strong>, que llega a la formaci\u00f3n despu\u00e9s de militar en los equipos World Tour del<strong> Cofidis<\/strong> y del <strong>Alpecin-Deceuninck.<\/strong><\/p>\n<blockquote class=\"twitter-tweet\" data-lang=\"es\"><p>\n<a href=\"\"\/>\n<\/p><\/blockquote>\n<p data-gtm-element-container=\"modulo-texto-link\" class=\"paragraph\">\u00abHe elegido Caja Rural- Seguros RGA porque desde el primer momento sent\u00ed una energ\u00eda especial, un ambiente que cree en el valor humano incluso antes que en el deportivo. Percib\u00ed confianza, ganas de construir juntos y la sensaci\u00f3n concreta de poder volver al nivel que ya he demostrado en el pasado. Necesitaba un lugar donde sentirme parte de algo y aqu\u00ed sent\u00ed exactamente eso. Para la pr\u00f3xima temporada quiero recuperar mi nivel habitual; ser un corredor constante, fiable y capaz de rematar cuando cuenta. Llego con mucha motivaci\u00f3n y con el hambre de demostrar todo lo que llevo dentro. Quiero dar continuidad a mi trabajo y poner mi solidez al servicio del equipo, devolviendo la confianza con esfuerzo y resultados\u201d, ha manifestado el corredor de Mil\u00e1n en un comunicado.<\/p>\n<p>        Lee tambi\u00e9n<\/p>\n<p>    Celes Piedrabuena<\/p>\n<p>             <img loading=\"lazy\" decoding=\"async\" data-full-src=\"https:\/\/www.mundodeportivo.com\/uploads\/2025\/11\/19\/691e0183db4f2.jpeg\" alt=\"Jes\u00fas Herrada quiere volver a sonre\u00edr\" width=\"334\" height=\"164\" src=\"https:\/\/www.europesays.com\/es\/wp-content\/uploads\/2025\/11\/691e0183db4f2.r_d.1024-683.jpeg\" class=\"lazy\"\/><\/p>\n<p>        Lee tambi\u00e9n<\/p>\n<p>    Celes Piedrabuena<\/p>\n<p>             <img loading=\"lazy\" decoding=\"async\" data-full-src=\"https:\/\/www.mundodeportivo.com\/uploads\/2025\/11\/18\/691c5db888df9.jpeg\" alt=\"El p\u00fablico podr\u00e1 seguir disfrutando del ciclismo en el Tour sin rascarse el bolsillo\" width=\"334\" height=\"164\" src=\"https:\/\/www.europesays.com\/es\/wp-content\/uploads\/2025\/11\/1763643386_159_691c5db888df9.jpeg\" class=\"lazy\"\/><\/p>\n<p data-gtm-element-container=\"modulo-texto-link\" class=\"paragraph\">Su llegada al Caja Rural debe servir para recuperar la mejor versi\u00f3n de un ciclista que gan\u00f3 la duod\u00e9cima etapa del <strong>Giro de Italia de 2022<\/strong>, en su \u00fanico triunfo.<\/p>\n<p data-gtm-element-container=\"modulo-texto-link\" class=\"paragraph\">Oldani se convierte de esta forma en el sexto fichaje de cara al nuevo curso tras la llegada del escalador <strong>Jos\u00e9 F\u00e9lix Parra y los ascensos desde Filial Caja Rural-Alea de Ellande Larronde, Iker Villar, Pablo Lospitao y Gorka Corres.<\/strong><\/p>\n","protected":false},"excerpt":{"rendered":"El conjunto navarro Caja Rural-RGA sigue fortaleciendo su estructura de cara a la pr\u00f3xima temporada. Este viernes ha&hellip;\n","protected":false},"author":2,"featured_media":251101,"comment_status":"","ping_status":"","sticky":false,"template":"","format":"standard","meta":{"footnotes":""},"categories":[273],"tags":[313,312,168,25,24,23,167],"class_list":{"0":"post-251100","1":"post","2":"type-post","3":"status-publish","4":"format-standard","5":"has-post-thumbnail","7":"category-ciclismo","8":"tag-ciclismo","9":"tag-cycling","10":"tag-deportes","11":"tag-es","12":"tag-espana","13":"tag-spain","14":"tag-sports"},"share_on_mastodon":{"url":"https:\/\/pubeurope.com\/@es\/115598171175270463","error":""},"_links":{"self":[{"href":"https:\/\/www.europesays.com\/es\/wp-json\/wp\/v2\/posts\/251100","targetHints":{"allow":["GET"]}}],"collection":[{"href":"https:\/\/www.europesays.com\/es\/wp-json\/wp\/v2\/posts"}],"about":[{"href":"https:\/\/www.europesays.com\/es\/wp-json\/wp\/v2\/types\/post"}],"author":[{"embeddable":true,"href":"https:\/\/www.europesays.com\/es\/wp-json\/wp\/v2\/users\/2"}],"replies":[{"embeddable":true,"href":"https:\/\/www.europesays.com\/es\/wp-json\/wp\/v2\/comments?post=251100"}],"version-history":[{"count":0,"href":"https:\/\/www.europesays.com\/es\/wp-json\/wp\/v2\/posts\/251100\/revisions"}],"wp:featuredmedia":[{"embeddable":true,"href":"https:\/\/www.europesays.com\/es\/wp-json\/wp\/v2\/media\/251101"}],"wp:attachment":[{"href":"https:\/\/www.europesays.com\/es\/wp-json\/wp\/v2\/media?parent=251100"}],"wp:term":[{"taxonomy":"category","embeddable":true,"href":"https:\/\/www.europesays.com\/es\/wp-json\/wp\/v2\/categories?post=251100"},{"taxonomy":"post_tag","embeddable":true,"href":"https:\/\/www.europesays.com\/es\/wp-json\/wp\/v2\/tags?post=251100"}],"curies":[{"name":"wp","href":"https:\/\/api.w.org\/{rel}","templated":true}]}}