{"id":251104,"date":"2025-11-23T08:56:14","date_gmt":"2025-11-23T08:56:14","guid":{"rendered":"https:\/\/www.europesays.com\/es\/251104\/"},"modified":"2025-11-23T08:56:14","modified_gmt":"2025-11-23T08:56:14","slug":"escandaloso-joao-neves-as-com","status":"publish","type":"post","link":"https:\/\/www.europesays.com\/es\/251104\/","title":{"rendered":"Escandaloso Jo\u00e3o Neves &#8211; AS.com"},"content":{"rendered":"<p class=\"\">El <b>PSG <\/b>volvi\u00f3 a bailar al son de <b>Jo\u00e3o Neves<\/b>. El portugu\u00e9s, al menos en este inicio de temporada, le ha arrebatado el protagonismo a <b>Vitinha <\/b>en la sala de m\u00e1quinas del campe\u00f3n de Europa, erigi\u00e9ndose como un fant\u00e1stico llegador cuando fue fichado, hace un a\u00f1o, como un gran organizador de juego. El conjunto parisino se impuso 3-0 a un combativo <b>Le Havre<\/b>, que lleg\u00f3 a poner en tela de juicio la superioridad aplastante, al menos por plantilla, de los de Luis Enrique.<\/p>\n<p><img decoding=\"async\" src=\"https:\/\/www.europesays.com\/es\/wp-content\/uploads\/2025\/11\/1763888171_424_default.png\" alt=\"Escandaloso Jo\u00e3o Neves\" height=\"80\" width=\"80\"  loading=\"lazy\" data-error-image=\"https:\/\/static.as.com\/dist\/resources\/images\/placeholder-player.png\"\/><\/p>\n<p class=\"\">No fue, sin embargo, un partido sencillo para el <b>PSG<\/b>. Se encomend\u00f3 al talento de <a href=\"https:\/\/as.com\/futbol\/internacional\/oficial-chevalier-al-psg-n\/\" target=\"_blank\" rel=\"noreferrer nofollow noopener\" title=\"https:\/\/as.com\/futbol\/internacional\/oficial-chevalier-al-psg-n\/\">Chevalier, que justific\u00f3 los 45 millones que desembols\u00f3 el conjunto parisino en verano<\/a> por hacerse con sus servicios. El canterano del Lille estuvo impecable bajo palos, desbaratando el sue\u00f1o del<b> Le Havre <\/b>de sacar petr\u00f3leo en su visita al Parque de los Pr\u00edncipes.<\/p>\n<p class=\"\">A medio gas, porque en la <b>Ligue 1 <\/b>se puede permitir el lujo de competir as\u00ed, el PSG se fue al descanso con ventaja gracias a la astucia de <b>Kang-In Lee<\/b>. El exjugador del Valencia se nutri\u00f3 de un gran movimiento de <b>Gon\u00e7alo Ramos<\/b> en el \u00e1rea y, con un disparo imparable, materializando el 1-0, asent\u00f3 la tranquilidad en Par\u00eds, que presenci\u00f3 un primer tiempo muy complicado del mejor equipo de Europa.<\/p>\n<p><a href=\"https:\/\/as.com\/resultados\/ficha\/equipo\/psg\/49\/\" rel=\"nofollow noopener\" target=\"_blank\"><img decoding=\"async\" src=\"https:\/\/www.europesays.com\/es\/wp-content\/uploads\/2025\/11\/1763888172_663_49.png\" alt=\"Escandaloso Jo\u00e3o Neves\" height=\"80\" width=\"80\"  loading=\"lazy\" data-error-image=\"https:\/\/static.as.com\/dist\/resources\/images\/placeholder-team.png\"\/><\/a><\/p>\n<p class=\"\">El <b>Le Havre<\/b> sali\u00f3 del t\u00fanel de vestuarios con el mismo \u00edmpetu con el que hab\u00eda abordado los primeros 45 minutos. El <b>PSG <\/b>era incapaz de imponerse en el campo. Pero apareci\u00f3 uno de los mejores mediocentros de Europa, seguramente el m\u00e1s prol\u00edfico ahora mismo, para asestarle la estocada definitiva a los normandos. <b>Jo\u00e3o Neves<\/b>, que se ha destapado como un llegador letal, aprovech\u00f3 una segunda jugada de un disparo de <b>Barcola <\/b>para sentenciar el encuentro. Su s\u00e9ptimo gol esta temporada, ratificando unas cifras in\u00e9ditas en este per\u00edodo de su carrera. Barcola se uni\u00f3 a la fiesta al final, rubricando el tercero de los de Luis Enrique, que sufrieron a pesar del 3-0 en el marcador.<\/p>\n<p>Noticias relacionadas<a href=\"https:\/\/as.com\/futbol\/internacional\/psg-le-havre-en-directo-ligue-1-hoy-en-vivo-f202511-n\/\" class=\"s_m_w _rt-16x9\" title=\"PSG-Le Havre, en directo: Ligue 1, hoy en vivo\" data-tb-link=\"\" rel=\"nofollow noopener\" target=\"_blank\"><img decoding=\"async\" src=\"https:\/\/www.europesays.com\/es\/wp-content\/uploads\/2025\/11\/1763888173_199_GKY746ZODBPOBHNZDOESBD3ITQ.jpg\" alt=\"PSG-Le Havre, en directo: Ligue 1, hoy en vivo\" class=\"\" height=\"9\" width=\"16\"   loading=\"lazy\" data-tb-thumbnail=\"\"\/><\/a><a href=\"https:\/\/as.com\/futbol\/internacional\/durisimo-comunicado-del-psg-contra-mbappe-lamentable-f202511-n\/\" class=\"s_m_w _rt-16x9\" title=\"El conjunto parisino lamenta la actitud del jugador, despu\u00e9s de la audiencia entre ambas partes en las que Mbapp\u00e9 reclama 240 millones de euros. \" data-tb-link=\"\" rel=\"nofollow noopener\" target=\"_blank\"><img decoding=\"async\" src=\"https:\/\/www.europesays.com\/es\/wp-content\/uploads\/2025\/11\/1763888174_948_TQERQQRZMJCVXNLVRCYFOMON3Q.jpeg\" alt=\"Dur\u00edsimo comunicado del PSG contra Mbapp\u00e9: \u201cLamentable\u201d\" class=\"\" height=\"9\" width=\"16\"   loading=\"lazy\" data-tb-thumbnail=\"\"\/><\/a><\/p>\n<p class=\"\"><b>\u00a1Tus opiniones importan!<\/b> Comenta en los art\u00edculos y suscr\u00edbete gratis a nuestra <a href=\"https:\/\/asfan.as.com\/newsletters\/\" target=\"_blank\" rel=\"nofollow noopener\" title=\"https:\/\/asfan.as.com\/newsletters\/\">newsletter<\/a> y a las alertas informativas en la <a href=\"https:\/\/as.com\/aplicacion-de-as-n\/\" target=\"_blank\" rel=\"nofollow noopener\" title=\"https:\/\/as.com\/aplicacion-de-as-n\/\">App<\/a> o el canal de <a href=\"https:\/\/www.whatsapp.com\/channel\/0029VaAasdA7j6g745nz9M10\" target=\"_blank\" rel=\"nofollow noopener\" title=\"https:\/\/www.whatsapp.com\/channel\/0029VaAasdA7j6g745nz9M10\">WhatsApp<\/a>.<\/p>\n<p class=\"\"> \u00bfBuscas licenciar contenido? Haz clic <a href=\"https:\/\/profesional.elpais.com\/landing-sindicacion?utm_medium=interno&amp;utm_source=crosslinking&amp;utm_campaign=sindicacion_as_pie_articulos\" target=\"_blank\" rel=\"nofollow noopener\" title=\"https:\/\/profesional.elpais.com\/landing-sindicacion?utm_medium=interno&amp;utm_source=crosslinking&amp;utm_campaign=sindicacion_as_pie_articulos\">aqu\u00ed<\/a><\/p>\n<p class=\"stat-tl ev-fw-tl\"><strong>Cambios<\/strong><\/p>\n<p class=\"ev-text-aux\">\n                            <strong>Bradley Barcola<\/strong> (54&#8242;, Lee Kang-In),                             <strong>Reda Khadra<\/strong> (57&#8242;, Abdoulaye Tour\u00e9),                             <strong>Quentin Ndjantou<\/strong> (63&#8242;, Gon\u00e7alo Ramos),                             <strong>Lucas Hern\u00e1ndez<\/strong> (63&#8242;, Beraldo),                             <strong>Khvicha Kvaratskhelia<\/strong> (70&#8242;, Senny Mayulu),                             <strong>Fabi\u00e1n Ruiz<\/strong> (70&#8242;, Vitinha),                             <strong>Fod\u00e9 Doucour\u00e9<\/strong> (74&#8242;, Yassine Kechta),                             <strong>Felix Mambimbi<\/strong> (83&#8242;, Rassoul Ndiaye),                             <strong>Younes Namli<\/strong> (83&#8242;, Lo\u00efc N\u00e9go)                        <\/p>\n<p class=\"stat-tl ev-fw-tl\"><strong>Goles<\/strong><\/p>\n<p class=\"ev-text-aux\">\n                                                                                                        1-0, 28&#8242;: <strong>Lee Kang-In<\/strong>,                                                                                 2-0, 64&#8242;: <strong>Jo\u00e3o Neves<\/strong>,                                                                                 3-0, 86&#8242;: <strong>Bradley Barcola<\/strong>                        <\/p>\n<p class=\"stat-tl ev-fw-tl\"><strong>Tarjetas<\/strong><\/p>\n<p class=\"ev-text-aux\">\n                Arbitro: Mathieu Vernice<br \/>Arbitro VAR: Eric Wattellier, Christian Guillard<br \/><strong>Abdoulaye Toure<\/strong> (31&#8242;,Amarilla),                                     <strong>Nuno Mendes<\/strong> (60&#8242;,Amarilla),                                     <strong>Quentin Ndjantou<\/strong> (68&#8242;,Amarilla)                            <\/p>\n","protected":false},"excerpt":{"rendered":"El PSG volvi\u00f3 a bailar al son de Jo\u00e3o Neves. El portugu\u00e9s, al menos en este inicio de&hellip;\n","protected":false},"author":2,"featured_media":251105,"comment_status":"","ping_status":"","sticky":false,"template":"","format":"standard","meta":{"footnotes":""},"categories":[268],"tags":[168,25,24,280,282,281,23,167],"class_list":{"0":"post-251104","1":"post","2":"type-post","3":"status-publish","4":"format-standard","5":"has-post-thumbnail","7":"category-futbol","8":"tag-deportes","9":"tag-es","10":"tag-espana","11":"tag-football","12":"tag-futbol","13":"tag-soccer","14":"tag-spain","15":"tag-sports"},"share_on_mastodon":{"url":"https:\/\/pubeurope.com\/@es\/115598182997503304","error":""},"_links":{"self":[{"href":"https:\/\/www.europesays.com\/es\/wp-json\/wp\/v2\/posts\/251104","targetHints":{"allow":["GET"]}}],"collection":[{"href":"https:\/\/www.europesays.com\/es\/wp-json\/wp\/v2\/posts"}],"about":[{"href":"https:\/\/www.europesays.com\/es\/wp-json\/wp\/v2\/types\/post"}],"author":[{"embeddable":true,"href":"https:\/\/www.europesays.com\/es\/wp-json\/wp\/v2\/users\/2"}],"replies":[{"embeddable":true,"href":"https:\/\/www.europesays.com\/es\/wp-json\/wp\/v2\/comments?post=251104"}],"version-history":[{"count":0,"href":"https:\/\/www.europesays.com\/es\/wp-json\/wp\/v2\/posts\/251104\/revisions"}],"wp:featuredmedia":[{"embeddable":true,"href":"https:\/\/www.europesays.com\/es\/wp-json\/wp\/v2\/media\/251105"}],"wp:attachment":[{"href":"https:\/\/www.europesays.com\/es\/wp-json\/wp\/v2\/media?parent=251104"}],"wp:term":[{"taxonomy":"category","embeddable":true,"href":"https:\/\/www.europesays.com\/es\/wp-json\/wp\/v2\/categories?post=251104"},{"taxonomy":"post_tag","embeddable":true,"href":"https:\/\/www.europesays.com\/es\/wp-json\/wp\/v2\/tags?post=251104"}],"curies":[{"name":"wp","href":"https:\/\/api.w.org\/{rel}","templated":true}]}}