{"id":251110,"date":"2025-11-23T09:00:17","date_gmt":"2025-11-23T09:00:17","guid":{"rendered":"https:\/\/www.europesays.com\/es\/251110\/"},"modified":"2025-11-23T09:00:17","modified_gmt":"2025-11-23T09:00:17","slug":"gran-hermano-lo-tenia-todo-para-vivir-de-la-fama-tras-ganar-gran-hermano-pero-prefirio-una-vida-sencilla","status":"publish","type":"post","link":"https:\/\/www.europesays.com\/es\/251110\/","title":{"rendered":"GRAN HERMANO | Lo ten\u00eda todo para vivir de la fama tras ganar Gran Hermano\u2026 pero prefiri\u00f3 una vida sencilla"},"content":{"rendered":"<p class=\"ft-text\"><strong>Durante meses, millones de espectadores siguieron su d\u00eda a d\u00eda en la casa de Guadalix de la Sierra<\/strong>. Su naturalidad, su humor y aquel car\u00e1cter sereno lo convirtieron en uno de los concursantes m\u00e1s queridos de\u00a0<strong>\u2018Gran Hermano\u00a06\u2019<\/strong>. Pero, cuando todos esperaban verlo en plat\u00f3s, revistas o nuevos programas,\u00a0<strong>Juanjo Mateo desapareci\u00f3 de la televisi\u00f3n<\/strong>. Dos d\u00e9cadas despu\u00e9s, su vida transcurre entre vecinos, familia y trabajo en la provincia de\u00a0<strong>Alicante<\/strong>, muy lejos del ruido medi\u00e1tico que un d\u00eda lo rode\u00f3.<\/p>\n<p>El taxista de Alicante que conquist\u00f3 a toda Espa\u00f1a<\/p>\n<p class=\"ft-text\">En 2005, su vida dio un giro radical. Entr\u00f3 en el reality como un ciudadano corriente y sali\u00f3 con\u00a0<strong>300.000 euros de premio<\/strong>\u00a0y la simpat\u00eda del p\u00fablico. \u201c<strong>Los taxistas somos los psic\u00f3logos de la gente<\/strong>\u201d, dec\u00eda en su v\u00eddeo de presentaci\u00f3n, sin imaginar que aquella frase se har\u00eda inolvidable.<\/p>\n<p><img decoding=\"async\" src=\"https:\/\/www.europesays.com\/es\/wp-content\/uploads\/2025\/11\/1b9da79b-1276-4035-9fc9-c7196ebaba77_alta-libre-aspect-ratio_default_0.jpg\" width=\"1200\" height=\"873\" alt=\"Juanjo Mateo Rocamora, en su fotograf\u00eda de presentaci\u00f3n para 'Gran Hermano'.\" class=\"ft-helper-img-rd\" loading=\"lazy\"\/><\/p>\n<p class=\"ft-helper-fontColor-quaternary ft-helper-fontSize-body-S ft-helper-spacer-t-xxs\">Juanjo Mateo Rocamora, en su fotograf\u00eda de presentaci\u00f3n para &#8216;Gran Hermano&#8217;.  \/ INFORMACI\u00d3N<\/p>\n<p class=\"ft-text\">Mientras otros compa\u00f1eros de edici\u00f3n, como Nicky Villanueva o \u201cBea La Legionaria\u00bb, intentaban prolongar la fama,\u00a0<strong>Juanjo opt\u00f3 por el camino contrario: volver a la normalidad<\/strong>. \u201c<strong>Tras el reality solo hice las entrevistas obligatorias; prefer\u00ed volver a mi vida a salir en la tele<\/strong>\u201d, confes\u00f3 a\u00f1os despu\u00e9s.<\/p>\n<p>Una decisi\u00f3n inesperada<\/p>\n<p class=\"ft-text\">Regresar a su rutina fue, para muchos, una sorpresa. Pero \u00e9l lo tuvo claro desde el principio. \u201c<strong>No he sido un juguete roto porque tengo una familia estupenda y eso me da estabilidad<\/strong>\u201d, explic\u00f3 en una de las pocas entrevistas que concedi\u00f3 tras el programa.<\/p>\n<p class=\"ft-text\">Ahora,\u00a0<strong>vive y trabaja en\u00a0Torrellano,\u00a0Elche <\/strong>donde su vida gira en torno a la calma y el contacto diario con la gente. Los vecinos lo saludan por su nombre y algunos turistas todav\u00eda se sorprenden al reconocer al ganador del reality m\u00e1s famoso de Espa\u00f1a.<\/p>\n<p class=\"ft-text\">Durante su paso por el programa, vivi\u00f3 un breve romance con\u00a0<strong>Diana, \u201cDulcinea\u201d<\/strong>, que ocup\u00f3 titulares. Sin embargo, cuando se apagaron las c\u00e1maras,\u00a0<strong>rehuy\u00f3 las exclusivas<\/strong>\u00a0y las portadas. Decidi\u00f3 no alimentar el inter\u00e9s medi\u00e1tico y recuperar, poco a poco, su anonimato.<\/p>\n<p><img decoding=\"async\" src=\"https:\/\/www.europesays.com\/es\/wp-content\/uploads\/2025\/11\/0e055ddb-8ccd-4ae7-89d8-a9e0f043abb7_alta-libre-aspect-ratio_default_0.jpg\" width=\"1200\" height=\"797\" alt=\"Juanjo, en su llegada a Alicante en 2004, tras ganar 'Gran Hermano'\" class=\"ft-helper-img-rd\" loading=\"lazy\"\/><\/p>\n<p class=\"ft-helper-fontColor-quaternary ft-helper-fontSize-body-S ft-helper-spacer-t-xxs\">Juanjo, en su llegada a Alicante en 2004, tras ganar &#8216;Gran Hermano&#8217;  \/ DIEGO FOT\u00d3GRAFOS<\/p>\n<p>\u201cMi intimidad me la pagaron a 90 euros diarios\u201d<\/p>\n<p class=\"ft-text\">Con el tiempo, reconoci\u00f3 que\u00a0<strong>la fama tuvo un precio personal<\/strong>. \u201c<strong>Mi intimidad me la pagaron a 90 euros diarios, un precio nada acorde con lo que perd\u00ed<\/strong>\u201d, dijo entonces en una entrevista. Tambi\u00e9n critic\u00f3 lo que consideraba condiciones abusivas del concurso y dej\u00f3 claro que su salida de la televisi\u00f3n fue una forma de\u00a0<strong>recuperar el control de su vida<\/strong>.<\/p>\n<p class=\"ft-text\">Mientras algunos exconcursantes siguieron buscando c\u00e1maras, \u00e9l apost\u00f3 por la estabilidad. Hoy, a sus 54 a\u00f1os, mantiene la serenidad de quien sabe que el \u00e9xito no siempre est\u00e1 en los focos. \u201c<strong>La tele fue la experiencia de mi vida, pero mi felicidad est\u00e1 en mi gente y en mi trabajo de siempre<\/strong>\u201d, resum\u00eda con sinceridad.<\/p>\n<p>Una fama que no cambi\u00f3 a Juanjo, el taxista de Elche<\/p>\n<p class=\"ft-text\">Cuando alguien lo reconoce y le pide una foto o un aut\u00f3grafo, Juanjo sonr\u00ede y accede, pero sin darle m\u00e1s importancia. \u201c<strong>Los que creen que volver a mi vida despu\u00e9s de \u2018Gran Hermano\u2019 es un fracaso son minor\u00eda<\/strong>\u201d, ha comentado en m\u00e1s de una ocasi\u00f3n.<\/p>\n<p class=\"ft-text\">Lejos de los titulares,\u00a0<strong>el alicantino vive con calma, sin nostalgia ni arrepentimiento<\/strong>. Su historia es la de alguien que eligi\u00f3 ganar de otra forma:\u00a0<strong>ganar en equilibrio, en normalidad y en autenticidad<\/strong>.<\/p>\n<p>Otras vidas lejos de los focos<\/p>\n<p class=\"ft-text\">Su caso recuerda al de<strong>\u00a0<\/strong><a class=\"ft-link ft-link--decoration\" href=\"https:\/\/www.elperiodico.com\/es\/gente\/20251020\/exconcursante-gran-hermano-ahora-vende-cupones-once-dv-122633139\" rel=\"nofollow noopener\" target=\"_blank\"><strong>Raquel Morillas<\/strong><\/a><strong>, otra exconcursante del programa que tambi\u00e9n ha rehecho su vida vendiendo cupones en la provincia de Alicante<\/strong>, lejos del escaparate televisivo.<\/p>\n<p class=\"ft-text\">Ambos son ejemplos de una generaci\u00f3n que conoci\u00f3 la fama repentina y\u00a0<strong>eligi\u00f3 volver a la vida real<\/strong>, demostrando que, a veces, la mayor victoria no se mide en audiencia, sino en paz interior.<\/p>\n","protected":false},"excerpt":{"rendered":"Durante meses, millones de espectadores siguieron su d\u00eda a d\u00eda en la casa de Guadalix de la Sierra.&hellip;\n","protected":false},"author":2,"featured_media":251111,"comment_status":"","ping_status":"","sticky":false,"template":"","format":"standard","meta":{"footnotes":""},"categories":[171],"tags":[146,147,25,24,14606,256,2000,3956,3057,63621,23,214,1284],"class_list":{"0":"post-251110","1":"post","2":"type-post","3":"status-publish","4":"format-standard","5":"has-post-thumbnail","7":"category-tv","8":"tag-entertainment","9":"tag-entretenimiento","10":"tag-es","11":"tag-espana","12":"tag-fama","13":"tag-famosos","14":"tag-ganar","15":"tag-gran","16":"tag-gran-hermano","17":"tag-hermano-vida-sencilla-dv","18":"tag-spain","19":"tag-tv","20":"tag-vivir"},"share_on_mastodon":{"url":"https:\/\/pubeurope.com\/@es\/115598198776241425","error":""},"_links":{"self":[{"href":"https:\/\/www.europesays.com\/es\/wp-json\/wp\/v2\/posts\/251110","targetHints":{"allow":["GET"]}}],"collection":[{"href":"https:\/\/www.europesays.com\/es\/wp-json\/wp\/v2\/posts"}],"about":[{"href":"https:\/\/www.europesays.com\/es\/wp-json\/wp\/v2\/types\/post"}],"author":[{"embeddable":true,"href":"https:\/\/www.europesays.com\/es\/wp-json\/wp\/v2\/users\/2"}],"replies":[{"embeddable":true,"href":"https:\/\/www.europesays.com\/es\/wp-json\/wp\/v2\/comments?post=251110"}],"version-history":[{"count":0,"href":"https:\/\/www.europesays.com\/es\/wp-json\/wp\/v2\/posts\/251110\/revisions"}],"wp:featuredmedia":[{"embeddable":true,"href":"https:\/\/www.europesays.com\/es\/wp-json\/wp\/v2\/media\/251111"}],"wp:attachment":[{"href":"https:\/\/www.europesays.com\/es\/wp-json\/wp\/v2\/media?parent=251110"}],"wp:term":[{"taxonomy":"category","embeddable":true,"href":"https:\/\/www.europesays.com\/es\/wp-json\/wp\/v2\/categories?post=251110"},{"taxonomy":"post_tag","embeddable":true,"href":"https:\/\/www.europesays.com\/es\/wp-json\/wp\/v2\/tags?post=251110"}],"curies":[{"name":"wp","href":"https:\/\/api.w.org\/{rel}","templated":true}]}}