{"id":251114,"date":"2025-11-23T09:02:09","date_gmt":"2025-11-23T09:02:09","guid":{"rendered":"https:\/\/www.europesays.com\/es\/251114\/"},"modified":"2025-11-23T09:02:09","modified_gmt":"2025-11-23T09:02:09","slug":"los-tres-actores-principales-de-una-pelicula-de-terror-y-suspense-en-el-efese","status":"publish","type":"post","link":"https:\/\/www.europesays.com\/es\/251114\/","title":{"rendered":"Los tres actores principales de una pel\u00edcula de terror y suspense en el Efes\u00e9"},"content":{"rendered":"<p>El tiempo se agota. El mecanismo del reloj de Alejandro Arribas est\u00e1 llegando al l\u00edmite a la espera de que Duino Inversiones acepte el pacto  &#8230; de compraventa por el FC Cartagena y la totalidad de las acciones pase a mano de Cortadone Inversiones SL, una firma cuyo administrador \u00fanico es el exfutbolista madrile\u00f1o. Mientras, Paco Belmonte no est\u00e1 poniendo ning\u00fan impedimento para que la negociaci\u00f3n llegue a buen puerto y pueda, por fin, echarse a un lado y dejar presidir a Arribas.<\/p>\n<ul class=\"v-u\">\n<li class=\"v-u__l\">\n<p class=\"v-p\">\nMoreno<br \/>\nQuiere recuperar lo invertido en el Efes\u00e9 y el compromiso del comprador de que es viable que se le devuelvan los 2,7 millones.\n<\/p>\n<\/li>\n<li class=\"v-u__l\">\n<p class=\"v-p\">\nBelmonte<br \/>\nFirm\u00f3 lo pactado y se despidi\u00f3 del club; ha tenido que volver a dar la cara y est\u00e1 entre la espada y la pared.\n<\/p>\n<\/li>\n<li class=\"v-u__l\">\n<p class=\"v-p\">\nArribas<br \/>\nEst\u00e1 a punto de arrojar la toalla. Quiere que el importe del \u00faltimo pago, el que corresponde a Moreno, se reduzca en base a las deudas que tenga que hacer frente.\n<\/p>\n<\/li>\n<\/ul>\n<p class=\"v-p\">Lo que est\u00e1 claro es que, con o sin venta, el Cartagena tiene una elevada cantidad de deudas, a las que tienen que empezar a hacerle frente para que la bola de los problemas econ\u00f3micos no se haga m\u00e1s grande y, cuando se quiera remediar, sea ya tarde. De momento, el club est\u00e1 descapitaneado y apenas Belmonte hace frente a algunas gestiones en la sombra. S\u00e1nchez Breis y S\u00edvori se despidieron y ya no han vuelto a mirar atr\u00e1s. <\/p>\n<p class=\"v-p\">La crispaci\u00f3n en la grada es total. Est\u00e1n viendo c\u00f3mo las heridas de su equipo no se est\u00e1n subsanando y protestan para que Duino se largue de una vez de las oficinas del Cartagonova. La \u00faltima palabra la tiene la parte vendedora y tendr\u00e1 que tomar una decisi\u00f3n pronto porque la paciencia de Arribas est\u00e1 llegando al l\u00edmite.<\/p>\n<p>El poder en la sombra<\/p>\n<p class=\"v-p\">Felipe Moreno tiene una estrecha colaboraci\u00f3n con Fernando Carre\u00f1o, titular de la empresa Duino Inversiones, poseedora del 85% de las acciones del FC Cartagena. Todas las miradas est\u00e1n puestas en \u00e9l porque, a t\u00edtulo personal, prest\u00f3 a la entidad albinegra 2&#8217;5 millones de euros, una cantidad que est\u00e1 siendo el punto clave para que la operaci\u00f3n se desatasque. <\/p>\n<p class=\"v-p\">A julio de este a\u00f1o, ese importe ascendi\u00f3 a 2.752.000 de euros por los intereses y tiene que ser devuelto al presidente del Real Murcia antes del 30 de mayo de 2027. Arribas asegura que puede hacer frente a ese cargo con la garant\u00eda de avales, pero quiere que esa cifra se reduzca a costa de las deudas del club heredadas de la administraci\u00f3n Belmonte que se encuentre, si finalmente llega a ser el propietario, y que tenga que hacer frente de su bolsillo. Veremos si Moreno est\u00e1 de acuerdo en este punto del contrato y, finalmente, Arribas se convierte en el propietario al 100% del Efes\u00e9. <\/p>\n<p>Una firma y un adi\u00f3s est\u00e9ril<\/p>\n<p class=\"v-p\">El todav\u00eda presidente del Cartagena es el actor menos trascendental de los tres. A finales de la semana pasada, con el &#8216;ok&#8217; de Duino a la compraventa, ten\u00eda que ultimar los flecos contractuales con Alejandro Arribas y podr\u00eda poner fin a su etapa albinegra. De nuevo, Duino dio marcha atr\u00e1s a la operaci\u00f3n. Ya sin Breis ni S\u00edvori, sus hombres de confianza, es el \u00fanico que ha asumido en las \u00faltimas semanas la gesti\u00f3n en la sombra. Adem\u00e1s, habl\u00f3 con la plantilla antes del partido contra el Teruel para decirles que las n\u00f3minas se seguir\u00e1n pagando. <\/p>\n<p>Un comprador con la paciencia al l\u00edmite<\/p>\n<p class=\"v-p\">Est\u00e1 deseando que haya acuerdo y ponerse a trabajar. En estos meses ya ha aportado a las arcas del Cartagena cerca de 1&#8217;6 millones de euros y se comprometi\u00f3 a pagar ya los 1.174.000 de euros, que ten\u00eda que pagar en dos plazos a partes iguales en marzo del 2026 y en marzo del 2027, para convertirse en el nuevo due\u00f1o. Solo quiere que las deudas a las que tenga que hacerle frente de los anteriores gestores se vean reflejadas en el pago final de 2,7 millones a Moreno.<\/p>\n<p class=\"v-p\">Entre las obligaciones financieras atrasadas, el c\u00edrculo del exfutbolista apunta a cerca de 4 millones de euros, est\u00e1n los 800.000 euros que la SAD le debe a Hacienda y a la Seguridad Social, que le impide ingresar los derechos televisivos por parte de la RFEF. Adem\u00e1s de los atrasos a proveedores, negociar con la media docena de acreedores que han embargado al club y los 180.000 euros que tienen que pagarle a R\u00edos Reina en un plazo de cinco meses.<\/p>\n<ol class=\"v-cmp-u-b__u\">\n<li class=\"v-cmp-u-b__l\">\n<p>V\u00edctor Alonso: Un papel secundario con nula participaci\u00f3n y a la espera de nuevos acontecimientos<\/p>\n<\/li>\n<\/ol>\n<p class=\"v-p\">Uno de los da\u00f1os colaterales de la ruptura de las negociaciones entre Duino y Arribas fue la dimisi\u00f3n de su cargo de V\u00edctor Alonso, el que llegaba al Cartagonova con el cartel de nuevo director general del club. Hasta ese momento y desde el mes de julio, pese a que la propiedad del club no hab\u00eda cambiado de manos. Era una de esas medidas de la famosa transici\u00f3n ordenada que se anunci\u00f3 en el primer comunicado.<\/p>\n<p class=\"v-p\">Alonso estuvo durante tres meses inmerso en los despachos albinegros, junto a Arribas, para empezar a adelantar el trabajo que se le ven\u00eda encima. Sus funciones durante este tiempo estuvieron opacadas por las decisiones de Paco Belmonte, que era el que ten\u00eda el mazo para determinar la acci\u00f3n que se iba a llevar a cabo. Adem\u00e1s, pese a que en el comunicado de su salida de la entidad albinegra le apropiaban el cargo de director general del Efes\u00e9, nunca fue nombrado como tal durante estos meses. El Consejo de Administraci\u00f3n lo segu\u00edan formando Belmonte, su hermano Mariano y Breis.<\/p>\n<p class=\"v-p\">Hizo un amago de salir, pero el apret\u00f3n a finales de octubre para cerrar el trato le hizo aguantar, pero el volantazo en las negociaciones de Duino fue la gota que colm\u00f3 el vaso de la paciencia de V\u00edctor Alonso. <\/p>\n<p class=\"v-p\">El madrile\u00f1o tomaba la decisi\u00f3n de marcharse porque reconoc\u00eda que sin un acuerdo por la propiedad del club le era imposible actuar de la manera que a \u00e9l le parec\u00eda que hab\u00eda que hacerlo. <\/p>\n<p class=\"v-p\">Ahora est\u00e1 a la espera de que el acuerdo llegue a buen puerto y Cortadone Inversiones SL sea la nueva propiedad del Efes\u00e9. Si llega ese momento, Alonso volver\u00eda a los despachos del Cartagonova para trabajar junto a Arribas y a Javier Hern\u00e1ndez, que todo apunta a que ser\u00e1 el nuevo director deportivo del Cartagena. <\/p>\n<p class=\"v-p\">Si la venta se cierra pronto, los deberes m\u00e1s urgentes que tiene que realizar ser\u00e1n los de conseguir una inyecci\u00f3n econ\u00f3mica que haga frente a las deudas del club con Hacienda, la Seguridad Social, los proveedores y la media docena de embargos. Adem\u00e1s, tendr\u00e1n que pagar las n\u00f3minas de la plantilla y del cuerpo t\u00e9cnico.<\/p>\n<p class=\"v-p\">Por otro lado, las entradas del duelo copero frente al Valencia y las del derbi regional frente al Real Murcia, que supondr\u00edan un chute econ\u00f3mico para las arcas del club todav\u00eda no han salido a la venta.<\/p>\n","protected":false},"excerpt":{"rendered":"El tiempo se agota. El mecanismo del reloj de Alejandro Arribas est\u00e1 llegando al l\u00edmite a la espera&hellip;\n","protected":false},"author":2,"featured_media":251115,"comment_status":"","ping_status":"","sticky":false,"template":"","format":"standard","meta":{"footnotes":""},"categories":[169],"tags":[1014,177,31747,146,147,25,24,176,175,1257,8832,23,6669,6667,603],"class_list":{"0":"post-251114","1":"post","2":"type-post","3":"status-publish","4":"format-standard","5":"has-post-thumbnail","7":"category-cine","8":"tag-actores","9":"tag-cine","10":"tag-efese","11":"tag-entertainment","12":"tag-entretenimiento","13":"tag-es","14":"tag-espana","15":"tag-film","16":"tag-movies","17":"tag-pelicula","18":"tag-principales","19":"tag-spain","20":"tag-suspense","21":"tag-terror","22":"tag-tres"},"share_on_mastodon":{"url":"","error":""},"_links":{"self":[{"href":"https:\/\/www.europesays.com\/es\/wp-json\/wp\/v2\/posts\/251114","targetHints":{"allow":["GET"]}}],"collection":[{"href":"https:\/\/www.europesays.com\/es\/wp-json\/wp\/v2\/posts"}],"about":[{"href":"https:\/\/www.europesays.com\/es\/wp-json\/wp\/v2\/types\/post"}],"author":[{"embeddable":true,"href":"https:\/\/www.europesays.com\/es\/wp-json\/wp\/v2\/users\/2"}],"replies":[{"embeddable":true,"href":"https:\/\/www.europesays.com\/es\/wp-json\/wp\/v2\/comments?post=251114"}],"version-history":[{"count":0,"href":"https:\/\/www.europesays.com\/es\/wp-json\/wp\/v2\/posts\/251114\/revisions"}],"wp:featuredmedia":[{"embeddable":true,"href":"https:\/\/www.europesays.com\/es\/wp-json\/wp\/v2\/media\/251115"}],"wp:attachment":[{"href":"https:\/\/www.europesays.com\/es\/wp-json\/wp\/v2\/media?parent=251114"}],"wp:term":[{"taxonomy":"category","embeddable":true,"href":"https:\/\/www.europesays.com\/es\/wp-json\/wp\/v2\/categories?post=251114"},{"taxonomy":"post_tag","embeddable":true,"href":"https:\/\/www.europesays.com\/es\/wp-json\/wp\/v2\/tags?post=251114"}],"curies":[{"name":"wp","href":"https:\/\/api.w.org\/{rel}","templated":true}]}}