{"id":251118,"date":"2025-11-23T09:05:18","date_gmt":"2025-11-23T09:05:18","guid":{"rendered":"https:\/\/www.europesays.com\/es\/251118\/"},"modified":"2025-11-23T09:05:18","modified_gmt":"2025-11-23T09:05:18","slug":"javier-olivares-esta-llegando-un-momento-en-el-que-es-muy-dificil-trabajar","status":"publish","type":"post","link":"https:\/\/www.europesays.com\/es\/251118\/","title":{"rendered":"Javier Olivares: \u00abEst\u00e1 llegando un momento en el que es muy dif\u00edcil trabajar\u00bb"},"content":{"rendered":"<p><a class=\"v-mdl-ath__fig-a\" href=\"https:\/\/www.elcorreo.com\/autor\/mikel-labastida-441.html\" title=\"Mikel Labastida\" rel=\"nofollow noopener\" target=\"_blank\"><br \/>\n<img decoding=\"async\" class=\"v-mdl-ath__img\" src=\"https:\/\/www.europesays.com\/es\/wp-content\/uploads\/2025\/10\/autor-441-foto-4.jpeg\" alt=\"Mikel Labastida\"\/><br \/>\n<\/a><\/p>\n<p class=\"v-mdl-ath__p v-mdl-ath__p--6\">\nDomingo, 23 de noviembre 2025, 00:10<\/p>\n<p class=\"v-p\"><strong>&#8216;Ena&#8217;, la serie sobre la vida de Victoria Eugenia de Battenberg, termin\u00f3 de rodarse en 2023. Escrita por Javier Olivares (el autor de la muy celebrada &#8216;El Ministerio del Tiempo&#8217;), basada en la novela hom\u00f3nima de Pilar Eyre, y dirigida por Ana\u00efs Pareto y Estel D\u00edaz, ha estado en un caj\u00f3n guardada durante dos a\u00f1os hasta que TVE ha encontrado hueco en su programaci\u00f3n para estrenarla este lunes 24 de noviembre en relevo de &#8216;Masterchef&#8217;. La espera termin\u00f3 y lleg\u00f3 la hora de conocer mejor a la que fue reina consorte hasta la proclamaci\u00f3n de la II Rep\u00fablica en Espa\u00f1a. Los seis cap\u00edtulos de esta superproducci\u00f3n se presentar\u00e1n al p\u00fablico en las pr\u00f3ximas semanas. Hablamos con su creador, que en este tiempo ha mostrado su malestar por el trato que hab\u00eda dispensado a esta obra el ente p\u00fablico. \u00bfC\u00f3mo se encuentra alguien, con su dilatada experiencia, ante un estreno?<\/strong><\/p>\n<p class=\"v-p\">&#8211; Cuando el estreno se dilata tanto tiempo te quedas fr\u00edo, es inevitable. Tambi\u00e9n es verdad que no es lo mismo hoy en d\u00eda estrenar en plataformas, donde nadie conoce las audiencias que se hacen, que en abierto, que enseguida se mirar\u00e1 el dato. Hay series estupendas de los \u00faltimos a\u00f1os que en sus primeros quince d\u00edas no las vio nadie, pero como estaban en plataformas nadie se enter\u00f3 de eso. Jugamos con unas reglas del juego bastante distintas.<\/p>\n<p class=\"v-p\"><strong>&#8211; Vayamos al origen del proyecto, aunque haya que remontarse para ello varios a\u00f1os atr\u00e1s. \u00bfC\u00f3mo se topa usted con la reina Victoria Eugenia, la bisabuela del actual rey de Espa\u00f1a?<\/strong><\/p>\n<p class=\"v-p\">&#8211; Hay tres tipos de series. Una es aquella para la que te llaman porque lo que se est\u00e1 haciendo no funciona, como pas\u00f3 con &#8216;Isabel&#8217;. Otra opci\u00f3n es que t\u00fa vayas con un proyecto concreto, como fue &#8216;El Ministerio del Tiempo&#8217;, y te lo acepten. Y hay una tercera variante, que una productora sea la que te pida que hagas una historia. Es lo que sucedi\u00f3 aqu\u00ed. Yo sab\u00eda que la reina Victoria Eugenia era un personaje muy interesante, pero como siempre, cuando te pones a documentar trabajos descubres que te quedabas corto, que es mucho m\u00e1s interesante. Tuve la suerte adem\u00e1s de colaborar con Pilar Eyre, que es muy buena documentalista y sobre todo una excelente compa\u00f1era de viaje.<\/p>\n<p class=\"v-p\"><strong>&#8211; \u00bfEn qu\u00e9 medida ha intervenido la escritora en la adaptaci\u00f3n?<\/strong><\/p>\n<p class=\"v-p\">&#8211; Yo le plante\u00e9 que no me iba a quedar solo en la novela, que quer\u00eda hacer hincapi\u00e9 en el pasaje hist\u00f3rico en que se desarroll\u00f3 la vida de Victoria Eugenia. Al final lo he llevado muy a mi terreno y a Pilar le ha parecido estupendo. Ella no ha trabajado conmigo en la elaboraci\u00f3n de la serie, pero en todo momento sab\u00eda lo que iba a hacer. Lo primero que hice fue ir a Barcelona a hablar con ella y le ped\u00ed prestado algunos libros de su impresionante biblioteca. Nosotros ya hab\u00edamos trabajado juntos cuando intentamos adaptar su novela &#8216;Yo, el rey&#8217;, sobre el em\u00e9rito.<\/p>\n<p class=\"v-p\"><strong>&#8211; \u00bfQu\u00e9 pas\u00f3 con ese proyecto?<\/strong><\/p>\n<p class=\"v-p\">&#8211; Que no sali\u00f3. Yo tengo la biblia entera de las tres temporadas y dos cap\u00edtulos escritos, pero nadie quiere hacerla. Est\u00e1 en el mismo caj\u00f3n que otra serie sobre Franco, que escrib\u00ed con Daniel Corpas. En Espa\u00f1a todav\u00eda hay temas intratables.<\/p>\n<p class=\"v-p\"><strong>&#8211; La monarqu\u00eda era uno de ellos. Usted acaba de hacer una serie sobre este tema, aunque sea sobre una figura hist\u00f3rica. De todos modos, vistos los dos primeros episodios, yo dir\u00eda que esta es una serie tambi\u00e9n de corte pol\u00edtico.<\/strong><\/p>\n<p class=\"v-p\">&#8211; Para m\u00ed todas lo son, &#8216;Isabel&#8217; lo era. Cuando hablo de historia, aunque respeto mucho la parte biogr\u00e1fica, intento indagar en otras capas. En el primer episodio conocemos las motivaciones de Mateo Morral, el anarquista que puso la bomba el d\u00eda de la boda de Victoria Eugenia y Alfonso XIII. En los dos cap\u00edtulos iniciales necesitaba contar el hecho hist\u00f3rico y situar a la protagonista, de c\u00f3mo pasa de la felicidad por el sue\u00f1o de ser reina a la tristeza m\u00e1s absoluta. A partir del tercero ya todo cobra un ritmo mucho m\u00e1s pol\u00edtico, porque empiezan a pasar acontecimientos como la Primera Guerra Mundial, el Desastre de Annual, la dictadura de Primo de Rivera&#8230; Y a partir de entonces ya se van enfocando de una manera vertiginosa a lo que yo creo que son los antecedentes evidentes que definen el pa\u00eds en el que vivimos hoy. <\/p>\n<p class=\"v-p\"><strong>&#8211; \u00bfTeme las cr\u00edticas? Ha citado asuntos que hoy en d\u00eda siguen despertando debates encendidos.<\/strong><\/p>\n<p class=\"v-p\">La serie est\u00e1 contada desde varios puntos de vista. Esta semana, sin verla, en redes sociales me acusaban de blanquear la monarqu\u00eda. No tengo por qu\u00e9 justificarme, cualquiera que haya visto &#8216;Isabel&#8217; o &#8216;El Ministerio del Tiempo&#8217;, los cap\u00edtulos dedicados a Fernando VII o el de Felipe II, sabe la perspectiva con la que afronto este tipo de relatos. <\/p>\n<p class=\"v-p\"><strong>&#8211; Una referencia inevitable ser\u00e1 con &#8216;The Crown&#8217;, aunque los presupuestos de una y otra son incomparables.<\/strong><\/p>\n<p class=\"v-p\">&#8211; Si la gente supiese los medios con los que trabajamos no se lo creer\u00eda. Cualquier cap\u00edtulo de &#8216;El Ministerio del Tiempo&#8217; costaba menos que uno de &#8216;Cu\u00e9ntame&#8217;. No te puedo hablar de la parte econ\u00f3mica porque a m\u00ed me ha correspondido solo la parte creativa, lo que s\u00ed puedo decirte es lo al l\u00edmite que a veces hemos llevado al equipo para conseguir el resultado final. <\/p>\n<p><img decoding=\"async\" loading=\"lazy\" src=\"https:\/\/www.europesays.com\/es\/wp-content\/uploads\/2025\/11\/ENA CAP 1 (1)-kb0F--1200x841@RC.jpg\" class=\"v-mdl__img-z\" width=\"1200\" height=\"841\" alt=\"Imagen principal - Esencias de 'Ena'. \"\/><\/p>\n<p><img decoding=\"async\" loading=\"lazy\" src=\"https:\/\/www.europesays.com\/es\/wp-content\/uploads\/2025\/11\/ENA CAP 1 (7)-kb0F--1200x851@RC.jpg\" class=\"v-mdl__img-z\" width=\"1200\" height=\"851\" alt=\"Imagen secundaria 1 - Esencias de 'Ena'. \"\/><\/p>\n<p><img decoding=\"async\" loading=\"lazy\" src=\"https:\/\/www.europesays.com\/es\/wp-content\/uploads\/2025\/11\/ENA CAP 1 (4) (2)-kb0F--711x841@RC.jpg\" class=\"v-mdl__img-z\" width=\"711\" height=\"841\" alt=\"Imagen secundaria 2 - Esencias de 'Ena'. \"\/><\/p>\n<p class=\"v-p\"><strong>&#8211; Se ha rodado en localizaciones reales.<\/strong><\/p>\n<p class=\"v-p\">&#8211; S\u00ed, eso hace mucho, como el excelente trabajo de vestuario o maquillaje. Con eso los actores cuando salen a escena ya tienen el 80% del personaje encima, eso es muy potente. Tuve la suerte de conocer a la anterior directora de Patrimonio Nacional, que nos puso todas las facilidades para rodar en lugares como el Palacio Real en Madrid o el de la Magdalena en Santander. <\/p>\n<p class=\"v-p\"><strong>&#8211; Hemos visto este a\u00f1o a Kimberley Tell en &#8216;El Centro&#8217; y &#8216;Entrepreneurs&#8217;. En &#8216;Ena&#8217; es la actriz protagonista y adem\u00e1s canta la canci\u00f3n de la cabecera.<\/strong><\/p>\n<p class=\"v-p\">&#8211; Lo que m\u00e1s rabia me daba de que no se estrenase la serie es porque estoy convencido de que cuando la gente la vea en este papel se va a sorprender y su carrera va a cambiar. La hemos caracterizado para que otra actriz no tenga que interpretar el personaje en su edad adulta y est\u00e1 estupenda. Ha cambiado su acento para adaptarse al que ten\u00eda Victoria Eugenia, que no sab\u00eda castellano cuando lleg\u00f3 a Espa\u00f1a. Y s\u00ed, Kimberley adem\u00e1s canta la sinton\u00eda de la cabecera de la serie, que, por cierto, es una de las que m\u00e1s orgulloso me siento de mi carrera. Con m\u00fasica de Bronquio.<\/p>\n<p class=\"v-p\"><strong>&#8211; La serie se va a emitir doblada, pese a que se rod\u00f3 en los idiomas originales que hablaba la reina Victoria Eugenia. \u00bfEntiende esta decisi\u00f3n?<\/strong><\/p>\n<p class=\"v-p\">&#8211; No voy a valorar los criterios de TVE. Entiendo que habr\u00e1 gente que prefiera una versi\u00f3n doblada. Lo que s\u00ed he de agradecer es el esfuerzo que finalmente ha hecho la cadena para que exista la posibilidad de ver la versi\u00f3n original en RTVE Play y en dual en l\u00ednea.<\/p>\n<p class=\"v-p\"><strong>&#8211; Es cierto que la serie ha estado guardada mucho tiempo, pero tambi\u00e9n es verdad que se estrena ahora, en un momento, dulce para la cadena p\u00fablica, con buenas audiencias en todo lo que propone..<\/strong><\/p>\n<p class=\"v-p\">&#8211; Yo discrepo en muchas cosas con la actual directiva, sobre todo en lo que respecta a la ficci\u00f3n y que la gente lo sabe. Pero valoro que la TVE actual quiera competir, tener audiencia. Y parece que lo est\u00e1 consiguiendo. Ojal\u00e1 la buena racha se extienda a &#8216;Ena&#8217;. No s\u00e9 si la estrategia de estrenar dos cap\u00edtulos seguidos ser\u00e1 buena, ni c\u00f3mo reaccionar\u00e1 el p\u00fablico. Ahora mismo el esfuerzo en promocionarla est\u00e1 siendo grande. <\/p>\n<p class=\"v-p\"><strong>&#8211; Hace dos a\u00f1os que terminaste esta serie. \u00bfEn qu\u00e9 trabaja ahora? <\/strong><\/p>\n<p class=\"v-p\">Hice una ficci\u00f3n de Carlos Porta. Desde entonces nada m\u00e1s. Tengo algo entre manos pero no s\u00e9 si saldr\u00e1. Hay una plataforma que tiene los derechos, pero no sabe si la sacar\u00e1 adelante. Cuesta mucho. Es posible que, salvo para situaciones puntuales, acabe dejando este negocio. <\/p>\n<p class=\"v-p\"><strong>\u00a1Qu\u00e9 dice! <\/strong><\/p>\n<p class=\"v-p\">Est\u00e1 llegando un momento en el que es muy dif\u00edcil trabajar. Yo prefiero escribir que estar discutiendo en los despachos. No me apetece perder el tiempo en convencer a la gente. Es muy dif\u00edcil el panorama de ficci\u00f3n, porque la producci\u00f3n en Espa\u00f1a se dirige principalmente a las plataformas. Mientras que en el resto de Europa hay un 70% de la producci\u00f3n que va en abierto. El otro d\u00eda dec\u00eda Allan Ball en Barcelona que la industria no tiene ya hueco para \u00e9l. A m\u00ed me sucede algo parecido.<\/p>\n<p class=\"v-p\"><strong>&#8211; \u00bfLe falta trabajo?<\/strong><\/p>\n<p class=\"v-p\">&#8211; Si me preguntas te podr\u00eda contar hasta diez proyectos que he movido y de los que no he tenido respuesta. A m\u00ed me resulta agotador perder el tiempo en ense\u00f1ar algo y esperar sentado a que cambien las propuestas.<\/p>\n<p class=\"v-p\"><strong>&#8211; \u00bfA estas alturas les toca seguir vendiendolo todo? <\/strong><\/p>\n<p class=\"v-p\">&#8211; S\u00ed, parece que no tengo suficiente aval con lo que he hecho en mi carrera. Mis trabajos son el mejor reclamo y deber\u00edan ser una buena herramienta para que se conozcan mis posibilidades. Y a\u00fan as\u00ed llego a los despachos y tengo que escuchar respuestas como que lo que estoy proponiendo no se va a entender en Noruega. Y no s\u00e9 qu\u00e9 decir&#8230; <\/p>\n<p>Reporta un error<\/p>\n","protected":false},"excerpt":{"rendered":"Domingo, 23 de noviembre 2025, 00:10 &#8216;Ena&#8217;, la serie sobre la vida de Victoria Eugenia de Battenberg, termin\u00f3&hellip;\n","protected":false},"author":2,"featured_media":251119,"comment_status":"","ping_status":"","sticky":false,"template":"","format":"standard","meta":{"footnotes":""},"categories":[91],"tags":[62337,146,147,3141,25,24,5264,46225,23],"class_list":{"0":"post-251118","1":"post","2":"type-post","3":"status-publish","4":"format-standard","5":"has-post-thumbnail","7":"category-entretenimiento","8":"tag-ena","9":"tag-entertainment","10":"tag-entretenimiento","11":"tag-entrevista","12":"tag-es","13":"tag-espana","14":"tag-javier","15":"tag-olivares","16":"tag-spain"},"share_on_mastodon":{"url":"https:\/\/pubeurope.com\/@es\/115598218878531657","error":""},"_links":{"self":[{"href":"https:\/\/www.europesays.com\/es\/wp-json\/wp\/v2\/posts\/251118","targetHints":{"allow":["GET"]}}],"collection":[{"href":"https:\/\/www.europesays.com\/es\/wp-json\/wp\/v2\/posts"}],"about":[{"href":"https:\/\/www.europesays.com\/es\/wp-json\/wp\/v2\/types\/post"}],"author":[{"embeddable":true,"href":"https:\/\/www.europesays.com\/es\/wp-json\/wp\/v2\/users\/2"}],"replies":[{"embeddable":true,"href":"https:\/\/www.europesays.com\/es\/wp-json\/wp\/v2\/comments?post=251118"}],"version-history":[{"count":0,"href":"https:\/\/www.europesays.com\/es\/wp-json\/wp\/v2\/posts\/251118\/revisions"}],"wp:featuredmedia":[{"embeddable":true,"href":"https:\/\/www.europesays.com\/es\/wp-json\/wp\/v2\/media\/251119"}],"wp:attachment":[{"href":"https:\/\/www.europesays.com\/es\/wp-json\/wp\/v2\/media?parent=251118"}],"wp:term":[{"taxonomy":"category","embeddable":true,"href":"https:\/\/www.europesays.com\/es\/wp-json\/wp\/v2\/categories?post=251118"},{"taxonomy":"post_tag","embeddable":true,"href":"https:\/\/www.europesays.com\/es\/wp-json\/wp\/v2\/tags?post=251118"}],"curies":[{"name":"wp","href":"https:\/\/api.w.org\/{rel}","templated":true}]}}