{"id":251128,"date":"2025-11-23T09:10:12","date_gmt":"2025-11-23T09:10:12","guid":{"rendered":"https:\/\/www.europesays.com\/es\/251128\/"},"modified":"2025-11-23T09:10:12","modified_gmt":"2025-11-23T09:10:12","slug":"ugt-reclama-avances-reales-para-erradicar-el-sinhogarismo-en-europa","status":"publish","type":"post","link":"https:\/\/www.europesays.com\/es\/251128\/","title":{"rendered":"UGT reclama avances reales para erradicar el sinhogarismo en Europa"},"content":{"rendered":"<p>Con motivo del D\u00eda Europeo de las Personas sin Hogar, UGT advierte de que la falta de vivienda digna contin\u00faa siendo una emergencia estructural en la Uni\u00f3n Europea y subraya la necesidad de situar la vivienda en el centro de las pol\u00edticas sociales europeas. El sindicato recuerda que garantizar un hogar seguro es un derecho humano esencial y una condici\u00f3n b\u00e1sica para la inclusi\u00f3n social.<\/p>\n<p>En este contexto, UGT alerta de que la UE no alcanzar\u00e1 los objetivos de reducci\u00f3n de la pobreza sin abordar de manera decidida el acceso a la vivienda e insiste en que los compromisos europeos deben acompa\u00f1arse de indicadores claros, sistemas de seguimiento eficaces y una inversi\u00f3n suficiente que permita a los Estados miembros responder a la creciente presi\u00f3n sobre el mercado residencial.<\/p>\n<p>El encarecimiento del alquiler, la pobreza energ\u00e9tica, la falta de vivienda asequible y la precariedad laboral han provocado un aumento del sinhogarismo superior al 70% en diez a\u00f1os. J\u00f3venes, mujeres, personas migrantes y trabajadoras con salarios insuficientes son quienes m\u00e1s sufren esta exclusi\u00f3n residencial. Para UGT, esta situaci\u00f3n vulnera derechos fundamentales y agrava desigualdades econ\u00f3micas y territoriales que debilitan la cohesi\u00f3n europea.<\/p>\n<p><strong>Un problema en expansi\u00f3n que exige decisiones valientes<\/strong><\/p>\n<p>Por todo ello, el sindicato reclama a la UE y a los Estados miembros una estrategia m\u00e1s ambiciosa que impulse inversi\u00f3n en vivienda social, mecanismos s\u00f3lidos de prevenci\u00f3n de desahucios y un despliegue real del enfoque Housing First, cuya eficacia vuelve a quedar demostrada pero que requiere recursos estables y vivienda disponible.\u00a0<\/p>\n<p>Europa tiene ahora una oportunidad clave -a trav\u00e9s del Plan de Vivienda Asequible, la Estrategia de Lucha contra la Pobreza y el pr\u00f3ximo Marco Financiero Plurianual- para apoyar a los Estados miembros en la ampliaci\u00f3n de estas pol\u00edticas.<br \/>\u00a0<\/p>\n<p>\u00a0<\/p>\n<p class=\"rtecenter\"><a href=\"https:\/\/www.ugt.es\/ficha-de-afiliacion\" target=\"_blank\" rel=\"nofollow noopener\"><img decoding=\"async\" src=\"https:\/\/www.europesays.com\/es\/wp-content\/uploads\/2025\/09\/ugt_afiliate_ok.jpeg\" width=\"333\" height=\"130\" loading=\"lazy\"\/><\/a><\/p>\n","protected":false},"excerpt":{"rendered":"Con motivo del D\u00eda Europeo de las Personas sin Hogar, UGT advierte de que la falta de vivienda&hellip;\n","protected":false},"author":2,"featured_media":251129,"comment_status":"","ping_status":"","sticky":false,"template":"","format":"standard","meta":{"footnotes":""},"categories":[5],"tags":[17,18,25,24,13,14,11,19,20,9,10,15,16,23,12,21,22],"class_list":{"0":"post-251128","1":"post","2":"type-post","3":"status-publish","4":"format-standard","5":"has-post-thumbnail","7":"category-titulares","8":"tag-breaking-news","9":"tag-breakingnews","10":"tag-es","11":"tag-espana","12":"tag-featured-news","13":"tag-featurednews","14":"tag-headlines","15":"tag-latest-news","16":"tag-latestnews","17":"tag-news","18":"tag-noticias","19":"tag-noticias-destacadas","20":"tag-noticiasdestacadas","21":"tag-spain","22":"tag-titulares","23":"tag-ultimas-noticias","24":"tag-ultimasnoticias"},"share_on_mastodon":{"url":"https:\/\/pubeurope.com\/@es\/115598237925593387","error":""},"_links":{"self":[{"href":"https:\/\/www.europesays.com\/es\/wp-json\/wp\/v2\/posts\/251128","targetHints":{"allow":["GET"]}}],"collection":[{"href":"https:\/\/www.europesays.com\/es\/wp-json\/wp\/v2\/posts"}],"about":[{"href":"https:\/\/www.europesays.com\/es\/wp-json\/wp\/v2\/types\/post"}],"author":[{"embeddable":true,"href":"https:\/\/www.europesays.com\/es\/wp-json\/wp\/v2\/users\/2"}],"replies":[{"embeddable":true,"href":"https:\/\/www.europesays.com\/es\/wp-json\/wp\/v2\/comments?post=251128"}],"version-history":[{"count":0,"href":"https:\/\/www.europesays.com\/es\/wp-json\/wp\/v2\/posts\/251128\/revisions"}],"wp:featuredmedia":[{"embeddable":true,"href":"https:\/\/www.europesays.com\/es\/wp-json\/wp\/v2\/media\/251129"}],"wp:attachment":[{"href":"https:\/\/www.europesays.com\/es\/wp-json\/wp\/v2\/media?parent=251128"}],"wp:term":[{"taxonomy":"category","embeddable":true,"href":"https:\/\/www.europesays.com\/es\/wp-json\/wp\/v2\/categories?post=251128"},{"taxonomy":"post_tag","embeddable":true,"href":"https:\/\/www.europesays.com\/es\/wp-json\/wp\/v2\/tags?post=251128"}],"curies":[{"name":"wp","href":"https:\/\/api.w.org\/{rel}","templated":true}]}}