{"id":251130,"date":"2025-11-23T09:15:10","date_gmt":"2025-11-23T09:15:10","guid":{"rendered":"https:\/\/www.europesays.com\/es\/251130\/"},"modified":"2025-11-23T09:15:10","modified_gmt":"2025-11-23T09:15:10","slug":"el-envenenado-legado-de-pique-en-la-copa-davis","status":"publish","type":"post","link":"https:\/\/www.europesays.com\/es\/251130\/","title":{"rendered":"El envenenado legado de Piqu\u00e9 en la Copa Davis"},"content":{"rendered":"<p style=\"\">Dentro del terreno de juego fue uno de los <strong>mejores centrales de su \u00e9poca<\/strong>. Lo gan\u00f3 todo con el Barcelona y con la selecci\u00f3n espa\u00f1ola. Y fuera del campo siempre se mostr\u00f3 como un empresario de \u00e9xito, diversificando inversiones y mostrando una personalidad arrolladora.  &#8230; <a href=\"https:\/\/www.abc.es\/motor\/novedades\/cupra-kings-league-alian-lanzar-edicion-limitada-20251021105200-nt.html\" target=\"_self\" data-voc-vtm-id=\"in-text-traffic\" title=\"Gerard Piqu\u00e9\" rel=\"nofollow noopener\">Gerard Piqu\u00e9<\/a> nunca dej\u00f3 indiferente a nadie, capaz de aglutinar incondicionales y ac\u00e9rrimos enemigos. Su cartera en el parqu\u00e9 de los negocios ha sido tremendamente variada, sin ning\u00fan temor a los riesgos, aunque algunos de ellos no hayan dado el resultado esperado. Una ambici\u00f3n desmedida con batacazo final. El fracaso de la<strong> Copa Davis<\/strong> o los \u00faltimos desencuentros en la <strong>Kings League<\/strong> son el m\u00e1ximo exponente de sus desmedidas y ambiciosas pretensiones.<\/p>\n<p class=\"voc-p\" style=\"\">Esta semana se est\u00e1 disputando la fase final de la Copa Davis, que arranc\u00f3 con pol\u00e9mica por la ausencia de los dos tenistas que ocupan los dos primeros puestos del ranking. <strong>Carlos Alcaraz<\/strong> adujo unas molestias y <strong>Jannik Sinner<\/strong> antepuso el descanso a la defensa de su pa\u00eds. Tambi\u00e9n se borr\u00f3 Lorenzo Musetti (n\u00famero 8 del mundo) y Pablo Davidovich, segunda raqueta espa\u00f1ola. Aunque Ross Hutchins, director general de la Federaci\u00f3n Internacional de Tenis (ITF por sus siglas en ingl\u00e9s) justific\u00f3 el abandono de todos ellos, las cr\u00edticas arrecian y muchos miran a Gerard Piqu\u00e9 y a su herencia en una competici\u00f3n que, aunque antes de su aparici\u00f3n bordeaba la irrelevancia social, gozaba del nombre, la historia y el palmar\u00e9s. \u00abSon casos particulares\u00bb, apunt\u00f3 <strong>Hutchins<\/strong>, que valor\u00f3 que solo tres miembros del Top 20 hayan estado presentes en Bolonia.<\/p>\n<p class=\"voc-p\" style=\"\"><strong>Es la herencia de Piqu\u00e9<\/strong>. Todo comenz\u00f3 en 2018, cuando el entonces futbolista detect\u00f3 que las principales raquetas del circuito declinaban defender a su pa\u00eds por un calendario excesivamente apretado, lo que incid\u00eda directamente en el inter\u00e9s del p\u00fablico. A trav\u00e9s de una de sus empresas, <strong>Kosmos<\/strong>, convenci\u00f3 a la inmovilista Federaci\u00f3n Internacional de Tenis y adquiri\u00f3 los derechos de la Copa Davis por un periodo de 25 a\u00f1os. Era el 16 de agosto y el fara\u00f3nico proyecto del catal\u00e1n arrancaba, no exento de dudas y cr\u00edticas. \u00ab<strong>Vamos a invertir 3.000 millones de euros<\/strong> y vamos a llevar la Copa Davis a nuevas cotas\u00bb, presumi\u00f3 entonces. Implement\u00f3 un formato de fase final con sede fija y desterr\u00f3 las eliminatorias con equipo local, que eran unas de las se\u00f1as de identidad del hist\u00f3rico torneo. Madrid fue la elegida para albergar las <strong>ediciones de 2019 y 2020<\/strong>, que se vio afectada por la pandemia del Covid-19 y acab\u00f3 fusion\u00e1ndose con la de 2021.<\/p>\n<p class=\"voc-p\" style=\"\">Entonces ya arreciaron las cr\u00edticas y el p\u00fablico no respondi\u00f3 como se esperaba, ya que solo la selecci\u00f3n espa\u00f1ola cop\u00f3 la atenci\u00f3n de los asistentes. A ello se sum\u00f3 que la gran cantidad de partidos (hubo 18 equipos) obligara a<strong> jugar de madrugada<\/strong>. Piqu\u00e9 trat\u00f3 de atenuar las opiniones con continuos cambios en el formato (n\u00famero de sedes, cantidad de equipos participantes o una fase final con ocho selecciones). El torneo no remont\u00f3.<\/p>\n<p class=\"voc-p\" style=\"\">En 2023 (cuatro a\u00f1os, cuatro meses y 25 d\u00edas despu\u00e9s), <strong>Piqu\u00e9 se baj\u00f3 del carro<\/strong> aduciendo que no pod\u00eda asumir los costos del torneo, que supon\u00edan un pago anual a la ITF de 40 millones de euros, adem\u00e1s de los gastos de organizaci\u00f3n. \u00abEl acuerdo era demasiado exigente para nosotros\u00bb, justificaron desde Kosmos. <strong>Las estrellas siguieron dando la espalda al torneo<\/strong> (en las Finales de 2022 disputadas en M\u00e1laga solo dos de los 39 tenistas participantes pertenec\u00edan al top ten del ranking ATP y entre ellos no hab\u00eda ni un campe\u00f3n de Grand Slam). Hastiado del tenis, Piqu\u00e9 cerr\u00f3 todos sus negocios relacionados con el deporte de la raqueta. El exfutbolista cambi\u00f3 de juguete y <strong>creo la Kings League<\/strong>, pero el legado que hab\u00eda dejado fue ruinoso, a nivel econ\u00f3mico y deportivo. Tanto que la ITF decidi\u00f3 regresar a los inicios en este 2025, recuperando las eliminatorias de ida y vuelta, aunque el da\u00f1o estaba inoculado y ha pasado factura.<\/p>\n<p class=\"voc-p\" style=\"\"><strong>Guillermo Garc\u00eda L\u00f3pez<\/strong> (fue 23 en el ranking, gan\u00f3 ocho torneos ATP y disput\u00f3 la Copa Davis de 2013), atiende a ABC. \u00abCon la entrada de Kosmos y Gerard Piqu\u00e9 cambi\u00f3 todo. Quisieron darle un formato en el que pudieran asistir m\u00e1s estrellas y unificarlo todo. Creo que <strong>se perdi\u00f3 la esencia<\/strong> de lo que ha sido toda la vida la Copa Davis, jugar en casa y fuera. Y no me parecer\u00eda mal que se disputara cada dos a\u00f1os. De esta manera, jugadores que est\u00e1n en lo m\u00e1s alto podr\u00edan comprometerse y, adem\u00e1s, le dar\u00eda m\u00e1s valor\u00bb, explica. Y deja caer una idea: \u00abHacer un refer\u00e9ndum entre los jugadores, que son los implicados, para que decidan entre una serie de ideas. Al final todo se resume a <strong>una cuesti\u00f3n de negocio<\/strong>, que por otro lado no deja de ser l\u00f3gico\u00bb. <\/p>\n<p class=\"voc-p\" style=\"\"><strong>Nico Almagro<\/strong> (lleg\u00f3 a ser 9\u00ba del mundo y gan\u00f3 trece t\u00edtulos de la ATP, reconocido por tener uno de los mejores reveses a una mano de su generaci\u00f3n) form\u00f3 parte del equipo que gan\u00f3 la Copa Davis de 2008 en Argentina y tambi\u00e9n tiene una idea formada que desgrana en conversaci\u00f3n con ABC: \u00ab<strong>Yo siempre he sido partidario del formato antiguo<\/strong>, era todo mucho m\u00e1s especial. Ahora, el ambiente en muchos de los partidos que se est\u00e1n disputando es m\u00e1s fr\u00edo y desangelado. Kosmos intent\u00f3 revolucionar el formato. Qui\u00e9n iba a saber que no iba a salir bien. Todos los cambios requieren un tiempo y un periodo de adaptaci\u00f3n. Pero este no funcion\u00f3\u00bb. E insiste: \u00abLa Copa Davis habr\u00eda que jugarla con el formato antiguo, como local y visitante, con dos partidos el viernes, el dobles el s\u00e1bado y los otros individuales el domingo. Ll\u00e1mame antiguo, pero <strong>lo hac\u00eda mucho m\u00e1s atractivo<\/strong>. Jugar en casa lo hac\u00eda muy especial y defender a tu pa\u00eds fuera significaba que te hac\u00eda mucha ilusi\u00f3n porque generaba un esfuerzo importante\u00bb.<\/p>\n<p>\nSinner y Alcaraz, cr\u00edticos\n<\/p>\n<p class=\"voc-p\" style=\"\">Unas declaraciones a las que se suma Sinner: \u00abCreo que con este calendario, la Copa Davis <strong>es dif\u00edcil que cada a\u00f1o re\u00fana los mejores jugadores del mundo<\/strong> de todos los pa\u00edses\u00bb. Carlos Alcaraz, una de las grandes ausencia del torneo, tambi\u00e9n ha opinado sobre el formato de la Davis y ha asegurado que \u00absi fuera cada dos a\u00f1os o tres, el compromiso de los jugadores ser\u00eda a\u00fan mayor\u00bb. La reflexi\u00f3n del murciano llegaba tras la renuncia de <strong>Lorenzo Musetti<\/strong>, la segunda en el equipo italiano tras la de Jannik Sinner. \u00abEstoy de acuerdo en que tienen que hacer algo en este evento, porque creo que jugar cada a\u00f1o no es tan bueno como podr\u00eda ser si se jugara cada dos o tres a\u00f1os\u00bb, explic\u00f3. Una idea que respalda Andrea Gaudenzi, presidente de la ATP.<\/p>\n<p class=\"voc-p\" style=\"\">Las cr\u00edticas a Piqu\u00e9 y a su Copa Davis ya comenzaron desde el primer momento. <strong>Stan Wawrinka<\/strong> subi\u00f3 un v\u00eddeo a las redes sociales donde mostraba las gradas durante el partido entre Suiza y Francia disputado en Manchester: completamente vac\u00edas. Y se\u00f1alaba al que para \u00e9l era el responsable de dicha situaci\u00f3n: <strong>\u00ab\u00a1Gracias Gerard Piqu\u00e9 e IFT!\u00bb<\/strong>. El catal\u00e1n trat\u00f3 de defenderse en &#8216;Bajo los Palos&#8217;, podcast de Iker Casillas: \u00abIntentamos cambiar ciertas cosas y no hay manera. La ITF no quiere cambiar nada. \u00bfPor qu\u00e9 sacas dos veces en el tenis? Son 30 segundos m\u00e1s de una persona picando la pelota. <strong>La gente no quiere ver eso<\/strong>. Tampoco desea ver un juego de cinco minutos con deuce-ventaja-deuce-ventaja. Habr\u00eda que poner un punto de oro en 40-40\u00bb. Desde la ITF se sumaron a las cr\u00edticas. Dietloff von Arnim, presidente de la Federaci\u00f3n Alemana de Tenis tambi\u00e9n le contest\u00f3 en 2023: \u00abEl desastre que hemos experimentado con Kosmos tiene enormes consecuencias financieras para la ITF\u00bb.<\/p>\n<p class=\"voc-p\" style=\"\">El desliz en la Copa Davis no ha sido el \u00fanico que ha cometido Piqu\u00e9 en sus inversiones. <strong>La Kings League<\/strong>, su gran estandarte para revolucionar el mundo del f\u00fatbol, lleva meses envuelta en un clima de desgaste que ya no esconden ni sus propios presidentes. El exazulgrana buscaba un formato capaz de atrapar a un nuevo p\u00fablico. \u00abSi a los j\u00f3venes les vendes los mismos 90 minutos que les vend\u00edas hace 20 o 30 a\u00f1os\u2026 <strong>Ahora hay muchas plataformas<\/strong> con muchos programas, pero antes no hab\u00eda nada, solo hab\u00eda f\u00fatbol y por eso te enganchabas y luego consum\u00edas el programa deportivo que daba los res\u00famenes. Esto ha cambiado y por eso el f\u00fatbol tiene que tener la capacidad tambi\u00e9n de cambiar a esa velocidad. Es dif\u00edcil, pero te tienes que adaptar poco a poco\u00bb, explicaba Piqu\u00e9 para presentar su torneo de f\u00fatbol alternativo. La competici\u00f3n naci\u00f3 como un <strong>fen\u00f3meno masivo<\/strong> que lleg\u00f3 a registrar audiencias hist\u00f3ricas, pero nada tiene que ver con lo que es hoy en d\u00eda, con cr\u00edticas de sus propios protagonistas.<\/p>\n<p class=\"voc-p\" style=\"\">La final de la Copa del pasado domingo, con un contundente 16-5 de Porcinos a Ultimate M\u00f3stoles, ha sido el detonante que ha vuelto a abrir una nueva oleada de reproches p\u00fablicos hacia el estado actual del proyecto. <strong>El conocido youtuber y streamer espa\u00f1ol TheGrefg<\/strong>, presidente de uno de los clubes del torneo de Piqu\u00e9, ha querido enfatizar su creciente sensaci\u00f3n de que la competici\u00f3n ya no es lo que era y est\u00e1 dispuesto a desprenderse de su club. \u00abSi alguien quiere comprar mi plaza de la Kings League, est\u00e1 m\u00e1s rebajada que nunca\u00bb, coment\u00f3 ante miles de espectadores. \u00abY si nadie me la quiere comprar, puede ser que la sortee en el chat\u00bb, a\u00f1adi\u00f3. Sus palabras llegan en un contexto cr\u00edtico para la liga. Que uno de los rostros m\u00e1s medi\u00e1ticos de la competici\u00f3n se plantee vender su equipo es una <strong>se\u00f1al del desgaste que atraviesa la Kings League<\/strong>.<\/p>\n","protected":false},"excerpt":{"rendered":"Dentro del terreno de juego fue uno de los mejores centrales de su \u00e9poca. Lo gan\u00f3 todo con&hellip;\n","protected":false},"author":2,"featured_media":251131,"comment_status":"","ping_status":"","sticky":false,"template":"","format":"standard","meta":{"footnotes":""},"categories":[274],"tags":[168,29703,25,24,363,23111,23,167,327,326],"class_list":{"0":"post-251130","1":"post","2":"type-post","3":"status-publish","4":"format-standard","5":"has-post-thumbnail","7":"category-tenis","8":"tag-deportes","9":"tag-envenenado","10":"tag-es","11":"tag-espana","12":"tag-legado","13":"tag-pique","14":"tag-spain","15":"tag-sports","16":"tag-tenis","17":"tag-tennis"},"share_on_mastodon":{"url":"https:\/\/pubeurope.com\/@es\/115598257366761882","error":""},"_links":{"self":[{"href":"https:\/\/www.europesays.com\/es\/wp-json\/wp\/v2\/posts\/251130","targetHints":{"allow":["GET"]}}],"collection":[{"href":"https:\/\/www.europesays.com\/es\/wp-json\/wp\/v2\/posts"}],"about":[{"href":"https:\/\/www.europesays.com\/es\/wp-json\/wp\/v2\/types\/post"}],"author":[{"embeddable":true,"href":"https:\/\/www.europesays.com\/es\/wp-json\/wp\/v2\/users\/2"}],"replies":[{"embeddable":true,"href":"https:\/\/www.europesays.com\/es\/wp-json\/wp\/v2\/comments?post=251130"}],"version-history":[{"count":0,"href":"https:\/\/www.europesays.com\/es\/wp-json\/wp\/v2\/posts\/251130\/revisions"}],"wp:featuredmedia":[{"embeddable":true,"href":"https:\/\/www.europesays.com\/es\/wp-json\/wp\/v2\/media\/251131"}],"wp:attachment":[{"href":"https:\/\/www.europesays.com\/es\/wp-json\/wp\/v2\/media?parent=251130"}],"wp:term":[{"taxonomy":"category","embeddable":true,"href":"https:\/\/www.europesays.com\/es\/wp-json\/wp\/v2\/categories?post=251130"},{"taxonomy":"post_tag","embeddable":true,"href":"https:\/\/www.europesays.com\/es\/wp-json\/wp\/v2\/tags?post=251130"}],"curies":[{"name":"wp","href":"https:\/\/api.w.org\/{rel}","templated":true}]}}