{"id":251132,"date":"2025-11-23T09:16:27","date_gmt":"2025-11-23T09:16:27","guid":{"rendered":"https:\/\/www.europesays.com\/es\/251132\/"},"modified":"2025-11-23T09:16:27","modified_gmt":"2025-11-23T09:16:27","slug":"van-den-spiegel-los-worldteam-deberian-crear-estructuras-de-ciclocross-para-tener-presencia-mediatica-12-meses","status":"publish","type":"post","link":"https:\/\/www.europesays.com\/es\/251132\/","title":{"rendered":"Van Den Spiegel: \u00abLos WorldTeam deber\u00edan crear estructuras de ciclocross para tener presencia medi\u00e1tica 12 meses\u00bb"},"content":{"rendered":"<p><img itemprop=\"image\" class=\"img-responsive center-block\"  alt=\"Van Den Spiegel: \u00abLos WorldTeam deber\u00edan crear estructuras de ciclocross para tener presencia medi\u00e1tica 12 meses\u00bb\"\/><\/p>\n<p class=\"feat-caption-text\">UCI Elite Cyclo-Cross World Cup 2024 &#8211; Cyclocross &#8211; Benidorm &#8211; Men\u00eds Elite &#8211; 21\/01\/2024 &#8211; Scenery &#8211; photo Rafa Gomez\/SprintCyclingAgency\u00a92024<\/p>\n<p>El m\u00e1ximo responsable de la organizaci\u00f3n de la Copa del Mundo de ciclocross se llama Tomas Van Den Spiegel. Durante muchos a\u00f1os fue un brillante jugador de baloncesto, con paso por equipos como el Real Madrid, pero ahora es la cabeza pensante en la empresa organizadora m\u00e1s importante de Europa, si dejamos a un lado a ASO y RCS. Van Den Spiegel reflexion\u00f3 en Wielerflits sobre la Copa del Mundo de ciclocross.<\/p>\n<p>Para empezar, <strong>Tomas Van Den Spiegel<\/strong> comenta sobre la Copa del Mundo que arrancar\u00e1 este fin de semana en Tabor: \u00abEl a\u00f1o pasado, junto con la UCI, decidimos empezar mucho m\u00e1s tarde y centrar la Copa del Mundo entre finales de noviembre y el Campeonato del Mundo. Ha sido una buena decisi\u00f3n, y la intenci\u00f3n es mantenerla. \u00bfPor qu\u00e9? Queremos centrarnos sobre todo en los meses en los que <strong>el ciclocross es el deporte de invierno n\u00famero uno<\/strong> en muchos pa\u00edses. Y eso no ocurre en octubre y noviembre, hay que ser sinceros. La atenci\u00f3n se centra poco a poco en el ciclocross, <strong>con un pico en diciembre y enero<\/strong>\u00ab.<\/p>\n<p>Olvidando el debate de las fechas, el otro punto caliente es el de la internacionalizaci\u00f3n, es decir, la presencia de muchas o pocas carreras fuera de B\u00e9lgica y Pa\u00edses Bajos. Van Den Spiegen comenta: \u00ab<strong>Flamanville y Benidorm son ejemplos claros de \u00e9xito<\/strong>, y Besan\u00e7on ha manifestado su ambici\u00f3n de volver a la Copa. Adem\u00e1s, tenemos muchas opcioones interesantes para los pr\u00f3ximos a\u00f1os, incluso en pa\u00edses donde el ciclocross no es un deporte tradicional. Pero debemos convencer a los equipos de ciclocross, que desde hace tiempo consideran que los viajes al extranjero son demasiado caros\u00bb.<\/p>\n<p>El otro punto que destaca es la posible presencia del ciclocross en los Juegos Ol\u00edmpicos, as\u00ed como los famosos puntos UCI. Van Den Spiegel considera que ser\u00edan dos noticias muy positivas: \u00abActualmente, hay muchos ciclistas con un pasado en el ciclocross, pero que acaban centr\u00e1ndose en la ruta. El reto consiste en mantener a esos ciclistas en el ciclocross. En teor\u00eda, el estatus ol\u00edmpico podr\u00eda suponer un impulso adicional para internacionalizar y reforzar las parrillas de salida. \u00bfY los puntos? Me parece obvio y muy extra\u00f1o que no haya m\u00e1s WorldTeams que hayan creado una estructura de ciclocross. De hecho, llevo a\u00f1os dici\u00e9ndolo. <strong>Se puede pasar de 8 o 9 meses de visibilidad a casi 12 meses de presencia, con presupuestos relativamente limitados\u00bb.<\/strong><\/p>\n","protected":false},"excerpt":{"rendered":"UCI Elite Cyclo-Cross World Cup 2024 &#8211; Cyclocross &#8211; Benidorm &#8211; Men\u00eds Elite &#8211; 21\/01\/2024 &#8211; Scenery &#8211;&hellip;\n","protected":false},"author":2,"featured_media":251133,"comment_status":"","ping_status":"","sticky":false,"template":"","format":"standard","meta":{"footnotes":""},"categories":[273],"tags":[313,312,168,25,24,23,167],"class_list":{"0":"post-251132","1":"post","2":"type-post","3":"status-publish","4":"format-standard","5":"has-post-thumbnail","7":"category-ciclismo","8":"tag-ciclismo","9":"tag-cycling","10":"tag-deportes","11":"tag-es","12":"tag-espana","13":"tag-spain","14":"tag-sports"},"share_on_mastodon":{"url":"https:\/\/pubeurope.com\/@es\/115598261147111754","error":""},"_links":{"self":[{"href":"https:\/\/www.europesays.com\/es\/wp-json\/wp\/v2\/posts\/251132","targetHints":{"allow":["GET"]}}],"collection":[{"href":"https:\/\/www.europesays.com\/es\/wp-json\/wp\/v2\/posts"}],"about":[{"href":"https:\/\/www.europesays.com\/es\/wp-json\/wp\/v2\/types\/post"}],"author":[{"embeddable":true,"href":"https:\/\/www.europesays.com\/es\/wp-json\/wp\/v2\/users\/2"}],"replies":[{"embeddable":true,"href":"https:\/\/www.europesays.com\/es\/wp-json\/wp\/v2\/comments?post=251132"}],"version-history":[{"count":0,"href":"https:\/\/www.europesays.com\/es\/wp-json\/wp\/v2\/posts\/251132\/revisions"}],"wp:featuredmedia":[{"embeddable":true,"href":"https:\/\/www.europesays.com\/es\/wp-json\/wp\/v2\/media\/251133"}],"wp:attachment":[{"href":"https:\/\/www.europesays.com\/es\/wp-json\/wp\/v2\/media?parent=251132"}],"wp:term":[{"taxonomy":"category","embeddable":true,"href":"https:\/\/www.europesays.com\/es\/wp-json\/wp\/v2\/categories?post=251132"},{"taxonomy":"post_tag","embeddable":true,"href":"https:\/\/www.europesays.com\/es\/wp-json\/wp\/v2\/tags?post=251132"}],"curies":[{"name":"wp","href":"https:\/\/api.w.org\/{rel}","templated":true}]}}