{"id":251138,"date":"2025-11-23T09:20:11","date_gmt":"2025-11-23T09:20:11","guid":{"rendered":"https:\/\/www.europesays.com\/es\/251138\/"},"modified":"2025-11-23T09:20:11","modified_gmt":"2025-11-23T09:20:11","slug":"elena-irureta-actriz-el-negocio-que-la-protagonista-de-patria-tenia-montado-en-su-caserio-por-si-no-triunfaba-como-actriz","status":"publish","type":"post","link":"https:\/\/www.europesays.com\/es\/251138\/","title":{"rendered":"Elena Irureta, actriz: El negocio que la protagonista de Patria ten\u00eda montado en su caser\u00edo por si no triunfaba como actriz"},"content":{"rendered":"<p><a class=\"v-mdl-ath__fig-a\" href=\"https:\/\/www.elcorreo.com\/autor\/rosa-palo-2936.html\" title=\"Rosa Palo\" rel=\"nofollow noopener\" target=\"_blank\"><br \/>\n<img decoding=\"async\" class=\"v-mdl-ath__img\" src=\"https:\/\/www.europesays.com\/es\/wp-content\/uploads\/2025\/09\/autor-2936-foto-1.jpeg\" alt=\"Rosa Palo\"\/><br \/>\n<\/a><\/p>\n<p class=\"v-mdl-ath__p v-mdl-ath__p--6\">\nDomingo, 23 de noviembre 2025, 09:57<\/p>\n<p class=\"v-p\">Durante la conversaci\u00f3n, Elena Irureta repite varias veces que se siente afortunada y agradecida por vivir de un oficio que ama. Lo hace sin darse importancia, como si ponerse ante la c\u00e1mara y lograr lo que logra no fuera algo excepcional. Conversadora entretenid\u00edsima, Irureta se r\u00ede mucho, pero se conmueve hasta la m\u00e9dula cuando llega el momento de hablar de &#8216;Patria&#8217; y de la inolvidable Bittori. Por aquel personaje, y por tantos otros que ha interpretado a lo largo de su extensa carrera, la actriz vasca recibir\u00e1 el pr\u00f3ximo 29 de noviembre el Premio FICC del Festival de Cine de Cartagena, un nuevo y merecido reconocimiento para una profesional que reivindica que \u00abno hay papeles protagonistas o secundarios, solo trabajo bien hecho: aunque tengas una sola secuencia, es la tuya y hay que hacerla bien\u00bb.<\/p>\n<p class=\"v-p\"><strong>-Sigue viviendo en su caser\u00edo de Zumaia. Qu\u00e9 buen sitio para tomarse el verm\u00fa del domingo.<\/strong><\/p>\n<p class=\"v-p\">-Pues no te digo que no. Adem\u00e1s, el vermucito me encanta. Ja, ja.<\/p>\n<p class=\"v-p\"><strong>-No para de recibir premios. Este verano el de L&#8217;Alf\u00e0s del Pi y, ahora, el del Festival de Cine de Cartagena. Est\u00e1 en su &#8216;prime&#8217;, que dicen los chavales.<\/strong><\/p>\n<p class=\"v-p\">-Chica, ya sabes c\u00f3mo van estas cosas. Cuando algo es muy medi\u00e1tico, se acuerdan m\u00e1s de ti y te pones un poquito como de moda, digamos. Yo agradezco mucho todos los premios, aunque tampoco nos vamos a volver tontos con esas cosas, \u00bfno? Pero que te tengan en cuenta y que te premien es un lujo. <\/p>\n<p class=\"v-p\"><strong>-\u00bfY no le da un poco de rabia que esos reconocimientos no hayan llegado antes? <\/strong><\/p>\n<p class=\"v-p\">-Pues a m\u00ed me parece lo contrario. Hubiera sido malo que me los dieran al principio y luego se olvidaran de m\u00ed. Desde que empec\u00e9 a los 26 a\u00f1os he tenido la inmensa suerte de vivir de esta profesi\u00f3n porque no contaba con ello; siempre pensaba \u00abbueno, pues va colando\u00bb. No pod\u00eda imaginarme que a los 70 seguir\u00eda trabajando y recibiendo premios. Soy una privilegiada.<\/p>\n<p class=\"v-p\"><strong>-Por eso ten\u00eda una casa rural en el caser\u00edo como plan B. <\/strong><\/p>\n<p class=\"v-p\">-As\u00ed es. La cerr\u00e9 hace 3 a\u00f1os, aunque la tuve abierta casi 25. Ni siquiera pude dedicarme a ella lo que pensaba porque, por suerte, segu\u00ed trabajando como actriz.<\/p>\n<p class=\"v-p\"><strong>-Su padre no se cre\u00eda que le pagaran por actuar.<\/strong><\/p>\n<p class=\"v-p\">-\u00a1Es que no se lo pod\u00eda creer! Trabaj\u00e1bamos en ETB y pensaba que lo hac\u00edamos por hobby, porque siempre nos ve\u00eda haciendo comedia con los amigos, hasta que un d\u00eda me dijo: \u00ab\u00bfDe verdad que te pagan por hacer esto?\u00bb. Se qued\u00f3 a cuadros cuando le dije que s\u00ed, y que, adem\u00e1s, nos pagaban bien. Ja, ja, ja.<\/p>\n<p class=\"v-p\"><strong>-Tambi\u00e9n ha sido guionista y directora.<\/strong><\/p>\n<p class=\"v-p\">-Hemos hecho muchas cosas, pero por no esperar a que nos llamaran. En ETB escribimos, dirigimos e interpretamos tres programas distintos. Pero eso lo haces porque ignoras la complejidad, y si tienes suerte te sale bien. Ahora no s\u00e9 si me atrever\u00eda, f\u00edjate. Cuanta m\u00e1s edad y m\u00e1s experiencia tienes, m\u00e1s cuenta te das de lo dif\u00edcil que es esto.<\/p>\n<p class=\"v-p\"><strong>-El personaje de Bittori en &#8216;Patria&#8217; ha sido muy importante en su carrera. \u00bfQu\u00e9 le ha dejado ese papel?<\/strong><\/p>\n<p class=\"v-p\">-Pues mira, cuando grab\u00e1bamos la serie no fue dif\u00edcil hacer los personajes porque lo hab\u00edamos hablado mucho, pero se iba creando una expectativa alrededor del abrazo que nos puso nerviosas, tanto que me dec\u00eda Ane (Gabarain): \u00abElena, \u00bfc\u00f3mo vamos a hacer el abrazo?\u00bb. Y yo dec\u00eda: \u00abPues un abrazo. Sabemos darnos un abrazo, \u00bfno?\u00bb. No s\u00e9, cosas que te hacen sentir como que tienes m\u00e1s responsabilidad. Al final, cuando rodamos la escena, estaba todo el mundo en la plaza esperando, y ah\u00ed empezamos a ver que esto tra\u00eda mucha cola. <\/p>\n<p class=\"v-p\"><strong>-\u00bfY cuando vio la serie?<\/strong><\/p>\n<p class=\"v-p\">-Me dio un palo enorme. \u00a1Uf! No era consciente al hacerla de c\u00f3mo me iba a afectar cuando la vi. De verdad, me dio una tristeza infinita. En el estreno en Donosti vimos toda la serie en una tarde. Hab\u00eda un silencio sepulcral, y yo tambi\u00e9n me qued\u00e9 de piedra.<\/p>\n<p class=\"v-p\"><strong>-\u00bfLa ha vuelto a ver?<\/strong><\/p>\n<p class=\"v-p\">-No, porque, al verla todo de golpe, te das cuenta de c\u00f3mo has vivido as\u00ed durante tantos a\u00f1os, \u00bfno?, goteo, goteo, goteo, y c\u00f3mo te vas haciendo a que la vida sea as\u00ed. Me afect\u00f3 mucho y me ha marcado mucho. Mucho. No quiero verla otra vez porque voy a llorar lo que no est\u00e1 escrito. Fue un antes y un despu\u00e9s.<\/p>\n<p class=\"v-p\"><strong>-Sigue encadenando un rodaje tras otro. \u00bfDe d\u00f3nde saca la energ\u00eda para tanto trasiego? <\/strong><\/p>\n<p class=\"v-p\">-Bueno, ya haces la vista gorda a muchas cosas que padeces, pero el cuerpo no es el mismo. Duermo fatal, y hay d\u00edas que voy a trabajar con tres horas de sue\u00f1o y acabo cansad\u00edsima. Pero lo nuestro nunca ha sido f\u00e1cil: muchas veces est\u00e1s en exteriores y hace much\u00edsimo fr\u00edo, como nos pas\u00f3 en febrero rodando &#8216;Gaua&#8217; en Vitoria. O al rev\u00e9s, como este verano, que grabamos en una carretera secundaria de Toledo a 44\u00ba. Y muchas horas de espera entre tomas. Pero el trabajo es trabajo en todas partes y en todos los oficios. <\/p>\n<p>Reporta un error<\/p>\n","protected":false},"excerpt":{"rendered":"Domingo, 23 de noviembre 2025, 09:57 Durante la conversaci\u00f3n, Elena Irureta repite varias veces que se siente afortunada&hellip;\n","protected":false},"author":2,"featured_media":251139,"comment_status":"","ping_status":"","sticky":false,"template":"","format":"standard","meta":{"footnotes":""},"categories":[174],"tags":[6456,7673,255,146,147,25,24,256,63622,5056,5683,1440,23,63623],"class_list":{"0":"post-251138","1":"post","2":"type-post","3":"status-publish","4":"format-standard","5":"has-post-thumbnail","7":"category-famosos","8":"tag-actriz","9":"tag-caserio","10":"tag-celebrities","11":"tag-entertainment","12":"tag-entretenimiento","13":"tag-es","14":"tag-espana","15":"tag-famosos","16":"tag-montado","17":"tag-negocio","18":"tag-patria","19":"tag-protagonista","20":"tag-spain","21":"tag-triunfaba"},"share_on_mastodon":{"url":"https:\/\/pubeurope.com\/@es\/115598277779324592","error":""},"_links":{"self":[{"href":"https:\/\/www.europesays.com\/es\/wp-json\/wp\/v2\/posts\/251138","targetHints":{"allow":["GET"]}}],"collection":[{"href":"https:\/\/www.europesays.com\/es\/wp-json\/wp\/v2\/posts"}],"about":[{"href":"https:\/\/www.europesays.com\/es\/wp-json\/wp\/v2\/types\/post"}],"author":[{"embeddable":true,"href":"https:\/\/www.europesays.com\/es\/wp-json\/wp\/v2\/users\/2"}],"replies":[{"embeddable":true,"href":"https:\/\/www.europesays.com\/es\/wp-json\/wp\/v2\/comments?post=251138"}],"version-history":[{"count":0,"href":"https:\/\/www.europesays.com\/es\/wp-json\/wp\/v2\/posts\/251138\/revisions"}],"wp:featuredmedia":[{"embeddable":true,"href":"https:\/\/www.europesays.com\/es\/wp-json\/wp\/v2\/media\/251139"}],"wp:attachment":[{"href":"https:\/\/www.europesays.com\/es\/wp-json\/wp\/v2\/media?parent=251138"}],"wp:term":[{"taxonomy":"category","embeddable":true,"href":"https:\/\/www.europesays.com\/es\/wp-json\/wp\/v2\/categories?post=251138"},{"taxonomy":"post_tag","embeddable":true,"href":"https:\/\/www.europesays.com\/es\/wp-json\/wp\/v2\/tags?post=251138"}],"curies":[{"name":"wp","href":"https:\/\/api.w.org\/{rel}","templated":true}]}}