{"id":251142,"date":"2025-11-23T09:23:25","date_gmt":"2025-11-23T09:23:25","guid":{"rendered":"https:\/\/www.europesays.com\/es\/251142\/"},"modified":"2025-11-23T09:23:25","modified_gmt":"2025-11-23T09:23:25","slug":"no-me-daba-tiempo-a-respirar","status":"publish","type":"post","link":"https:\/\/www.europesays.com\/es\/251142\/","title":{"rendered":"No me daba tiempo a respirar"},"content":{"rendered":"\n<p> Anoche, los coaches de La Voz utilizaron sus mejores estrategias para tratar de triunfar en las batallas cruzadas, <strong>pero Mal\u00fa fue el principal blanco de la gran mayor\u00eda de sus rivales<\/strong>. En esta fase clasificatoria para los directos, cada coach elige a uno de sus talents para que se enfrente a otro sobre el escenario. <\/p>\n<p> Sin embargo, en esta ocasi\u00f3n, los coaches no deciden quien permanece en el concurso, <strong>sino que es el p\u00fablico de plat\u00f3 el que elige qu\u00e9 concursantes vencen en esta batalla final <\/strong>y pasan a los directos de la pr\u00f3xima semana. La primera en retar fue Mal\u00fa, que decidi\u00f3 batirse en duelo contra el equipo de Sebasti\u00e1n Yatra. Ambos coaches seleccionaron a concursantes especializados en flamenco, <strong>pero la sobrina de Paco de Luc\u00eda perdi\u00f3 en esta batalla frente al concursante de Yatra<\/strong>. <\/p>\n<p> \u00abMe ha dado mucha pena porque son artistas que sacan todo lo que tienen dentro. <strong>Nunca sabes lo que va a pasar, pero creo que el p\u00fablico siempre tiene la raz\u00f3n<\/strong>. Ellos votan lo que les hace sentir, por lo que es la decisi\u00f3n m\u00e1s pura\u00bb, reconoci\u00f3 Mal\u00fa, aceptando su derrota con deportividad. Sin embargo, <strong>el juego solo acababa de empezar para la int\u00e9rprete de Blanco y negro<\/strong>. <\/p>\n<p> Y es que, tras esto, Mika eligi\u00f3 a Mal\u00fa, <strong>haciendo que la sobrina de Paco de Luc\u00eda tuviese que enfrentarse a dos batallas seguidas<\/strong>: \u00abNo me da tiempo a respirar\u00bb, brome\u00f3 la artista, que consigui\u00f3 vencer a su rival en esta batalla y sac\u00f3 pecho de su victoria: \u00abSe han encontrado con un hueso muy duro de roer, <strong>que son mis chicos<\/strong>\u00ab, afirm\u00f3 con orgullo la coach. <\/p>\n<p>               La cantante y coach de &#8216;La Voz&#8217;, Mal\u00fa. (Atresmedia)             <\/p>\n<p> A continuaci\u00f3n, Pablo L\u00f3pez le dio un respiro a Mal\u00fa, <strong>pero Yatra se la devolvi\u00f3 a la artista y ret\u00f3 a uno de sus talents<\/strong>: \u00abCuando me retan entro en modo competencia a fuego\u00bb, confes\u00f3 el colombiano, reconociendo que se quer\u00eda vengar de Mal\u00fa. En la primera ronda, la sobrina de Paco de Luc\u00eda particip\u00f3 en tres batallas, algo que la dej\u00f3 exhausta: \u00ab<strong>Han ido a por m\u00ed todos, me han retado sin parar<\/strong>. Es que no me daba tiempo a respirar\u00bb, expres\u00f3 la artista. <\/p>\n<p> Sin embargo, Mal\u00fa jug\u00f3 bien sus cartas en su batalla contra Yatra. Y es que enfrent\u00f3 a una de sus chicas contra el concursante del colombiano para as\u00ed evitar las comparaciones, algo que le dio la victoria. <strong>\u00abEllos sab\u00edan que mi equipo era bueno, pero creo que no sab\u00edan que lo era tanto\u00bb<\/strong>, se\u00f1al\u00f3 Mal\u00fa, que consigui\u00f3 vencer en dos de estas batallas. <\/p>\n<p> Anoche, los coaches de La Voz utilizaron sus mejores estrategias para tratar de triunfar en las batallas cruzadas, <strong>pero Mal\u00fa fue el principal blanco de la gran mayor\u00eda de sus rivales<\/strong>. En esta fase clasificatoria para los directos, cada coach elige a uno de sus talents para que se enfrente a otro sobre el escenario. <\/p>\n","protected":false},"excerpt":{"rendered":"Anoche, los coaches de La Voz utilizaron sus mejores estrategias para tratar de triunfar en las batallas cruzadas,&hellip;\n","protected":false},"author":2,"featured_media":251143,"comment_status":"","ping_status":"","sticky":false,"template":"","format":"standard","meta":{"footnotes":""},"categories":[171],"tags":[146,147,25,24,23,214],"class_list":{"0":"post-251142","1":"post","2":"type-post","3":"status-publish","4":"format-standard","5":"has-post-thumbnail","7":"category-tv","8":"tag-entertainment","9":"tag-entretenimiento","10":"tag-es","11":"tag-espana","12":"tag-spain","13":"tag-tv"},"share_on_mastodon":{"url":"https:\/\/pubeurope.com\/@es\/115598288815423713","error":""},"_links":{"self":[{"href":"https:\/\/www.europesays.com\/es\/wp-json\/wp\/v2\/posts\/251142","targetHints":{"allow":["GET"]}}],"collection":[{"href":"https:\/\/www.europesays.com\/es\/wp-json\/wp\/v2\/posts"}],"about":[{"href":"https:\/\/www.europesays.com\/es\/wp-json\/wp\/v2\/types\/post"}],"author":[{"embeddable":true,"href":"https:\/\/www.europesays.com\/es\/wp-json\/wp\/v2\/users\/2"}],"replies":[{"embeddable":true,"href":"https:\/\/www.europesays.com\/es\/wp-json\/wp\/v2\/comments?post=251142"}],"version-history":[{"count":0,"href":"https:\/\/www.europesays.com\/es\/wp-json\/wp\/v2\/posts\/251142\/revisions"}],"wp:featuredmedia":[{"embeddable":true,"href":"https:\/\/www.europesays.com\/es\/wp-json\/wp\/v2\/media\/251143"}],"wp:attachment":[{"href":"https:\/\/www.europesays.com\/es\/wp-json\/wp\/v2\/media?parent=251142"}],"wp:term":[{"taxonomy":"category","embeddable":true,"href":"https:\/\/www.europesays.com\/es\/wp-json\/wp\/v2\/categories?post=251142"},{"taxonomy":"post_tag","embeddable":true,"href":"https:\/\/www.europesays.com\/es\/wp-json\/wp\/v2\/tags?post=251142"}],"curies":[{"name":"wp","href":"https:\/\/api.w.org\/{rel}","templated":true}]}}