{"id":251145,"date":"2025-11-23T09:25:11","date_gmt":"2025-11-23T09:25:11","guid":{"rendered":"https:\/\/www.europesays.com\/es\/251145\/"},"modified":"2025-11-23T09:25:11","modified_gmt":"2025-11-23T09:25:11","slug":"george-lucas-ya-ha-superado-star-wars-tengo-una-vida","status":"publish","type":"post","link":"https:\/\/www.europesays.com\/es\/251145\/","title":{"rendered":"George Lucas ya ha superado \u2018Star Wars\u2019: \u201cTengo una vida\u201d"},"content":{"rendered":"<p class=\"\"><a href=\"https:\/\/as.com\/meristation\/cine\/ni-luke-skywalker-ni-darth-vader-el-personaje-favorito-de-star-wars-de-george-lucas-es-tan-sorprendente-como-su-eleccion-de-pelicula-y-serie-preferidas-f202510-n\/\" target=\"_self\" rel=\"nofollow noopener\" title=\"https:\/\/as.com\/meristation\/cine\/ni-luke-skywalker-ni-darth-vader-el-personaje-favorito-de-star-wars-de-george-lucas-es-tan-sorprendente-como-su-eleccion-de-pelicula-y-serie-preferidas-f202510-n\/\">George Lucas <\/a>est\u00e1 centrado en su nuevo proyecto, el <a href=\"https:\/\/as.com\/meristation\/virales\/george-lucas-revela-su-gran-plan-al-estilo-star-wars-en-mitad-de-los-angeles-las-historias-son-mitologia-f202511-n\/\" target=\"_self\" rel=\"nofollow noopener\" title=\"https:\/\/as.com\/meristation\/virales\/george-lucas-revela-su-gran-plan-al-estilo-star-wars-en-mitad-de-los-angeles-las-historias-son-mitologia-f202511-n\/\">Lucas Museum of Narrative Art <\/a>de Los \u00c1ngeles. En ese contexto, el creador de la saga gal\u00e1ctica ha mencionado \u2018Star Wars\u2019 durante una entrevista con <a href=\"https:\/\/www.wsj.com\/style\/design\/george-lucas-mellody-hobson-museum-of-narrative-art-los-angeles-72f20694\" target=\"_blank\" rel=\"nofollow noopener\" title=\"https:\/\/www.wsj.com\/style\/design\/george-lucas-mellody-hobson-museum-of-narrative-art-los-angeles-72f20694\">The Wall Street Journal<\/a>, donde ha reconocido que ya ha superado esta etapa.<b> El cineasta vendi\u00f3 Lucasfilm en 2012 a Disney<\/b>, que se encarga de gestionar la marca y sus productos.<\/p>\n<p class=\"\">\u201cDisney se hizo con ella y <b>han plasmado su visi\u00f3n<\/b>, eso es lo que ha ocurrido\u201d, ha dicho Lucas despu\u00e9s de que le preguntaran si ya ha dejado atr\u00e1s la saga \u2018Star Wars\u2019.<\/p>\n<p><img decoding=\"async\" src=\"https:\/\/www.europesays.com\/es\/wp-content\/uploads\/2025\/11\/VOJ2RRKQX5AARNWUXWZYALBC4M.jpg\" alt=\"George Lucas ya ha superado \u2018Star Wars\u2019: \u201cTengo una vida\u201d\" height=\"698\" width=\"1240\"   loading=\"lazy\"\/>M\u00e1s f\u00e1cil hacer pel\u00edculas que poner en marcha un museo<\/p>\n<p class=\"\">El director y guionista de 81 a\u00f1os ha asegurado que montar el museo ha sido muy complejo. \u201c<b>Por supuesto que lo he superado<\/b>, tengo una vida. Estoy construyendo un museo, que es m\u00e1s dif\u00edcil que hacer pel\u00edculas\u201d.<\/p>\n<p class=\"\">Disney se encarg\u00f3 de producir la trilog\u00eda de secuelas de \u2018Star Wars\u2019, as\u00ed como todas las series live-action que se pueden disfrutar hoy en d\u00eda. A pesar de las cr\u00edticas, <b>Lucasfilm por fin ha puesto el foco en la \u00e9poca posterior a \u2018El ascenso de Skywalker\u2019<\/b>. De este modo, habr\u00e1 varias producciones ambientadas en esta nueva era de la marca.<\/p>\n<p class=\"\">Despu\u00e9s de a\u00f1os de ausencia en los cines, la saga regresar\u00e1 con<a href=\"https:\/\/as.com\/meristation\/cine\/star-wars-the-mandalorian-grogu-cambia-las-prioridades-de-sus-protagonistas-f202511-n\/\" target=\"_self\" rel=\"nofollow noopener\" title=\"https:\/\/as.com\/meristation\/cine\/star-wars-the-mandalorian-grogu-cambia-las-prioridades-de-sus-protagonistas-f202511-n\/\"> \u2018The Mandalorian &amp; Grogu\u2019<\/a> <b>en mayo de 2026<\/b>, mientras que la siguiente, <a href=\"https:\/\/as.com\/meristation\/cine\/asi-luce-ryan-gosling-en-la-nueva-imagen-de-star-wars-starfighter-que-se-esta-rodando-en-el-mediterraneo-n\/\" target=\"_self\" rel=\"nofollow noopener\" title=\"https:\/\/as.com\/meristation\/cine\/asi-luce-ryan-gosling-en-la-nueva-imagen-de-star-wars-starfighter-que-se-esta-rodando-en-el-mediterraneo-n\/\">\u2018Star Wars: Starfighter\u2019<\/a>, ya se ambientar\u00e1 tras las secuelas.<\/p>\n<p>Noticias relacionadas<\/p>\n<p class=\"\">Suscr\u00edbete al <a href=\"https:\/\/www.youtube.com\/@meristation\" target=\"_self\" rel=\"nofollow noopener\" title=\"https:\/\/www.youtube.com\/@meristation\">canal de MeriStation en YouTube<\/a>, tu web de videojuegos y entretenimiento para conocer todas las noticias y novedades sobre el mundo del videojuego, cine, series, manga y anime. An\u00e1lisis, entrevistas, tr\u00e1ileres, gameplays, p\u00f3dcast y mucho m\u00e1s. Tambi\u00e9n te animamos a seguir <a href=\"https:\/\/www.tiktok.com\/@meristation\" rel=\"nofollow noopener\" title=\"https:\/\/www.tiktok.com\/@meristation\" target=\"_blank\">nuestra cuenta de TikTok<\/a>. <\/p>\n<p class=\"\">\u00a1S\u00edguenos en ambas y, si est\u00e1s interesado en licenciar este contenido, pincha <a href=\"https:\/\/profesional.elpais.com\/soluciones-sindicacion?utm_medium=interno&amp;utm_source=crosslinking&amp;utm_campaign=sindicacion_as_pie_articulos\" target=\"_blank\" rel=\"nofollow noopener\" title=\"https:\/\/profesional.elpais.com\/soluciones-sindicacion?utm_medium=interno&amp;utm_source=crosslinking&amp;utm_campaign=sindicacion_as_pie_articulos\">aqu\u00ed<\/a>!<\/p>\n<p><script async src=\"\/\/www.tiktok.com\/embed.js\"><\/script><\/p>\n","protected":false},"excerpt":{"rendered":"George Lucas est\u00e1 centrado en su nuevo proyecto, el Lucas Museum of Narrative Art de Los \u00c1ngeles. En&hellip;\n","protected":false},"author":2,"featured_media":251146,"comment_status":"","ping_status":"","sticky":false,"template":"","format":"standard","meta":{"footnotes":""},"categories":[169],"tags":[177,146,147,25,24,176,175,23],"class_list":{"0":"post-251145","1":"post","2":"type-post","3":"status-publish","4":"format-standard","5":"has-post-thumbnail","7":"category-cine","8":"tag-cine","9":"tag-entertainment","10":"tag-entretenimiento","11":"tag-es","12":"tag-espana","13":"tag-film","14":"tag-movies","15":"tag-spain"},"share_on_mastodon":{"url":"https:\/\/pubeurope.com\/@es\/115598296763974448","error":""},"_links":{"self":[{"href":"https:\/\/www.europesays.com\/es\/wp-json\/wp\/v2\/posts\/251145","targetHints":{"allow":["GET"]}}],"collection":[{"href":"https:\/\/www.europesays.com\/es\/wp-json\/wp\/v2\/posts"}],"about":[{"href":"https:\/\/www.europesays.com\/es\/wp-json\/wp\/v2\/types\/post"}],"author":[{"embeddable":true,"href":"https:\/\/www.europesays.com\/es\/wp-json\/wp\/v2\/users\/2"}],"replies":[{"embeddable":true,"href":"https:\/\/www.europesays.com\/es\/wp-json\/wp\/v2\/comments?post=251145"}],"version-history":[{"count":0,"href":"https:\/\/www.europesays.com\/es\/wp-json\/wp\/v2\/posts\/251145\/revisions"}],"wp:featuredmedia":[{"embeddable":true,"href":"https:\/\/www.europesays.com\/es\/wp-json\/wp\/v2\/media\/251146"}],"wp:attachment":[{"href":"https:\/\/www.europesays.com\/es\/wp-json\/wp\/v2\/media?parent=251145"}],"wp:term":[{"taxonomy":"category","embeddable":true,"href":"https:\/\/www.europesays.com\/es\/wp-json\/wp\/v2\/categories?post=251145"},{"taxonomy":"post_tag","embeddable":true,"href":"https:\/\/www.europesays.com\/es\/wp-json\/wp\/v2\/tags?post=251145"}],"curies":[{"name":"wp","href":"https:\/\/api.w.org\/{rel}","templated":true}]}}