{"id":251149,"date":"2025-11-23T09:27:10","date_gmt":"2025-11-23T09:27:10","guid":{"rendered":"https:\/\/www.europesays.com\/es\/251149\/"},"modified":"2025-11-23T09:27:10","modified_gmt":"2025-11-23T09:27:10","slug":"la-gripe-a-la-cabeza-de-los-virus-respiratorios-en-espana-servimedia","status":"publish","type":"post","link":"https:\/\/www.europesays.com\/es\/251149\/","title":{"rendered":"La gripe, a la cabeza de los virus respiratorios en Espa\u00f1a &#8211; Servimedia"},"content":{"rendered":"<ol>\n<li><a href=\"https:\/\/news.google.com\/rss\/articles\/CBMijgFBVV95cUxQOXdxOXN1RmdEd2dDYm91ZEZWVm4wUUMtRklUZ0hqNUtNR3VVU3lMcVZpU1ZMRmV5N05tR0h4bTNGVWVHbzlvazVhYUxPMHJiZ2VVWklBVUdNTjVUYXlOMHhPUzRrTWNiR0Z0bkxDbWNtY0laSXhaV3pIYXZOd042YUhDekNJTTBKVGp6bmJn?oc=5\" target=\"_blank\" rel=\"nofollow noopener\">La gripe, a la cabeza de los virus respiratorios en Espa\u00f1a<\/a>&nbsp;&nbsp;Servimedia<\/li>\n<li><a href=\"https:\/\/news.google.com\/rss\/articles\/CBMi5AFBVV95cUxOMUJRQmJGVktTY0g3eE9zMGMxenBFZGFpVmhvMEdkMVVZYXlzVmZGd2lzQmRwVUJaUGdXYzY1Qk5nRGFIY3NKc3BPUWJZUTVGVjZPTmdLdW5WV3htdW5jVG1qNGNMTzNzbjlJYUNWTlVhYzJXNUF1UkhvNTUwWTFmWTh2c1hNaktBakRrZHFqOW1PUEQ4NVB5bVlxYlNGYkxRb0NjY01veHR1d0NDVU93aEs0cFBkOThnX0c3Nlhuc2l2Vm1FNDE3MUkyMGljdnNXUnJJY3pjbTNudnAwS0V4eGk2RELSAeQBQVVfeXFMTnE1c2hrdVNSb0swT1JhOUpud2wtZXpCYjZrSndrbHRNUEthZ0k5SnNiZUdzU19XYmxLaEppSHBqcTdvT054amdyRTlsdzBVNmZyV0lWNElRMWhmZ0VVcDFoUUVnVlRLejlsXzFjTUlyZHp0OFMtSGhuR0ZmTS1fbmhwZVdwZ0M5cUg3UU9BckpmeGM5anJLSFdSS2ZFSllsRGZkT3JiR0tuMTdhdnVaQ2tadzlOR2tlQVExYWl3Y3FhOVFsZzd4dVdFcmZmTjNVTUJNTjAxRjRRdktsZUNCRklTYWtB?oc=5\" target=\"_blank\" rel=\"nofollow noopener\">Un nuevo perfil m\u00e9dico, &#8216;culpable&#8217; del aumento de casos de gripe en Espa\u00f1a<\/a>&nbsp;&nbsp;Redacci\u00f3n M\u00e9dica<\/li>\n<li><a href=\"https:\/\/news.google.com\/rss\/articles\/CBMilgJBVV95cUxOODY1VVNtQ1hlcE90ZG5oNlZaeFJPR2lFM09sLXQwZWlQVHVPN2txZ2tKVERUdzY4MENxVktSRzNGSlhlaUlJOW5mN1Zuc1JmRmF1U28tNkxqZ1VRc0pWYVM2TG5ERTFSX0M3elhsRUdYOHFGWTdBMTdxRjVGNTNEZVZBeVlubmhIMG5na3ZJUEk2bWI2UHVLS2JFeGZUcHlCTFFwSmhXQm5hZWNPNkxZUXcwbjFmR2l3RDJ3ZzNHUWx5dEFYb3dxd295Vk1LLVFRQmZVWGdfSXYzeDZLTDl5dU1yZ1RmRHFYejc4VjFEMDEzM0pSRmREby1yMmo5d0I0UGZHMGR1YlE2S282eEgxYmZaVHNQUQ?oc=5\" target=\"_blank\" rel=\"nofollow noopener\">La gripe, el virus respiratorio m\u00e1s com\u00fan en Espa\u00f1a con 33.000 hospitalizaciones y 1.800 muertos la temporada pasada<\/a>&nbsp;&nbsp;MSN<\/li>\n<li><a href=\"https:\/\/news.google.com\/rss\/articles\/CBMitgFBVV95cUxPUXRNT3VJSGM4MjJfVkRwWS1JZl9jOEkzWkQyNl9qTzB6aENNelNmcUI5YVlPV01Wcjk0Y1FYeXd5Mk0zRm52N20wUjRjeTl1SDVyYVlKbU1qZFY0NlpqWnJ4bjNIVXpxdTFWTTZZOEpIeVRtWWxBWEpFQlFNQXlsSFZiRkMzd3JvbFdWMGFDMEl1ZzZvcTduaHByM3I0Zk5xR09udFE5S2VMSVEyOUVwRnVTV1FBZw?oc=5\" target=\"_blank\" rel=\"nofollow noopener\">La gripe se adelanta y pone a los hospitales en alerta: \u00abEl pico se espera en 4 semanas\u00bb<\/a>&nbsp;&nbsp;65 y m\u00e1s<\/li>\n<li><a href=\"https:\/\/news.google.com\/rss\/articles\/CBMipwFBVV95cUxNYlc3Rm1oMWMyaWtRaml3ck1ib2k0ZXFvOUd5aF9DeU9CanhTeS0tRnZlMld5NS1GLURMemVTVDNLNDlkMDFreWhfYV92ZEtSTF9OdFl0bHJOZTMwRFpQd25GVHpJNkFVQzRfNWJxN09SOGxCQWpydTZPb1ZVcmRNZEdkQ2VhSFdubE0zaHJiTmFrT2FpYmhZR0RTY0dMZGE1aDZjek1yZw?oc=5\" target=\"_blank\" rel=\"nofollow noopener\">La gripe sigue subiendo en Espa\u00f1a en l\u00ednea con el patr\u00f3n de circulaci\u00f3n temprana mundial que causa la nueva cepa<\/a>&nbsp;&nbsp;Gaceta M\u00e9dica<\/li>\n<\/ol>\n","protected":false},"excerpt":{"rendered":"La gripe, a la cabeza de los virus respiratorios en Espa\u00f1a&nbsp;&nbsp;Servimedia Un nuevo perfil m\u00e9dico, &#8216;culpable&#8217; del aumento&hellip;\n","protected":false},"author":2,"featured_media":251150,"comment_status":"","ping_status":"","sticky":false,"template":"","format":"standard","meta":{"footnotes":""},"categories":[92],"tags":[2272,25,24,7749,165,26154,1567,166,492,23,2275,30987],"class_list":{"0":"post-251149","1":"post","2":"type-post","3":"status-publish","4":"format-standard","5":"has-post-thumbnail","7":"category-salud","8":"tag-covid-19","9":"tag-es","10":"tag-espana","11":"tag-gripe","12":"tag-health","13":"tag-isciii","14":"tag-menores","15":"tag-salud","16":"tag-sociedad","17":"tag-spain","18":"tag-virus","19":"tag-vrs"},"share_on_mastodon":{"url":"https:\/\/pubeurope.com\/@es\/115598304488028322","error":""},"_links":{"self":[{"href":"https:\/\/www.europesays.com\/es\/wp-json\/wp\/v2\/posts\/251149","targetHints":{"allow":["GET"]}}],"collection":[{"href":"https:\/\/www.europesays.com\/es\/wp-json\/wp\/v2\/posts"}],"about":[{"href":"https:\/\/www.europesays.com\/es\/wp-json\/wp\/v2\/types\/post"}],"author":[{"embeddable":true,"href":"https:\/\/www.europesays.com\/es\/wp-json\/wp\/v2\/users\/2"}],"replies":[{"embeddable":true,"href":"https:\/\/www.europesays.com\/es\/wp-json\/wp\/v2\/comments?post=251149"}],"version-history":[{"count":0,"href":"https:\/\/www.europesays.com\/es\/wp-json\/wp\/v2\/posts\/251149\/revisions"}],"wp:featuredmedia":[{"embeddable":true,"href":"https:\/\/www.europesays.com\/es\/wp-json\/wp\/v2\/media\/251150"}],"wp:attachment":[{"href":"https:\/\/www.europesays.com\/es\/wp-json\/wp\/v2\/media?parent=251149"}],"wp:term":[{"taxonomy":"category","embeddable":true,"href":"https:\/\/www.europesays.com\/es\/wp-json\/wp\/v2\/categories?post=251149"},{"taxonomy":"post_tag","embeddable":true,"href":"https:\/\/www.europesays.com\/es\/wp-json\/wp\/v2\/tags?post=251149"}],"curies":[{"name":"wp","href":"https:\/\/api.w.org\/{rel}","templated":true}]}}