{"id":251151,"date":"2025-11-23T09:28:13","date_gmt":"2025-11-23T09:28:13","guid":{"rendered":"https:\/\/www.europesays.com\/es\/251151\/"},"modified":"2025-11-23T09:28:13","modified_gmt":"2025-11-23T09:28:13","slug":"con-david-bisbal-todo-es-posible-tambien-en-navidad","status":"publish","type":"post","link":"https:\/\/www.europesays.com\/es\/251151\/","title":{"rendered":"Con David Bisbal todo es posible, tambi\u00e9n en Navidad"},"content":{"rendered":"<p style=\"\">A punto de cumplir sus veinticinco a\u00f1os de carrera, el almeriense David Bisbal ha hecho casi de todo en el mundo de la m\u00fasica. Comenz\u00f3 recorriendo las ferias de los pueblos con su orquesta para luego convertirse en uno de los favoritos de la primera  &#8230; edici\u00f3n de Operaci\u00f3n Triunfo. Un salto al \u00e9xito que lo convirti\u00f3 en <strong>una de las estrellas musicales del siglo XXI<\/strong>, con miles de discos vendidos y singles que tararean todas las generaciones. Ahora, por si fuera poco, se ha convertido en <strong>una especie de Mariah Carey o Michel Bubl\u00e9 a la espa\u00f1ola con &#8216;Todo es posible en Navidad&#8217;<\/strong>, una gira de conciertos que este s\u00e1bado aterriz\u00f3 en Sevilla para dar la bienvenida a las fiestas una semana antes de que lo hagan las luces que alumbrar\u00e1n m\u00e1s de 300 calles de la ciudad.<\/p>\n<p class=\"voc-p\" style=\"\">Fibes se llen\u00f3 de una legi\u00f3n de fans que se dejaron llevar por el esp\u00edritu festivo de un <strong>repertorio de villancicos, cl\u00e1sicos y m\u00e1s actuales, con aires poperos y flamencos<\/strong>, con los que David Bisbal fue el mismo de siempre. No defraud\u00f3 y eso es lo que esperaban sus fieles, que corearon una tras otra la m\u00e1s de una <strong>veintena de canciones del repertorio<\/strong>. Entre ellos estaba el presidente de la Junta de Andaluc\u00eda, <strong>Juanma Moreno<\/strong>, junto a su familia. La noche empez\u00f3 con ganas y con cierto retraso sobre la hora prevista. \u00abLo bueno se hace esperar\u00bb, pensaron los devotos de Bisbal entre palmas por buler\u00edas para amenizar la espera. Hasta que los acordes de &#8216;<strong>Navidad junto a ti<\/strong>&#8216; calmaron la ansiedad y dieron paso a m\u00e1s de <strong>hora y media de derroche musical sobre un escenario alfombrado de rojo y con unos cortinajes plateados<\/strong> con aires de sala de fiesta chic.<\/p>\n<p class=\"voc-p\" style=\"\">Bisbal era todo un <strong>crooner con pajarita<\/strong> al que arropaba una mini orquesta de cuerda cuando cant\u00f3 &#8216;Todo es posible en Navidad&#8217;. Pero a partir de ah\u00ed dej\u00f3 los villancicos a un lado y sac\u00f3 del <strong>ba\u00fal los grandes \u00e9xitos que lo han convertido en una leyenda<\/strong>. Sonaron entonces &#8216;No amanece&#8217;, &#8216;<strong>Esclavo de tus besos&#8217;, &#8216;D\u00edgale&#8217;, &#8216;Silencio&#8217; o &#8216;\u00bfQui\u00e9n me iba a decir<\/strong>&#8216;, esta \u00faltima enfundado en una bandera de Andaluc\u00eda. Eran las canciones que hab\u00edan hecho grande su repertorio pero con aires de salsa o jazz que ayudaban a redescubrilas. \u00abEspero que este concierto se quede en el recuerdo\u00bb, dijo Bisbal. Y su deseo se cumpli\u00f3. <\/p>\n<p class=\"voc-p\" style=\"\">En medio de la nostalgia, el almeriense record\u00f3 que era un concierto de Navidad y volvi\u00f3 a su sino. Fue el turno de &#8216;Jingle Bell Rock&#8217;, &#8216;Blanca Navidad&#8217;, &#8216;Siempre te recordar\u00e9&#8217; (versi\u00f3n del cl\u00e1sico &#8216;Always on mi mind&#8217; de Elvis Presley) o &#8216;Te deseo muy felices fiestas&#8217;. Un gui\u00f1o fugaz antes de pasar al <strong>momento m\u00e1s intimo<\/strong> de la noche de la mano de &#8216;<strong>Mi princesa&#8217;, &#8216;Me siento vivo&#8217; o &#8216;A partir de hoy<\/strong>&#8216;. El concierto viajaba <strong>de la Navidad a un cotill\u00f3n de Nochevieja<\/strong> y fue empezando \u00abel calorcito\u00bb que le llev\u00f3 a quitarse primero la pajarita y luego hasta la chaqueta. <strong>Sali\u00f3 el David que encandil\u00f3 a toda una generaci\u00f3n, moviendo las caderas y dando giros interminables al son de &#8216;Coraz\u00f3n latino&#8217;, &#8216;Llorar\u00e9 las penas&#8217; y &#8216;Buler\u00eda&#8217;<\/strong>, que levantaron al p\u00fablico de sus asientos y convirtieron el auditorio en una fiesta con la que viajar al verano de 2001.<\/p>\n<p class=\"voc-p\" style=\"\">El almeriense se march\u00f3 a vestuarios, pero su gente segu\u00eda teniendo ganas de marcha. Y as\u00ed fue. <strong>Volvi\u00f3 para interpretar &#8216;Los peces en el r\u00edo&#8217;<\/strong> en su faceta m\u00e1s flamenca y el &#8216;<strong>Burrito sabanero<\/strong>&#8216; que ha recuperado como un hit de nuestra \u00e9poca. El \u00abtukituki\u00bb rompe caderas de jovencitas y abuelas. Pero la traca final lleg\u00f3 con &#8216;Ave Mar\u00eda&#8217; para cerrar <strong>una noche llena de sorpresas que no dej\u00f3 a nadie indiferente<\/strong>. Porque 25 a\u00f1os despu\u00e9s, con David Bisbal todo sigue siendo posible. Hasta <strong>una Navidad que son\u00f3 a canci\u00f3n del verano.<\/strong><\/p>\n","protected":false},"excerpt":{"rendered":"A punto de cumplir sus veinticinco a\u00f1os de carrera, el almeriense David Bisbal ha hecho casi de todo&hellip;\n","protected":false},"author":2,"featured_media":251152,"comment_status":"","ping_status":"","sticky":false,"template":"","format":"standard","meta":{"footnotes":""},"categories":[91],"tags":[6952,2429,146,147,25,24,2951,2397,23],"class_list":{"0":"post-251151","1":"post","2":"type-post","3":"status-publish","4":"format-standard","5":"has-post-thumbnail","7":"category-entretenimiento","8":"tag-bisbal","9":"tag-david","10":"tag-entertainment","11":"tag-entretenimiento","12":"tag-es","13":"tag-espana","14":"tag-navidad","15":"tag-posible","16":"tag-spain"},"share_on_mastodon":{"url":"https:\/\/pubeurope.com\/@es\/115598308511941315","error":""},"_links":{"self":[{"href":"https:\/\/www.europesays.com\/es\/wp-json\/wp\/v2\/posts\/251151","targetHints":{"allow":["GET"]}}],"collection":[{"href":"https:\/\/www.europesays.com\/es\/wp-json\/wp\/v2\/posts"}],"about":[{"href":"https:\/\/www.europesays.com\/es\/wp-json\/wp\/v2\/types\/post"}],"author":[{"embeddable":true,"href":"https:\/\/www.europesays.com\/es\/wp-json\/wp\/v2\/users\/2"}],"replies":[{"embeddable":true,"href":"https:\/\/www.europesays.com\/es\/wp-json\/wp\/v2\/comments?post=251151"}],"version-history":[{"count":0,"href":"https:\/\/www.europesays.com\/es\/wp-json\/wp\/v2\/posts\/251151\/revisions"}],"wp:featuredmedia":[{"embeddable":true,"href":"https:\/\/www.europesays.com\/es\/wp-json\/wp\/v2\/media\/251152"}],"wp:attachment":[{"href":"https:\/\/www.europesays.com\/es\/wp-json\/wp\/v2\/media?parent=251151"}],"wp:term":[{"taxonomy":"category","embeddable":true,"href":"https:\/\/www.europesays.com\/es\/wp-json\/wp\/v2\/categories?post=251151"},{"taxonomy":"post_tag","embeddable":true,"href":"https:\/\/www.europesays.com\/es\/wp-json\/wp\/v2\/tags?post=251151"}],"curies":[{"name":"wp","href":"https:\/\/api.w.org\/{rel}","templated":true}]}}