{"id":251153,"date":"2025-11-23T09:29:15","date_gmt":"2025-11-23T09:29:15","guid":{"rendered":"https:\/\/www.europesays.com\/es\/251153\/"},"modified":"2025-11-23T09:29:15","modified_gmt":"2025-11-23T09:29:15","slug":"el-black-friday-de-back-market-deja-iphones-por-menos-de-500-euros-que-compiten-de-tu-a-tu-con-moviles-nuevos","status":"publish","type":"post","link":"https:\/\/www.europesays.com\/es\/251153\/","title":{"rendered":"El Black Friday de Back Market deja iPhones por menos de 500 euros que compiten de t\u00fa a t\u00fa con m\u00f3viles nuevos"},"content":{"rendered":"<p>Cuando llega el <b>Black Friday<\/b>, todos miramos a Amazon, a MediaMarkt, al Apple Store\u2026 pero este a\u00f1o est\u00e1 pasando algo inesperado: <a title=\"Back Market ha metido en la mesa varios iPhone reacondicionados\" href=\"https:\/\/redirect.prd.themonetise.es\/short\/c7d864ba6fbe4d908ef4af0a4c8fa7e1?puqs=1\" rel=\"nofollow,sponsored noopener\" target=\"_blank\">Back Market ha metido en la mesa varios iPhone reacondicionados<\/a> que cuestan menos de 500 \u20ac, rinden como gamas altas actuales y, en precio-rendimiento, est\u00e1n humillando a m\u00e1s de un Android de 2025. Tres m\u00f3viles que, cada uno por razones distintas, siguen siendo aut\u00e9nticas m\u00e1quinas en 2025.<\/p>\n<p>iPhone 13 reacondicionado por 293\u20ac: el mejor equilibrio entre bater\u00eda, c\u00e1mara y estabilidad<img decoding=\"async\" loading=\"lazy\" src=\"https:\/\/www.europesays.com\/es\/wp-content\/uploads\/2025\/11\/iphone-13_58.jpg\" alt=\"iPhone 13 \" width=\"660\" height=\"375\"\/><b>iPhone 13 <\/b>AmazonAmazon<\/p>\n<p>Hay una raz\u00f3n por la que el <b>iPhone 13 sigue siendo el iPhone m\u00e1s recomendable para el 90% de usuarios<\/b>: funciona bien siempre, no mete problemas, la bater\u00eda aguanta m\u00e1s de lo que parece y el rendimiento del A15 sigue siendo suficientemente potente incluso para juegos actuales.<\/p>\n<p>Y ahora, con el precio que tiene en <b>Back Market<\/b>, se convierte directamente en un chollo. Por 293 \u20ac, tienes:<\/p>\n<ul>\n<li><b>Pantalla OLED Super Retina XDR con 800 nits y HDR.<\/b><\/li>\n<li>Un <b>chip A15 <\/b>con GPU de 4 n\u00facleos, que sigue moviendo juegos como Genshin, Call of Duty Mobile o PUBG sin despeinarse.<\/li>\n<li><b>C\u00e1maras muy serias<\/b>: principal de 12 MP f\/1.6 con OIS y un gran angular solvente.<\/li>\n<li><b>V\u00eddeo 4K Dolby Vision q<\/b>ue muchos Android de 2025 querr\u00edan.<\/li>\n<li><b>Muy buena autonom\u00eda <\/b>(3.227 mAh, optimizada hasta el extremo con iOS).<\/li>\n<li><b>5G, MagSafe, Face ID, IP68<\/b>\u2026 nada de \u201crecortes\u201d.<\/li>\n<\/ul>\n<p>Este iPhone 13 tiene algo que pocos modelos nuevos por debajo de 400\u20ac pueden ofrecer: consistencia. No es el m\u00e1s espectacular en nada, pero es fiable en todo. El t\u00edpico iPhone que \u201cni piensas en \u00e9l\u2026 porque nunca falla\u201d. Por menos de 300\u20ac, es de lo m\u00e1s sensato del Black Friday.<\/p>\n<p>iPhone 14 Pro reacondicionado por 453\u20ac: un gama alta puro que a\u00fan juega en otra liga<img decoding=\"async\" loading=\"lazy\" src=\"https:\/\/www.europesays.com\/es\/wp-content\/uploads\/2025\/11\/iphone-14-pro_58.jpg\" alt=\"Iphone 14 Pro.\" width=\"661\" height=\"372\"\/><b>Iphone 14 Pro.<\/b>Amazon.<\/p>\n<p>Aqu\u00ed empieza lo serio. El <b>14 Pro fue el salto generacional que coloc\u00f3 a Apple en otro nivel<\/b>: c\u00e1mara de 48 MP, ProMotion 120 Hz, A16 Bionic, Dynamic Island y un brillo de 2.000 nits. Y ahora est\u00e1 rondando los <b>453\u20ac reacondicionado<\/b>. Un precio que duele incluso compararlo con sus rivales Android actuales, porque:<\/p>\n<ul>\n<li>Su <b>pantalla ProMotion <\/b>es m\u00e1s fluida que la de cualquier modelo por debajo de 700\u20ac.<\/li>\n<li>La <b>c\u00e1mara principal de 48 MP <\/b>con sensor grande y su tele 3x siguen teniendo un procesamiento que muchos fabricantes no han alcanzado.<\/li>\n<li>El <b>modo ProRAW y ProRes<\/b> lo convierten en una herramienta real para fotograf\u00eda y v\u00eddeo.<\/li>\n<li><b>Dynamic Island <\/b>sigue siendo m\u00e1s \u00fatil de lo que parec\u00eda en su lanzamiento.<\/li>\n<li>Rendimiento muy por encima de m\u00f3viles nuevos de 2025 de 500\u2013600\u20ac.<\/li>\n<\/ul>\n<p>Si quieres un m\u00f3vil que todav\u00eda es \u201cPro\u201d en 2025, pero no te quieres meter en 1.200\u20ac, este es probablemente el m\u00e1s equilibrado del mercado.<\/p>\n<p>iPhone 16e reacondicionado por 455\u20ac: el m\u00e1s nuevo, con A18 y Apple Intelligence<img decoding=\"async\" loading=\"lazy\" src=\"https:\/\/www.europesays.com\/es\/wp-content\/uploads\/2025\/11\/iphone-16e_58.jpg\" alt=\"iPhone 16e\" width=\"660\" height=\"375\"\/><b>iPhone 16e<\/b>AmazonAmazon<\/p>\n<p>Y aqu\u00ed llega la sorpresa del Black Friday: el <b>iPhone 16e<\/b> ya est\u00e1 bajando fuerte de precio en <b>Back Market.<\/b> El modelo de 128 GB se queda en 455\u20ac, y lo interesante no es solo el precio: es que lleva lo mismo que un iPhone 16 en lo esencial, pero cuesta la mitad.<\/p>\n<p>Incluye:<\/p>\n<ul>\n<li><b>Pantalla OLED Super Retina XDR de 6,1&#8243;<\/b>, HDR, 1.200 nits.<\/li>\n<li>El <b>chip A18<\/b>, compatible con funciones clave de Apple Intelligence.<\/li>\n<li><b>C\u00e1mara principal de 48 MP <\/b>con muy buen rendimiento nocturno.<\/li>\n<li><b>Dynamic Island.<\/b><\/li>\n<li>Conexi\u00f3n <b>USB-C.<\/b><\/li>\n<li><b>5G, IP68, Face ID<\/b>\u2026 todo lo esperado en un iPhone moderno.<\/li>\n<\/ul>\n<p>La clave es que el 16e no es un modelo \u201cbarato\u201d, es simplemente la l\u00ednea de entrada de esta generaci\u00f3n. Y por menos de 500 \u20ac, ning\u00fan m\u00f3vil nuevo puede ofrecer un A18 con soporte asegurado durante 6\u20137 a\u00f1os. Es la compra m\u00e1s \u201ca futuro\u201d de las tres.<\/p>\n<p>Este <b>Black Friday 2025 <\/b>est\u00e1 dejando claro que, por debajo de los 500\u20ac, los iPhone reacondicionados son el movimiento inteligente. El iPhone 13 por su equilibrio, el 14 Pro por su potencia profesional y el 16e por su futuro garantizado.<\/p>\n<p>Si quieres un iPhone que te dure a\u00f1os, que haga buenas fotos y que no te deje tiritando la cuenta, este a\u00f1o la respuesta est\u00e1 donde menos gente miraba hace un par de a\u00f1os: <b>Back Market.<\/b><\/p>\n<p>Los art\u00edculos publicados en la secci\u00f3n \u201cDe compras\u201d est\u00e1n pensados para ayudarte a descubrir productos que pueden interesarte. Algunos de los enlaces incluidos son de afiliados lo que significa que si realizas una compra a trav\u00e9s de ellos La Raz\u00f3n podr\u00eda recibir una peque\u00f1a comisi\u00f3n sin que esto influya en nuestras recomendaciones ni en el precio que pagas.<\/p>\n","protected":false},"excerpt":{"rendered":"Cuando llega el Black Friday, todos miramos a Amazon, a MediaMarkt, al Apple Store\u2026 pero este a\u00f1o est\u00e1&hellip;\n","protected":false},"author":2,"featured_media":251154,"comment_status":"","ping_status":"","sticky":false,"template":"","format":"standard","meta":{"footnotes":""},"categories":[81],"tags":[119,123,124,25,24,117,121,122,23,118,120],"class_list":{"0":"post-251153","1":"post","2":"type-post","3":"status-publish","4":"format-standard","5":"has-post-thumbnail","7":"category-ciencia-y-tecnologia","8":"tag-ciencia","9":"tag-ciencia-y-tecnologia","10":"tag-cienciaytecnologia","11":"tag-es","12":"tag-espana","13":"tag-science","14":"tag-science-and-technology","15":"tag-scienceandtechnology","16":"tag-spain","17":"tag-technology","18":"tag-tecnologia"},"share_on_mastodon":{"url":"https:\/\/pubeurope.com\/@es\/115598313170156400","error":""},"_links":{"self":[{"href":"https:\/\/www.europesays.com\/es\/wp-json\/wp\/v2\/posts\/251153","targetHints":{"allow":["GET"]}}],"collection":[{"href":"https:\/\/www.europesays.com\/es\/wp-json\/wp\/v2\/posts"}],"about":[{"href":"https:\/\/www.europesays.com\/es\/wp-json\/wp\/v2\/types\/post"}],"author":[{"embeddable":true,"href":"https:\/\/www.europesays.com\/es\/wp-json\/wp\/v2\/users\/2"}],"replies":[{"embeddable":true,"href":"https:\/\/www.europesays.com\/es\/wp-json\/wp\/v2\/comments?post=251153"}],"version-history":[{"count":0,"href":"https:\/\/www.europesays.com\/es\/wp-json\/wp\/v2\/posts\/251153\/revisions"}],"wp:featuredmedia":[{"embeddable":true,"href":"https:\/\/www.europesays.com\/es\/wp-json\/wp\/v2\/media\/251154"}],"wp:attachment":[{"href":"https:\/\/www.europesays.com\/es\/wp-json\/wp\/v2\/media?parent=251153"}],"wp:term":[{"taxonomy":"category","embeddable":true,"href":"https:\/\/www.europesays.com\/es\/wp-json\/wp\/v2\/categories?post=251153"},{"taxonomy":"post_tag","embeddable":true,"href":"https:\/\/www.europesays.com\/es\/wp-json\/wp\/v2\/tags?post=251153"}],"curies":[{"name":"wp","href":"https:\/\/api.w.org\/{rel}","templated":true}]}}