{"id":251157,"date":"2025-11-23T09:32:11","date_gmt":"2025-11-23T09:32:11","guid":{"rendered":"https:\/\/www.europesays.com\/es\/251157\/"},"modified":"2025-11-23T09:32:11","modified_gmt":"2025-11-23T09:32:11","slug":"primer-golpe-el-nuevo-modelo-abc","status":"publish","type":"post","link":"https:\/\/www.europesays.com\/es\/251157\/","title":{"rendered":"Primer golpe. El nuevo modelo &#8211; ABC"},"content":{"rendered":"<ol>\n<li><a href=\"https:\/\/news.google.com\/rss\/articles\/CBMivwFBVV95cUxOeFpWNEcwekxKSmR0dU9tMi1DQzlSNm03bjVtTTl5ZGotTHdla2VEOXJ4c2FlenBjQm52cjkxMlJjNWhfSW90eC14bEMybkpFLWpLV0dIVllDUmhwVnoxVV9RSkNvYVpQUUtIYl92aGNJSjBYV2dQQU1rTy04RmQxTktPcEJ1Umc0VEx3UzBWN1F5amYtVGtCY0JoSDBicnkyWTNJMktOQkZudnFwZHlPNC00ZzN1UWFmOHJHOFhVa9IBxAFBVV95cUxNMmRhUkEzcEU4b1pieTRkdFZRYjQ5dUU1QW84bXlTQmFuaUpZd0RXbHg3MUdsb2szVnh3WjFTVFlhSGlGSTdnN3hnam8wdExuOEh0MHJ1WHNiZUxYUHo5RlJZOFAtSkVUczVCUnQyOUhOUG1sTVE0bkRldlI3a21ocDZmelE4dHN4cHp4dzFiSFExZFVZUzNzTWRsUzhab3hjcjh6ZGZ4cmhaS1VzYW9CQW9yZUlEd2Z3QjZqVzYzVWtVRmU2?oc=5\" target=\"_blank\" rel=\"nofollow noopener\">Primer golpe. El nuevo modelo<\/a>&nbsp;&nbsp;ABC<\/li>\n<li><a href=\"https:\/\/news.google.com\/rss\/articles\/CBMiswFBVV95cUxPbFlPV3hRSGFEcnR5dlFoWVZKWjhvaXdSdWhQMndya1FzNWdSMUhlNnVsMWl1N1hBMS1QRng4X1hlU2FuZXJGWDNRT1B1YkVoY3pEWkJHaXpGUzVNYWlCUnhwenRVRDZ4M3MyYThiMWdMdFVVamVtMGdKTnNPM0dTQmdlSEpudlg2MEo2anNjSDlnN1NQQk9FYlY1Nm14enNnaFlwUXFIRkY0d0hycWJrVVFxTdIBuAFBVV95cUxNTExBYWxLOEpCYjBjSm42UEFSZi1xckFsekxDellFbHRWS0RrRGxHc1YyX2ZaRkdpR2Q0bUZMNHYxdXh0UU1sR01ja1JwWEE5c0RZdDNLZ2ZjNEJkZFJqX3g5dDlzR1V1NkItM1UwS3RubllHUWVReUpiUkdjSnF4MXdyWTVkTlJvQUpZb3IwdFNMd1dfNm8zSXZrYnBLNGVUeC1IVkl1MHlJWFRfRXFCaXpvdEFiZFdk?oc=5\" target=\"_blank\" rel=\"nofollow noopener\">Horarios, itinerarios y todos los detalles de la salida extraordinaria de Las Penas de San Vicente<\/a>&nbsp;&nbsp;Diario de Sevilla<\/li>\n<li><a href=\"https:\/\/news.google.com\/rss\/articles\/CBMipwFBVV95cUxNNWJPbVlZaE5YRFpfQjdMV3BESDdIeFo3VVViVXhjWGdfSnhIdmhkWTd2Y3R4NWFEWC0xd2t2R1ZNR19IWWMzYUVYQ1F2OEVRMExhZ3ZTaVV3ZHV4UkNHQmU4NXlvOXdQeW43U1B0QTFOMUFXMmhuVHUzQmJpMVpyZTh6MThjX19XY2d0eVZldTBWSkxWWWI3VWc2emZSbWpvXy1OZVBUcw?oc=5\" target=\"_blank\" rel=\"nofollow noopener\">V\u00eddeo | Jes\u00fas de las Penas protagoniza la \u00faltima salida extraordinaria del a\u00f1o en Sevilla<\/a>&nbsp;&nbsp;El Correo de Andaluc\u00eda<\/li>\n<li><a href=\"https:\/\/news.google.com\/rss\/articles\/CBMiqwFBVV95cUxNUGU4Vm91OXFfZzVfcUNWRnNodWxfTGhjNkFkYXl4cDdPTy1kcXVlbm56NkgzOW9rbzNQX1laR3p3X3FPc2FNeVZvMjdNZm5mdU9mVUpBWlhWOGQ4dFp2RjRiQkFZdEFzd1Fja1FoZkR2eVFJM3R5RnQzdEIzOEpEOEJvckZpb19BNnlHOE9hRmtuYVNvQjYwc0hZdk01NUJRYktxcTRDejlBdmM?oc=5\" target=\"_blank\" rel=\"nofollow noopener\">As\u00ed ha sido la salida extraordinaria de las Penas de San Vicente<\/a>&nbsp;&nbsp;101TV<\/li>\n<li><a href=\"https:\/\/news.google.com\/rss\/articles\/CBMizgFBVV95cUxQeXBJa015M21ldjlIWFZZaFR1TTF2OVVlLXVFdG0zMkduTGxBbUlNS2I4YmJDOFNQVlJDRWdsdTZEVm1qalF5TUZxbmozYnVaejM2Y3l3dEhtaEszd0xvWnRNWW9LX0szS2Z3ekVjZTJSdGppeXFpVnRVc1hLWmVFbGo5WEpLTDNsc0xMakctVXpmNEFrRkVNVGNpUjI2MnJFRVNUR0lIRHRXQW1zY1RVTlVUVXJ3VUVQcGlES0lsb0tiRFZxaWFaZnNmQ1NuUQ?oc=5\" target=\"_blank\" rel=\"nofollow noopener\">Los besamanos, traslados, procesiones y la extraordinaria del cuarto fin de semana de noviembre<\/a>&nbsp;&nbsp;inriinformacion.com<\/li>\n<\/ol>\n","protected":false},"excerpt":{"rendered":"Primer golpe. El nuevo modelo&nbsp;&nbsp;ABC Horarios, itinerarios y todos los detalles de la salida extraordinaria de Las Penas&hellip;\n","protected":false},"author":2,"featured_media":251158,"comment_status":"","ping_status":"","sticky":false,"template":"","format":"standard","meta":{"footnotes":""},"categories":[8],"tags":[17,18,25,24,13,14,13654,11,19,20,3431,9,10,15,16,524,977,23,12,21,22],"class_list":{"0":"post-251157","1":"post","2":"type-post","3":"status-publish","4":"format-standard","5":"has-post-thumbnail","7":"category-espana","8":"tag-breaking-news","9":"tag-breakingnews","10":"tag-es","11":"tag-espana","12":"tag-featured-news","13":"tag-featurednews","14":"tag-golpe","15":"tag-headlines","16":"tag-latest-news","17":"tag-latestnews","18":"tag-modelo","19":"tag-news","20":"tag-noticias","21":"tag-noticias-destacadas","22":"tag-noticiasdestacadas","23":"tag-nuevo","24":"tag-primer","25":"tag-spain","26":"tag-titulares","27":"tag-ultimas-noticias","28":"tag-ultimasnoticias"},"share_on_mastodon":{"url":"https:\/\/pubeurope.com\/@es\/115598324289916206","error":""},"_links":{"self":[{"href":"https:\/\/www.europesays.com\/es\/wp-json\/wp\/v2\/posts\/251157","targetHints":{"allow":["GET"]}}],"collection":[{"href":"https:\/\/www.europesays.com\/es\/wp-json\/wp\/v2\/posts"}],"about":[{"href":"https:\/\/www.europesays.com\/es\/wp-json\/wp\/v2\/types\/post"}],"author":[{"embeddable":true,"href":"https:\/\/www.europesays.com\/es\/wp-json\/wp\/v2\/users\/2"}],"replies":[{"embeddable":true,"href":"https:\/\/www.europesays.com\/es\/wp-json\/wp\/v2\/comments?post=251157"}],"version-history":[{"count":0,"href":"https:\/\/www.europesays.com\/es\/wp-json\/wp\/v2\/posts\/251157\/revisions"}],"wp:featuredmedia":[{"embeddable":true,"href":"https:\/\/www.europesays.com\/es\/wp-json\/wp\/v2\/media\/251158"}],"wp:attachment":[{"href":"https:\/\/www.europesays.com\/es\/wp-json\/wp\/v2\/media?parent=251157"}],"wp:term":[{"taxonomy":"category","embeddable":true,"href":"https:\/\/www.europesays.com\/es\/wp-json\/wp\/v2\/categories?post=251157"},{"taxonomy":"post_tag","embeddable":true,"href":"https:\/\/www.europesays.com\/es\/wp-json\/wp\/v2\/tags?post=251157"}],"curies":[{"name":"wp","href":"https:\/\/api.w.org\/{rel}","templated":true}]}}