{"id":251161,"date":"2025-11-23T09:38:16","date_gmt":"2025-11-23T09:38:16","guid":{"rendered":"https:\/\/www.europesays.com\/es\/251161\/"},"modified":"2025-11-23T09:38:16","modified_gmt":"2025-11-23T09:38:16","slug":"copa-davis-2025-la-revolucion-a-medias-de-la-copa-davis-mejoria-pero-escasean-las-figuras-tenis-deportes","status":"publish","type":"post","link":"https:\/\/www.europesays.com\/es\/251161\/","title":{"rendered":"Copa Davis 2025: La revoluci\u00f3n a medias de la Copa Davis: mejor\u00eda, pero escasean las figuras | Tenis | Deportes"},"content":{"rendered":"<p class=\"\">Cuenta el director de la fase final de la Copa Davis, Feliciano L\u00f3pez, que le gusta lo que ha visto hasta ahora en Bolonia. \u201cLas sensaciones son muy buenas. No esper\u00e1bamos otra cosa, pero los equipos est\u00e1n contentos y todo est\u00e1 saliendo muy bien. Estamos contentos con lo que tenemos ahora\u201d, dice el toledano, el m\u00e1ximo responsable de que durante estos d\u00edas el engranaje funcione y la Davis ponga el lazo a la sexta edici\u00f3n celebrada desde que se produjera el giro revolucionario. Recu\u00e9rdese, 2019, un antes y un despu\u00e9s. Atr\u00e1s quedaban 125 a\u00f1os de historia: lleg\u00f3 \u00e9l, <a href=\"https:\/\/elpais.com\/deportes\/2018\/02\/26\/actualidad\/1519657345_515531.html\" target=\"_self\" rel=\"nofollow noopener\" title=\"https:\/\/elpais.com\/deportes\/2018\/02\/26\/actualidad\/1519657345_515531.html\">un futbolista, Gerard Piqu\u00e9, y todo cambi\u00f3<\/a>. O no. Nuevo formato, efectivamente; retoques en el calendario, pero respetando m\u00e1s o menos el origen; un desenlace en forma de traca final. Nuevos atractivos. Sin embargo, algo falla.<\/p>\n<p class=\"\">Dec\u00eda Piqu\u00e9 en su d\u00eda \u2014con Manuel Carmena a su costado, en el Ifema de Madrid\u2014 que la competici\u00f3n y las federaciones <a href=\"https:\/\/elpais.com\/deportes\/2018\/10\/17\/actualidad\/1539775120_080206.html\" target=\"_self\" rel=\"nofollow noopener\" title=\"https:\/\/elpais.com\/deportes\/2018\/10\/17\/actualidad\/1539775120_080206.html\">estaban por encima de los nombres<\/a>, que esto iba de equipos y no tanto de jugadores y que, en ese momento, habi\u00e9ndose desmarcado Roger Federer del nuevo concepto, al suizo las piernas \u201cle daban para lo que le daban\u201d. Entr\u00f3 fuerte, a su manera. El caso es que \u00e9l hoy ya no est\u00e1, al considerar que la inversi\u00f3n (2.500 millones de euros) \u201cno era rentable\u201d y que no le cuadraban las cuentas. Su empresa, Kosmos, se desmarc\u00f3 del proyecto en 2023, aunque la Federaci\u00f3n Internacional de Tenis (ITF, la organizadora actual) respeta a grandes rasgos la idea implementada por el exjugador del FC Barcelona. Sin embargo, persiste uno de los grandes males que aquejaba el viejo formato: las ausencias. Numerosas y variadas.<\/p>\n<p>M\u00e1s informaci\u00f3n<\/p>\n<p class=\"\">\u201cEsta no es la verdadera Davis\u201d, criticaba recientemente Alexander Zverev. Parad\u00f3jicamente, <a href=\"https:\/\/elpais.com\/deportes\/tenis\/2025-11-21\/alemania-rival-de-espana-en-las-semifinales-de-la-copa-davis.html\" rel=\"nofollow noopener\" target=\"_blank\">el alem\u00e1n es el \u00fanico top-10<\/a> que ha asistido a la recta final de esta semana, a ra\u00edz de las renuncias, las eliminaciones o los contratiempos. Carlos Alcaraz quer\u00eda jugar, pero se cay\u00f3 a \u00faltima hora por una lesi\u00f3n muscular; el italiano Lorenzo Musetti se autodescart\u00f3, despu\u00e9s de que a Jannik Sinner se le afease en su pa\u00eds que optase por no competir esta vez, habiendo conquistado ya dos Ensaladeras; las naciones de figuras como Djokovic, Fritz, De Mi\u00f1aur, Ruud, Draper o Medvedev no se clasificaron, perjudicadas durante la fase clasificatoria por el calendario del circuito; y, para muestra tambi\u00e9n, solo tres top-20 han lucido estos d\u00edas.<\/p>\n<p class=\"\">Se le achacaba al antiguo modelo que en los \u00faltimos tiempos hab\u00eda perdido tir\u00f3n, que las deserciones estaban a la orden del d\u00eda y que m\u00e1s que un aliciente estaba convirti\u00e9ndose en un elemento m\u00e1s bien molesto para los tenistas; que, de alg\u00fan modo, hab\u00eda que meterlo en el calendario con calzador. Lluvia de ideas a la b\u00fasqueda del equilibrio ut\u00f3pico: ni exceso ni defecto, que el negocio fuera rentable y que de una forma u otra hab\u00eda que despertar el apetito de las estrellas. No ha sucedido. En realidad, m\u00e1s de lo mismo. <a href=\"https:\/\/elpais.com\/deportes\/tenis\/2024-11-24\/de-ellas-a-ellos-el-tenis-coral-esta-en-manos-de-italia.html\" target=\"_self\" rel=\"nofollow noopener\" title=\"https:\/\/elpais.com\/deportes\/tenis\/2024-11-24\/de-ellas-a-ellos-el-tenis-coral-esta-en-manos-de-italia.html\">Sinner (bicampe\u00f3n, de hecho)<\/a> ya tiene lo que deseaba y muchas otras mantienen la misma posici\u00f3n; esto es, lo primero es lo primero; es decir, mirar por uno mismo.<\/p>\n<p><img decoding=\"auto\" class=\"_re lazyload a_m-h\" height=\"276\"  width=\"414\"  src=\"https:\/\/www.europesays.com\/es\/wp-content\/uploads\/2025\/11\/Q4XIKUUXTOZFPBWN7JUKQGGZMU.JPG\" loading=\"lazy\"\/>Piqu\u00e9 posa con Isabe D\u00edaz Ayuso y Jos\u00e9 Luis Mart\u00ednez-Almeida durante un acto de 2021 en Madrid.Daniel Gonzalez (GTRES)<\/p>\n<p class=\"\">Vista la din\u00e1mica y el devenir de los acontecimientos, no son pocas las mejoras, pero aun as\u00ed insuficientes y el debate perdura. Flota en el ambiente la pregunta: \u00bfY por qu\u00e9 no organizarla cada dos a\u00f1os en lugar de anualmente, con el objetivo de perfilar un producto m\u00e1s atractivo y que los mejores piquen colectivamente el anzuelo? El capit\u00e1n espa\u00f1ol, David Ferrer, echa en falta el compromiso de otras \u00e9pocas y no lo duda: el calendario es excesivo, los Masters 1000 se alargan \u2014m\u00e1s d\u00edas y sesiones, luego m\u00e1s ticketing y m\u00e1s dinero movi\u00e9ndose\u2014 y <a href=\"https:\/\/elpais.com\/deportes\/tenis\/2025-10-04\/el-calendario-del-tenis-un-problema-sin-fin-y-divisorio-esta-vez-alcaraz-y-sinner-discrepan.html\" target=\"_self\" rel=\"nofollow noopener\" title=\"https:\/\/elpais.com\/deportes\/tenis\/2025-10-04\/el-calendario-del-tenis-un-problema-sin-fin-y-divisorio-esta-vez-alcaraz-y-sinner-discrepan.html\">la saturaci\u00f3n es todav\u00eda mayor<\/a>. La Davis, a la cola, como quien dice. As\u00ed que el preparador no lo duda: \u201cNo estar\u00eda mal plantear algo as\u00ed\u201d.<\/p>\n<p>\u00bfCada dos a\u00f1os?<\/p>\n<p class=\"\">La opci\u00f3n bianual gusta y comparten la opini\u00f3n los dos nuevos referentes, Sinner y Alcaraz. Para el italiano, \u201cla har\u00eda a\u00fan m\u00e1s grande\u201d y el espa\u00f1ol considera que la voluntad de los jugadores por jugarla \u201cser\u00eda a\u00fan mayor\u201d. Lo secunda el presidente de la ATP, el italiano Andrea Gaudenzi: \u201cCreo que la Davis podr\u00eda celebrarse con formato de local y visitante cada dos a\u00f1os. Supondr\u00eda un alivio. Que yo sepa, no hay ninguna Copa del Mundo que se dispute cada a\u00f1o\u201d. Y de fondo, la sensaci\u00f3n de que todo se ha removido para llegar a un punto m\u00e1s o menos similar, en el sentido de que las reticencias siguen ah\u00ed. Cuesta ara\u00f1ar los s\u00edes y por una raz\u00f3n u otra, el puzle no se resuelve.<\/p>\n<p class=\"\">En realidad, Piqu\u00e9 no ment\u00eda a nadie. \u201cEs una competici\u00f3n por equipos, as\u00ed que es imposible que podamos hacer el cuadro perfecto para que vengan todos los jugadores top. Pero nosotros no pensamos individualmente\u201d, esgrim\u00eda. Vino \u00e9l, puso los millones y el atrevimiento necesario para transformar una competici\u00f3n de indudable atractivo hist\u00f3rico; a la vez caduca, estanca. <a href=\"https:\/\/elpais.com\/deportes\/tenis\/2023-09-18\/la-copa-davis-o-un-callejon-sin-salida.html\" target=\"_self\" rel=\"nofollow noopener\" title=\"https:\/\/elpais.com\/deportes\/tenis\/2023-09-18\/la-copa-davis-o-un-callejon-sin-salida.html\">A base de ensayo-error<\/a> fueron puli\u00e9ndose defectos hasta derivar en el sistema actual, que pretende mantener la esencia y a la vez convivir lo m\u00e1s arm\u00f3nicamente posible con la rutina que de verdad ocupa a los tenistas. En su mayor\u00eda, estos aprueban: se ha dinamizado la Davis. Pero el problema es estructural.<\/p>\n<p><img decoding=\"auto\" class=\"_re lazyload a_m-h\" height=\"276\"  width=\"414\"  src=\"https:\/\/www.europesays.com\/es\/wp-content\/uploads\/2025\/11\/6HSDFJ73M5OWZBYU3JUHYFSRGU.jpg\" loading=\"lazy\"\/>Panor\u00e1mica de la pista instalada en la Fiera di Bologna.Alessandro Garofalo (REUTERS)<\/p>\n<p class=\"\">Sintom\u00e1tica la situaci\u00f3n de Alcaraz, quien cerrar\u00e1 2025 sin haber jugado ning\u00fan partido. Una dolencia en el isquiotibial le ha impedido desfilar por la pista italiana, pero antes tampoco pudo hacerlo \u2014o m\u00e1s bien, as\u00ed lo decidi\u00f3\u2014 en los compromisos de febrero (Biel, Suiza) ni septiembre (Marbella, Dinamarca). En el caso de Sinner, otro tanto de lo mismo. Desde que se coronase hace un a\u00f1o por segunda vez, no ha vuelto a hacer acto de presencia y prioriza los descansos. Zverev, por su parte, no lo hac\u00eda desde principios de 2023. \u201cEs triste que la serie se haya resuelto a la una de la madrugada y con solo 1.000 personas en la grada\u201d, conced\u00eda tras el triunfo de Alemania en los cuartos.<\/p>\n<p class=\"\">\u201cSe ha probado diferentes formatos estos a\u00f1os [grupos y sede \u00fanica, multisedes, el h\u00edbrido actual de series clasificatorias y la reuni\u00f3n final entre las ocho m\u00e1s fuertes\u2026] y se ha llegado hasta aqu\u00ed despu\u00e9s de hablar con todo el mundo. Creo que estamos en un buen momento\u201d, defiende Feliciano; \u201chablar de compromiso es tirar una moneda al aire. El tenis cambia constantemente y las preferencias de los jugadores, tambi\u00e9n; hay un grupo a los que les conviene una cosa, y a otros, otra. Creo que merece la pena apostar por este formato durante estos tres a\u00f1os [en Bolonia], pero estamos abiertos a seguir colaborando con todos para encontrar, si es que lo hubiera, algo mejor\u201d.<\/p>\n<p>ESPA\u00d1A Y ALEMANIA, POR LA FINAL<\/p>\n<p>A. C. | Bolonia<\/p>\n<p>Espa\u00f1a se enfrentar\u00e1 hoy con Alemania (12.00, Movistar+) en busca del pase a la final de de este domingo. El equipo dirigido por David Ferrer remont\u00f3 en los cuartos a Chequia (2-1) y conf\u00eda en que el buen hacer del bloque predomine otra vez.<\/p>\n<p> En esta ocasi\u00f3n estar\u00e1 enfrente Alexander Zverev, que reapareci\u00f3 en la competici\u00f3n tras dos a\u00f1os de ausencia. El n\u00famero tres del mundo colabor\u00f3 en la victoria de los suyos el jueves, ante Argentina (2-1). Se medir\u00e1 con \u00e9l Jaume Munar, autor tambi\u00e9n de un punto en la primera cita.<\/p>\n<p>El resumen hist\u00f3rico transmite que los alemanes mandan en los cruces con Espa\u00f1a: 7-10. El \u00faltimo se dio hace ya siete a\u00f1os, en 2018. Sobre superficia dura, la adversaria domina por 2-3.<\/p>\n<p>Por otra parte, Italia accedi\u00f3 este viernes a su tercera final consecutiva tras vencer a B\u00e9lgica por 2-0, gracias a los triunfos de Matteo Berrettini (6-3 y 6-4 a Raphael Collignon) y Flavio Cobolli (6-3, 6-7(5) y 7-6(15) a Zizou Bergs).<\/p>\n","protected":false},"excerpt":{"rendered":"Cuenta el director de la fase final de la Copa Davis, Feliciano L\u00f3pez, que le gusta lo que&hellip;\n","protected":false},"author":2,"featured_media":251162,"comment_status":"","ping_status":"","sticky":false,"template":"","format":"standard","meta":{"footnotes":""},"categories":[274],"tags":[6896,20106,1540,13877,9482,168,25,24,628,34990,23,167,327,11759,326],"class_list":{"0":"post-251161","1":"post","2":"type-post","3":"status-publish","4":"format-standard","5":"has-post-thumbnail","7":"category-tenis","8":"tag-alexander-zverev","9":"tag-bolonia","10":"tag-competiciones","11":"tag-copa-davis","12":"tag-david-ferrer","13":"tag-deportes","14":"tag-es","15":"tag-espana","16":"tag-italia","17":"tag-marcel-granollers","18":"tag-spain","19":"tag-sports","20":"tag-tenis","21":"tag-tenistas","22":"tag-tennis"},"share_on_mastodon":{"url":"https:\/\/pubeurope.com\/@es\/115598348307556945","error":""},"_links":{"self":[{"href":"https:\/\/www.europesays.com\/es\/wp-json\/wp\/v2\/posts\/251161","targetHints":{"allow":["GET"]}}],"collection":[{"href":"https:\/\/www.europesays.com\/es\/wp-json\/wp\/v2\/posts"}],"about":[{"href":"https:\/\/www.europesays.com\/es\/wp-json\/wp\/v2\/types\/post"}],"author":[{"embeddable":true,"href":"https:\/\/www.europesays.com\/es\/wp-json\/wp\/v2\/users\/2"}],"replies":[{"embeddable":true,"href":"https:\/\/www.europesays.com\/es\/wp-json\/wp\/v2\/comments?post=251161"}],"version-history":[{"count":0,"href":"https:\/\/www.europesays.com\/es\/wp-json\/wp\/v2\/posts\/251161\/revisions"}],"wp:featuredmedia":[{"embeddable":true,"href":"https:\/\/www.europesays.com\/es\/wp-json\/wp\/v2\/media\/251162"}],"wp:attachment":[{"href":"https:\/\/www.europesays.com\/es\/wp-json\/wp\/v2\/media?parent=251161"}],"wp:term":[{"taxonomy":"category","embeddable":true,"href":"https:\/\/www.europesays.com\/es\/wp-json\/wp\/v2\/categories?post=251161"},{"taxonomy":"post_tag","embeddable":true,"href":"https:\/\/www.europesays.com\/es\/wp-json\/wp\/v2\/tags?post=251161"}],"curies":[{"name":"wp","href":"https:\/\/api.w.org\/{rel}","templated":true}]}}