{"id":251165,"date":"2025-11-23T09:41:14","date_gmt":"2025-11-23T09:41:14","guid":{"rendered":"https:\/\/www.europesays.com\/es\/251165\/"},"modified":"2025-11-23T09:41:14","modified_gmt":"2025-11-23T09:41:14","slug":"este-es-el-1x1-y-las-notas-del-unicaja-ante-baxi-manresa","status":"publish","type":"post","link":"https:\/\/www.europesays.com\/es\/251165\/","title":{"rendered":"Este es el 1&#215;1 y las notas del Unicaja ante BAXI Manresa"},"content":{"rendered":"<p>\t\tCompartir esta publicaci\u00f3n\t\t\t\t\t<\/p>\n<p>El\u00a0<a href=\"https:\/\/www.merchanendirecto.es\/unicaja\/cronica-unicaja-baxi-manresa-2\/\" target=\"_blank\" rel=\"noopener nofollow\"><strong>Unicaja de M\u00e1laga<\/strong><\/a> sac\u00f3 sus mejores galas en el \u00faltimo cuarto con\u00a0<a href=\"https:\/\/www.merchanendirecto.es\/baloncesto\/estas-son-las-estadisticas-del-unicaja-105-82-baxi-manresa\/\" target=\"_blank\" rel=\"noopener nofollow\"><strong>30 puntos<\/strong><\/a> que acabaron de romper el encuentro y que este se decidiera por\u00a0<strong>23 puntos de diferencia<\/strong>. El equipo de\u00a0<strong>Ibon Navarro<\/strong> se mostr\u00f3 muy serio y acertado a la hora de lograr anotar cerca del aro.\u00a0<strong>Duarte<\/strong> fue el m\u00e1ximo anotador <a href=\"https:\/\/www.merchanendirecto.es\/baloncesto\/unicaja-baxi-manresa-38\/\" target=\"_blank\" rel=\"noopener nofollow\">del duelo<\/a> con\u00a0<strong>19 puntos<\/strong>.\u00a0<strong>Perry<\/strong>, que apareci\u00f3 a su nivel habitual en la segunda parte, fue uno de los l\u00edderes de la victoria.\u00a0<strong>Balcerowski<\/strong>,\u00a0<strong>Webb III<\/strong> y\u00a0<strong>Tillie<\/strong>, el franc\u00e9s se empieza a gustar en los \u00faltimos cuartos, tambi\u00e9n consiguieron superar los\u00a0<strong>10 puntos de anotaci\u00f3n<\/strong>. Este es el 1\u00d71 y las notas del\u00a0<strong>Unicaja<\/strong> ante\u00a0<strong>BAXI Manresa<\/strong> en el duelo correspondiente a la\u00a0<strong>Jornada 8<\/strong> de la fase regular de la\u00a0<strong>Liga Endesa<\/strong>.<\/p>\n<p><strong>Tyson P\u00e9rez (5)<\/strong>: El ex de\u00a0<strong>Andorra\u00a0<\/strong>no tuvo su partido m\u00e1s brillante. Jug\u00f3 s\u00f3lo\u00a0<strong>12 minutos<\/strong>. Aport\u00f3\u00a0<strong>5 puntos<\/strong>. No estuvo fino en la toma de decisiones (<strong>3 p\u00e9rdidas<\/strong>) y s\u00ed fue batallador en la lucha por el rebote. Captur\u00f3\u00a0<strong>cinco balones<\/strong> y dos de ellos fueron en ataque. Le desquicio la antideportiva que recibi\u00f3 en el segundo cuarto.<\/p>\n<p><strong>Balcerowski (8,5)<\/strong>: El p\u00edvot es de los mejores jugadores de este equipo. Decisi\u00f3n absoluta. Hoy vio el aro con mucha facilidad (<strong>7\/10<\/strong> en\u00a0<strong>T2<\/strong>) y s\u00ed estuvo m\u00e1s desacertado desde la personal. Dej\u00f3 un par acciones de\u00a0<strong>2+1<\/strong> de mucha calidad. Ahora le toca descansar. Le vendr\u00e1 bien no tener <strong>Ventanas FIBA<\/strong> con\u00a0<strong>Polonia<\/strong>. Le har\u00e1 tener a\u00fan mejor versi\u00f3n.<\/p>\n<p><strong>Webb III (7,5)<\/strong>: El ex de UCAM Murcia est\u00e1 cada vez mejor. Es silencioso, pero aporta n\u00fameros. Lleg\u00f3 a los dobles d\u00edgitos de anotaci\u00f3n y captur\u00f3\u00a0<strong>5 rebotes<\/strong>.\u00a0<strong>12 de valoraci\u00f3n<\/strong> para el americano<\/p>\n<p><strong>Kalinoski (4)<\/strong>: No tuvo su d\u00eda. No pudo apenas jugar. S\u00f3lo\u00a0<strong>9 minutos<\/strong> sobre la pista. Muy condicionado por las personales. Acab\u00f3 desquiciado con el tr\u00edo arbitral.\u00a0<strong>Cinco faltas<\/strong> en\u00a0<strong>8:51<\/strong>. Detalle de lo que se compromete en defensa y de la facilidad que tuvieron los colegiados de interrumpir el juego.<\/p>\n<p><strong>Barreiro (6)<\/strong>: Correcto e intenso. Colabor\u00f3 con un triple en el vendaval cajista del \u00faltimo cuarto<\/p>\n<p><strong>Alberto D\u00edaz (6,5)<\/strong>: El capit\u00e1n aport\u00f3, sobre todo, en el segundo cuarto en ataque. Puso orden cuando estuvo en pista. Hoy decidi\u00f3 buscar que la soluci\u00f3n ofensiva llegara en otras manos. Se marchar\u00e1 con\u00a0<strong>Espa\u00f1a<\/strong> como el \u00fanico representante nacional del\u00a0<strong>Unicaja<\/strong>. Capit\u00e1n tambi\u00e9n para\u00a0<strong>Chus Mateo<\/strong>.<\/p>\n<p><strong>Casta\u00f1eda (S.C.)<\/strong>: No cuenta ni para Ibon Navarro ni para el club.<\/p>\n<p><strong>Djedovic (6,5)<\/strong>: Sum\u00f3 y atac\u00f3 el aro. Acab\u00f3 con\u00a0<strong>8 puntos<\/strong>.<\/p>\n<p><strong>Sulejmanovic (5)<\/strong>: No estaba haciendo buen partido, pero en el final del tercer cuarto e inicio del \u00faltimo, mejor\u00f3.\u00a0<strong>8 puntos<\/strong> para el bosnio. Est\u00e1 todav\u00eda lejos de la versi\u00f3n del\u00a0<strong>Casademont Zaragoza<\/strong>.<\/p>\n<p><strong>Chris Duarte (7,5)<\/strong>: El \u2018vaquero\u2018 fue el m\u00e1ximo anotador del equipo con\u00a0<strong>19 puntos<\/strong>. Mucho mejor cuando se acercaba al aro que cuando lanzaba desde la larga distancia.\u00a0<strong>6\/7\u00a0<\/strong>en\u00a0<strong>tiros de 2<\/strong> y\u00a0<strong>1\/8\u00a0<\/strong>en\u00a0<strong>triples<\/strong>. Quiere formar parte del juego y tambi\u00e9n da muchas asistencias. Tambi\u00e9n arriesga mucho bal\u00f3n y cometi\u00f3\u00a0<strong>tres p\u00e9rdidas<\/strong>.<\/p>\n<p><strong>Tillie (7)<\/strong>: El franc\u00e9s se encuentra c\u00f3modo cuando los partidos llegan al \u00faltimo cuarto. Ya le pas\u00f3 en Zaragoza y lo volvi\u00f3 a demostrar ante el\u00a0<strong>Manresa<\/strong>.\u00a0<strong>12 puntos<\/strong> con\u00a0<strong>tres triples<\/strong>.\u00a0<strong>16 de valoraci\u00f3n<\/strong>.<\/p>\n<p><strong>Perry (8)<\/strong>: De menos a m\u00e1s. Estaba algo desesperado con el arbitraje en el primer tiempo. No aportaba en ataque y comet\u00eda muchas p\u00e9rdidas. Encontr\u00f3 el camino hacia el aro en la segunda parte. Acab\u00f3 con\u00a0<strong>13 puntos<\/strong> y\u00a0<strong>5 asistencias<\/strong>. M\u00e1xima valoraci\u00f3n del equipo con\u00a0<strong>21<\/strong>.<\/p>\n<p><strong>Este es el 1\u00d71 y las notas del\u00a0Unicaja ante\u00a0BAXI Manresa<\/strong>.<\/p>\n<p class=\"auto-featured-caption\">Foto: Perry y Tillie celebran una canasta ante BAXI Manresa (acb photo \/ Mariano Pozo)<\/p>\n","protected":false},"excerpt":{"rendered":"Compartir esta publicaci\u00f3n El\u00a0Unicaja de M\u00e1laga sac\u00f3 sus mejores galas en el \u00faltimo cuarto con\u00a030 puntos que acabaron&hellip;\n","protected":false},"author":2,"featured_media":251166,"comment_status":"","ping_status":"","sticky":false,"template":"","format":"standard","meta":{"footnotes":""},"categories":[269],"tags":[299,298,168,25,24,23,167],"class_list":{"0":"post-251165","1":"post","2":"type-post","3":"status-publish","4":"format-standard","5":"has-post-thumbnail","7":"category-baloncesto","8":"tag-baloncesto","9":"tag-basketball","10":"tag-deportes","11":"tag-es","12":"tag-espana","13":"tag-spain","14":"tag-sports"},"share_on_mastodon":{"url":"https:\/\/pubeurope.com\/@es\/115598359642758222","error":""},"_links":{"self":[{"href":"https:\/\/www.europesays.com\/es\/wp-json\/wp\/v2\/posts\/251165","targetHints":{"allow":["GET"]}}],"collection":[{"href":"https:\/\/www.europesays.com\/es\/wp-json\/wp\/v2\/posts"}],"about":[{"href":"https:\/\/www.europesays.com\/es\/wp-json\/wp\/v2\/types\/post"}],"author":[{"embeddable":true,"href":"https:\/\/www.europesays.com\/es\/wp-json\/wp\/v2\/users\/2"}],"replies":[{"embeddable":true,"href":"https:\/\/www.europesays.com\/es\/wp-json\/wp\/v2\/comments?post=251165"}],"version-history":[{"count":0,"href":"https:\/\/www.europesays.com\/es\/wp-json\/wp\/v2\/posts\/251165\/revisions"}],"wp:featuredmedia":[{"embeddable":true,"href":"https:\/\/www.europesays.com\/es\/wp-json\/wp\/v2\/media\/251166"}],"wp:attachment":[{"href":"https:\/\/www.europesays.com\/es\/wp-json\/wp\/v2\/media?parent=251165"}],"wp:term":[{"taxonomy":"category","embeddable":true,"href":"https:\/\/www.europesays.com\/es\/wp-json\/wp\/v2\/categories?post=251165"},{"taxonomy":"post_tag","embeddable":true,"href":"https:\/\/www.europesays.com\/es\/wp-json\/wp\/v2\/tags?post=251165"}],"curies":[{"name":"wp","href":"https:\/\/api.w.org\/{rel}","templated":true}]}}