{"id":251167,"date":"2025-11-23T09:42:11","date_gmt":"2025-11-23T09:42:11","guid":{"rendered":"https:\/\/www.europesays.com\/es\/251167\/"},"modified":"2025-11-23T09:42:11","modified_gmt":"2025-11-23T09:42:11","slug":"granada-y-cordoba-se-anulan-y-suman-un-punto-agridulce","status":"publish","type":"post","link":"https:\/\/www.europesays.com\/es\/251167\/","title":{"rendered":"Granada y C\u00f3rdoba se anulan y suman un punto agridulce"},"content":{"rendered":"<p data-mrf-recirculation=\"Links P\u00e1rrafos\" class=\"ue-c-article__paragraph paragraph ue-c-article--first-letter-highlighted\">No defraud\u00f3 el derbi andaluz <strong>en cuanto a intensidad y ritmo, en un partido que fue de menos a m\u00e1s<\/strong>, con una primera mitad olvidable y un segundo acto convertido en un toma y daca en el que se adelant\u00f3 el C\u00f3rdoba,<strong> un golpe del que el Granada supo reponerse para lograr el empate<\/strong>, un reparto de puntos que parece insuficiente para ambos, sobre todo para los rojiblancos, que no logran <strong>escapar de la zona peligrosa de la tabla<\/strong>.<\/p>\n<p data-mrf-recirculation=\"Links P\u00e1rrafos\" class=\"ue-c-article__paragraph paragraph\">Para intentar combatir el fr\u00edo reinante en la ciudad de la Alhambra, el <strong>C\u00f3rdoba se present\u00f3 en Los C\u00e1rmenes a altas revoluciones,<\/strong> abriendo las hostilidades desde el pitido inicial, una intensidad que tuvo que igualar el Granada para equilibrar el encuentro.<\/p>\n<p><img decoding=\"async\" src=\"https:\/\/www.europesays.com\/es\/wp-content\/uploads\/2025\/11\/69223a04010da.jpeg\" class=\"ue-c-article__image\" alt=\"\"\/><\/p>\n<p>Lance del partido Granada-C\u00f3rdoba.LALIGA<\/p>\n<p data-mrf-recirculation=\"Links P\u00e1rrafos\" class=\"ue-c-article__paragraph paragraph\">\u00a0U<strong>na igualdad que casi salta por los aires a los 12 minutos con la expulsi\u00f3n de Isaac,<\/strong> aunque el colegiado, tras<strong> revisar el VAR, decidi\u00f3 anular su decisi\u00f3n, <\/strong>manteniendo a los 22 protagonistas sobre el terreno de juego. Poco despu\u00e9s, fueron los visitantes los que casi se adelantan en el marcador, pero en esta ocasi\u00f3n el lanzamiento de falta de <strong>Jacobo <\/strong>se estrell\u00f3 con la madera.<\/p>\n<p data-mrf-recirculation=\"Links P\u00e1rrafos\" class=\"ue-c-article__paragraph paragraph\">El partido se aletarg\u00f3, con ambos conjunto incapaces de tomar el control y el juego plagado de imprecisiones y falto de ritmo, <strong>un decorado que trat\u00f3 de cambiar Fay\u00e9 con una internada el\u00e9ctrica que no pudo definir con acierto, <\/strong>llegando al interludio con el marcador inamovible.\u00a0<\/p>\n<p>Intercambio de &#8216;golpes&#8217;<\/p>\n<p data-mrf-recirculation=\"Links P\u00e1rrafos\" class=\"ue-c-article__paragraph paragraph\">Tras el paso por los vestuarios <strong>el pulso se intensific\u00f3<\/strong> con un intercambio de golpes en el que el <strong>C\u00f3rdoba <\/strong>supo sacar provecho gracias a un cabezazo de Fuentes que sub\u00eda el 0-1 al marcador a los 53 minutos de juego.<\/p>\n<p data-mrf-recirculation=\"Links P\u00e1rrafos\" class=\"ue-c-article__paragraph paragraph\"><strong>El Granada reaccion\u00f3 con premura y se lanz\u00f3 a por el empate,<\/strong> inclinando el campo hac\u00eda la porter\u00eda visitante y empezando a coleccionar <strong>ocasiones de peligro hasta que Lama<\/strong>, cazando un bal\u00f3n suelto dentro del \u00e1rea tras un remate de Pascual, <strong>colocaba el 1-1 al electr\u00f3nico.<\/strong> Los de Pacheta lo siguieron intentando, pero el resultado no iba a cambiar, alcanzado el final con <strong>un reparto de puntos agridulce<\/strong> para ambos.<\/p>\n","protected":false},"excerpt":{"rendered":"No defraud\u00f3 el derbi andaluz en cuanto a intensidad y ritmo, en un partido que fue de menos&hellip;\n","protected":false},"author":2,"featured_media":251168,"comment_status":"","ping_status":"","sticky":false,"template":"","format":"standard","meta":{"footnotes":""},"categories":[268],"tags":[168,25,24,280,282,281,23,167],"class_list":{"0":"post-251167","1":"post","2":"type-post","3":"status-publish","4":"format-standard","5":"has-post-thumbnail","7":"category-futbol","8":"tag-deportes","9":"tag-es","10":"tag-espana","11":"tag-football","12":"tag-futbol","13":"tag-soccer","14":"tag-spain","15":"tag-sports"},"share_on_mastodon":{"url":"https:\/\/pubeurope.com\/@es\/115598363768741826","error":""},"_links":{"self":[{"href":"https:\/\/www.europesays.com\/es\/wp-json\/wp\/v2\/posts\/251167","targetHints":{"allow":["GET"]}}],"collection":[{"href":"https:\/\/www.europesays.com\/es\/wp-json\/wp\/v2\/posts"}],"about":[{"href":"https:\/\/www.europesays.com\/es\/wp-json\/wp\/v2\/types\/post"}],"author":[{"embeddable":true,"href":"https:\/\/www.europesays.com\/es\/wp-json\/wp\/v2\/users\/2"}],"replies":[{"embeddable":true,"href":"https:\/\/www.europesays.com\/es\/wp-json\/wp\/v2\/comments?post=251167"}],"version-history":[{"count":0,"href":"https:\/\/www.europesays.com\/es\/wp-json\/wp\/v2\/posts\/251167\/revisions"}],"wp:featuredmedia":[{"embeddable":true,"href":"https:\/\/www.europesays.com\/es\/wp-json\/wp\/v2\/media\/251168"}],"wp:attachment":[{"href":"https:\/\/www.europesays.com\/es\/wp-json\/wp\/v2\/media?parent=251167"}],"wp:term":[{"taxonomy":"category","embeddable":true,"href":"https:\/\/www.europesays.com\/es\/wp-json\/wp\/v2\/categories?post=251167"},{"taxonomy":"post_tag","embeddable":true,"href":"https:\/\/www.europesays.com\/es\/wp-json\/wp\/v2\/tags?post=251167"}],"curies":[{"name":"wp","href":"https:\/\/api.w.org\/{rel}","templated":true}]}}