{"id":251171,"date":"2025-11-23T09:44:11","date_gmt":"2025-11-23T09:44:11","guid":{"rendered":"https:\/\/www.europesays.com\/es\/251171\/"},"modified":"2025-11-23T09:44:11","modified_gmt":"2025-11-23T09:44:11","slug":"asi-brillaron-los-premios-ad-2025-una-noche-para-recordar-en-la-casa-de-la-arquitectura","status":"publish","type":"post","link":"https:\/\/www.europesays.com\/es\/251171\/","title":{"rendered":"As\u00ed brillaron los Premios AD 2025: una noche para recordar en la Casa de la Arquitectura"},"content":{"rendered":"<p><img decoding=\"async\" alt=\"Hugo Toro Premio AD 2025 al Interiorista del A\u00f1o Kengo Kuma Premio AD 2025 al Arquitecto del A\u00f1o Sabine Marcelis Premio...\" loading=\"lazy\" class=\"ResponsiveImageContainer-eNxvmU cfBbTk responsive-image__image\"   src=\"https:\/\/www.europesays.com\/es\/wp-content\/uploads\/2025\/11\/AD%20PREMIOS0609_DiegoMartinez_ok.jpg\"\/><\/p>\n<p>Hugo Toro, Premio AD 2025 al Interiorista del A\u00f1o; Kengo Kuma, Premio AD 2025 al Arquitecto del A\u00f1o; Sabine Marcelis, Premio AD 2025 a la Dise\u00f1adora del A\u00f1o; y Maite Sebasti\u00e1, Head of Editorial Content AD Espa\u00f1a.Foto: Diego Mart\u00ednez<\/p>\n<p>La noche del 21 de noviembre dej\u00f3 una estampa inolvidable en la <strong>Casa de la Arquitectura<\/strong>, donde los Premios AD 2025 celebraron a algunas de las voces m\u00e1s influyentes del dise\u00f1o y la cultura. <strong>Kengo Kuma, Sabine Marcelis, Hugo Toro, Elsa Urquijo y el Museo del Prado<\/strong> recibieron sus galardones en una sala llena de talento y complicidades. <strong>Roca e IQOS respaldaron la velada:<\/strong> Isern Serra, junto a <strong>Roca<\/strong>, present\u00f3 el trofeo de madera tallada, mientras que <strong>IQOS<\/strong> mostr\u00f3 su edici\u00f3n limitada con <strong>Seletti<\/strong>. Entre los momentos m\u00e1s destacados, el emotivo homenaje de <strong>Norman Foster a Miguel Falomir<\/strong> y la conversaci\u00f3n distendida entre <strong>Foster y Kuma<\/strong> antes del acto.<\/p>\n<p>Pero si la noche tuvo luz propia fue tambi\u00e9n por las miradas que la hicieron posible: las del <strong>jurado<\/strong>, ocho voluntades visionarias capaces de leer el futuro en la materia, el espacio y la emoci\u00f3n. Ellos son <strong>Luis Laplace, L\u00e1zaro Rosa-Viol\u00e1n, Soledad Lorenzo, Casa Josephine, Rosario Nadal, Manuel Segade, I\u00f1aqui Carnicero y Maite Sebasti\u00e1,<\/strong> que han guiado esta edici\u00f3n hacia un equilibrio entre rigor, sensibilidad y celebraci\u00f3n. Bajo ese cruce de miradas, los Premios AD 2025 no fueron solo una gala: fueron un relato compartido, un instante en el que la arquitectura, el arte y el dise\u00f1o parecieron hablar un mismo idioma.<\/p>\n<p><strong>As\u00ed brillaron los Premios AD 2025, una noche para recordar en la Casa de la Arquitectura:<\/strong><\/p>\n","protected":false},"excerpt":{"rendered":"Hugo Toro, Premio AD 2025 al Interiorista del A\u00f1o; Kengo Kuma, Premio AD 2025 al Arquitecto del A\u00f1o;&hellip;\n","protected":false},"author":2,"featured_media":251172,"comment_status":"","ping_status":"","sticky":false,"template":"","format":"standard","meta":{"footnotes":""},"categories":[173],"tags":[229,233,231,230,232,234,146,147,25,24,59144,59143,23],"class_list":{"0":"post-251171","1":"post","2":"type-post","3":"status-publish","4":"format-standard","5":"has-post-thumbnail","7":"category-arte-y-diseno","8":"tag-arte","9":"tag-arte-y-diseno","10":"tag-arts","11":"tag-arts-and-design","12":"tag-design","13":"tag-diseno","14":"tag-entertainment","15":"tag-entretenimiento","16":"tag-es","17":"tag-espana","18":"tag-premios-ad","19":"tag-premios-ad-2025","20":"tag-spain"},"share_on_mastodon":{"url":"https:\/\/pubeurope.com\/@es\/115598371661882732","error":""},"_links":{"self":[{"href":"https:\/\/www.europesays.com\/es\/wp-json\/wp\/v2\/posts\/251171","targetHints":{"allow":["GET"]}}],"collection":[{"href":"https:\/\/www.europesays.com\/es\/wp-json\/wp\/v2\/posts"}],"about":[{"href":"https:\/\/www.europesays.com\/es\/wp-json\/wp\/v2\/types\/post"}],"author":[{"embeddable":true,"href":"https:\/\/www.europesays.com\/es\/wp-json\/wp\/v2\/users\/2"}],"replies":[{"embeddable":true,"href":"https:\/\/www.europesays.com\/es\/wp-json\/wp\/v2\/comments?post=251171"}],"version-history":[{"count":0,"href":"https:\/\/www.europesays.com\/es\/wp-json\/wp\/v2\/posts\/251171\/revisions"}],"wp:featuredmedia":[{"embeddable":true,"href":"https:\/\/www.europesays.com\/es\/wp-json\/wp\/v2\/media\/251172"}],"wp:attachment":[{"href":"https:\/\/www.europesays.com\/es\/wp-json\/wp\/v2\/media?parent=251171"}],"wp:term":[{"taxonomy":"category","embeddable":true,"href":"https:\/\/www.europesays.com\/es\/wp-json\/wp\/v2\/categories?post=251171"},{"taxonomy":"post_tag","embeddable":true,"href":"https:\/\/www.europesays.com\/es\/wp-json\/wp\/v2\/tags?post=251171"}],"curies":[{"name":"wp","href":"https:\/\/api.w.org\/{rel}","templated":true}]}}