{"id":251173,"date":"2025-11-23T09:46:14","date_gmt":"2025-11-23T09:46:14","guid":{"rendered":"https:\/\/www.europesays.com\/es\/251173\/"},"modified":"2025-11-23T09:46:14","modified_gmt":"2025-11-23T09:46:14","slug":"jose-pablo-lopez-presidente-de-rtve-muy-enfadado-con-la-desconsideracion-hacia-las-presentadoras-de-la-television-publica","status":"publish","type":"post","link":"https:\/\/www.europesays.com\/es\/251173\/","title":{"rendered":"Jos\u00e9 Pablo L\u00f3pez, presidente de RTVE, muy enfadado con la desconsideraci\u00f3n hacia las presentadoras de la televisi\u00f3n p\u00fablica"},"content":{"rendered":"<p data-gtm-element-container=\"modulo-texto-link\" class=\"paragraph\"><strong>RTVE <\/strong>lleva varios meses logrando unos datos de audiencia dignos de ser destacados y gran parte del \u00e9xito se debe al gran equipo de profesionales, muchas de ellas mujeres de renombre en el mundo del periodismo actual, con el que la corporaci\u00f3n p\u00fablica se ha reforzado en los \u00faltimos meses.\u00a0<\/p>\n<p>                <img loading=\"lazy\" decoding=\"async\" data-full-src=\"https:\/\/www.mundodeportivo.com\/uploads\/2025\/05\/13\/68236f261b85b.jpeg\" alt=\"Jos\u00e9 Pablo L\u00f3pez, presidente RTVE\" width=\"449\" height=\"253\" src=\"https:\/\/www.europesays.com\/es\/wp-content\/uploads\/2025\/11\/68236f261b85b.jpeg\" class=\"lazy\"\/><\/p>\n<p class=\"caption-title \">Jos\u00e9 Pablo L\u00f3pez, presidente RTVE<\/p>\n<p>                    RTVE<\/p>\n<p data-gtm-element-container=\"modulo-texto-link\" class=\"paragraph\">De ah\u00ed que a <strong>Jos\u00e9 Pablo L\u00f3pez,\u00a0presidente del Consejo de Administraci\u00f3n de la Corporaci\u00f3n RTVE<\/strong>, le haya sorprendido mucho que la revista<strong> &#8216;\u00a1HOLA!&#8217;<\/strong> no haya incluido a sus presentadoras en la lista de \u00abreinas de la pantalla\u00bb con motivo de la celebraci\u00f3n del D\u00eda Mundial de la Televisi\u00f3n, celebrado el pasado viernes 21 de noviembre.\u00a0<\/p>\n<p>                <img loading=\"lazy\" decoding=\"async\" data-full-src=\"https:\/\/www.mundodeportivo.com\/uploads\/2025\/05\/13\/68236f24a4c9e.jpeg\" alt=\"Jos\u00e9 Pablo L\u00f3pez, presidente RTVE\" width=\"449\" height=\"253\" src=\"https:\/\/www.europesays.com\/es\/wp-content\/uploads\/2025\/11\/68236f24a4c9e.jpeg\" class=\"lazy\"\/><\/p>\n<p class=\"caption-title \">Jos\u00e9 Pablo L\u00f3pez, presidente RTVE<\/p>\n<p>                    RTVE<\/p>\n<p data-gtm-element-container=\"modulo-texto-link\" class=\"paragraph\">\u00ab<strong>Por lo que sea, a &#8216;\u00a1HOLA!&#8217; se le han olvidado las periodistas de TVE que marcan diariamente la audiencia en televisi\u00f3n<\/strong>. No las ha considerado lo suficientemente populares. Por lo que sea\u00bb, ha escrito Jos\u00e9 Pablo en su perfil de X, antiguo Twitter, junto a una fotograf\u00eda en la que aparecen algunas de las presentadoras m\u00e1s destacadas de la televisi\u00f3n p\u00fablica: <strong>Silvia Intxaurrondo, Pepa Bueno, Marta Flich, Adela Gonz\u00e1lez, Lourdes Maldonado y Alejandra Herranz<\/strong>.<\/p>\n<p>    Lee tambi\u00e9n<\/p>\n<p data-gtm-element-container=\"modulo-texto-link\" class=\"paragraph\">El citado medio ha dejado fuera de su publicaci\u00f3n a estas periodistas, pero s\u00ed ha incluido a otros rostros de Telecinco y Antena 3 como<strong> Ana Rosa Quintana, Nuria Roca, Susanna Griso, Isabel Jim\u00e9nez o Sonsoles \u00d3nega<\/strong>. Algo que parece ser que ha molestado mucho al\u00a0presidente del Consejo de Administraci\u00f3n de la Corporaci\u00f3n RTVE.<\/p>\n<blockquote class=\"twitter-tweet\" data-lang=\"es\"><p>\n<a href=\"https:\/\/twitter.com\/Josepablo_ls\/status\/1992238158571082146\" rel=\"nofollow noopener\" target=\"_blank\">\n<\/p><\/blockquote>\n<p data-gtm-element-container=\"modulo-texto-link\" class=\"paragraph\">Jos\u00e9 Pablo L\u00f3pez <strong>es presidente de RTVE desde el 2 de diciembre de 2024<\/strong>, fecha en la que tom\u00f3 posesi\u00f3n tras ser elegido por el Congreso de los Diputados el 28 de noviembre de ese mismo a\u00f1o. Desde entonces ha hecho uso de su perfil en redes sociales para expresar todo tipo de opiniones acerca de las pol\u00e9micas en torno a la corporaci\u00f3n que preside.<\/p>\n<p><script async src=\"https:\/\/platform.twitter.com\/widgets.js\" charset=\"utf-8\"><\/script><\/p>\n","protected":false},"excerpt":{"rendered":"RTVE lleva varios meses logrando unos datos de audiencia dignos de ser destacados y gran parte del \u00e9xito&hellip;\n","protected":false},"author":2,"featured_media":251174,"comment_status":"","ping_status":"","sticky":false,"template":"","format":"standard","meta":{"footnotes":""},"categories":[171],"tags":[146,147,25,24,23,214],"class_list":{"0":"post-251173","1":"post","2":"type-post","3":"status-publish","4":"format-standard","5":"has-post-thumbnail","7":"category-tv","8":"tag-entertainment","9":"tag-entretenimiento","10":"tag-es","11":"tag-espana","12":"tag-spain","13":"tag-tv"},"share_on_mastodon":{"url":"https:\/\/pubeurope.com\/@es\/115598379967157410","error":""},"_links":{"self":[{"href":"https:\/\/www.europesays.com\/es\/wp-json\/wp\/v2\/posts\/251173","targetHints":{"allow":["GET"]}}],"collection":[{"href":"https:\/\/www.europesays.com\/es\/wp-json\/wp\/v2\/posts"}],"about":[{"href":"https:\/\/www.europesays.com\/es\/wp-json\/wp\/v2\/types\/post"}],"author":[{"embeddable":true,"href":"https:\/\/www.europesays.com\/es\/wp-json\/wp\/v2\/users\/2"}],"replies":[{"embeddable":true,"href":"https:\/\/www.europesays.com\/es\/wp-json\/wp\/v2\/comments?post=251173"}],"version-history":[{"count":0,"href":"https:\/\/www.europesays.com\/es\/wp-json\/wp\/v2\/posts\/251173\/revisions"}],"wp:featuredmedia":[{"embeddable":true,"href":"https:\/\/www.europesays.com\/es\/wp-json\/wp\/v2\/media\/251174"}],"wp:attachment":[{"href":"https:\/\/www.europesays.com\/es\/wp-json\/wp\/v2\/media?parent=251173"}],"wp:term":[{"taxonomy":"category","embeddable":true,"href":"https:\/\/www.europesays.com\/es\/wp-json\/wp\/v2\/categories?post=251173"},{"taxonomy":"post_tag","embeddable":true,"href":"https:\/\/www.europesays.com\/es\/wp-json\/wp\/v2\/tags?post=251173"}],"curies":[{"name":"wp","href":"https:\/\/api.w.org\/{rel}","templated":true}]}}