{"id":251175,"date":"2025-11-23T09:47:15","date_gmt":"2025-11-23T09:47:15","guid":{"rendered":"https:\/\/www.europesays.com\/es\/251175\/"},"modified":"2025-11-23T09:47:15","modified_gmt":"2025-11-23T09:47:15","slug":"fechas-de-in-flames-blaze-bayley-de-nuevo-en-espana-novedades-de-la-colaboracion-de-type-o-negative-y-bill-ward","status":"publish","type":"post","link":"https:\/\/www.europesays.com\/es\/251175\/","title":{"rendered":"Fechas de IN FLAMES. Blaze Bayley de nuevo en Espa\u00f1a. Novedades de la colaboraci\u00f3n de TYPE O NEGATIVE y Bill Ward."},"content":{"rendered":"<p>\u00a0<\/p>\n<p style=\"text-align: center;\"><strong><a href=\"#IN_FLAMES\">Fechas de IN FLAMES<\/a> \u2013 <a href=\"#BLAZE\">Blaze Bayley de nuevo en Espa\u00f1a<\/a> \u2013 <a href=\"#TYPE\">Novedades de la colaboraci\u00f3n de TYPE O NEGATIVE y Bill Ward.<\/a><\/strong><\/p>\n<p><a href=\"https:\/\/www.inflames.com\/\" target=\"_blank\" rel=\"noopener nofollow\"><strong>IN FLAMES<\/strong><\/a> nos visitar\u00e1n en verano acompa\u00f1ados por EMPLOYED TO SERVE y GAEREA. Estas son las fechas:<\/p>\n<ul>\n<li>D\u00eda 5 de agosto \u2013 Sala T\u00f3tem \u2013 PAMPLONA<\/li>\n<li>D\u00eda 8 de agosto \u2013 Sala Custom \u2013 SEVILLA<\/li>\n<\/ul>\n<p>La banda estar\u00e1 en la pr\u00f3xima entrega del festival Leyendas del Rock.<\/p>\n<p>Su \u00faltimo disco \u201cForegone\u201d apareci\u00f3 el 10 de febrero de 2023 a trav\u00e9s de Nuclear Blast.<\/p>\n<p><img fetchpriority=\"high\" decoding=\"async\" src=\"https:\/\/www.europesays.com\/es\/wp-content\/uploads\/2025\/11\/in_flames_video_nov2020_1.jpg\" alt=\"in flames\" width=\"500\" height=\"267\"\/><\/p>\n<p>Pod\u00e9is escucharlo \u00edntegro en esta <a href=\"https:\/\/www.rafabasa.com\/2023\/02\/14\/in-flames-killus-frenzy\/#IN_FLAMES\" target=\"_blank\" rel=\"noopener nofollow\">noticia<\/a>.<\/p>\n<p>Todos los detalles en este <a href=\"https:\/\/www.rafabasa.com\/2022\/09\/15\/in-flames-iron-allies-danger-danger\/#IN_FLAMES\" target=\"_blank\" rel=\"noopener nofollow\">bloque<\/a> y los singles aparecidos en <a href=\"https:\/\/www.rafabasa.com\/2023\/02\/10\/in-flames-ronnie-romero-mathras\/#IN_FLAMES\" target=\"_blank\" rel=\"noopener nofollow\">este<\/a>.<\/p>\n<p>Sus anteriores cambios de formaci\u00f3n y lanzamientos recientes en esta <a href=\"https:\/\/www.rafabasa.com\/2024\/05\/01\/cavalera-in-flames-neaera\/#IN_FLAMES\" target=\"_blank\" rel=\"noopener nofollow\">noticia<\/a>.<\/p>\n<p>\u00a0<\/p>\n<p>\u00a0<\/p>\n<p><a href=\"https:\/\/www.facebook.com\/officialblazebayley\" target=\"_blank\" rel=\"noopener nofollow\"><strong>Blaze Bayley<\/strong><\/a> ha anunciado nuevas fechas en nuestro pa\u00eds:<\/p>\n<ul>\n<li>D\u00eda 20 de enero \u2013 Sala Rock City \u2013 VALENCIA<\/li>\n<li>D\u00eda 21 de enero \u2013 Sala La Nau \u2013 BARCELONA<\/li>\n<li>D\u00eda 22 de enero \u2013 Sala Urban Rock Concept \u2013 VITORIA<\/li>\n<li>D\u00eda 23 de enero \u2013 Sala Acapulco \u2013 GIJ\u00d3N<\/li>\n<li>D\u00eda 24 de enero \u2013 Sala Porta Caeli \u2013 VALLADOLID<\/li>\n<li>D\u00eda 25 de enero \u2013 Sala \u00d3xido \u2013 GUADALAJARA<\/li>\n<\/ul>\n<p>El vocalista celebrar\u00e1 el 25 aniversario de su disco \u201cSilicon Messiah\u201d.<\/p>\n<p><a href=\"https:\/\/www.facebook.com\/officialblazebayley\" target=\"_blank\" rel=\"noopener nofollow\"><strong>Blaze Bayley<\/strong><\/a> sac\u00f3 el 23 de febrero un nuevo disco titulado \u201cCircle Of Stone\u201d.<\/p>\n<p>Todos los detalles en esta <a href=\"https:\/\/www.rafabasa.com\/2024\/01\/11\/blaze-bayley-rik-emmett-steignyr\/#Blaze_Bayley\" target=\"_blank\" rel=\"noopener nofollow\">noticia<\/a> y los v\u00eddeos anteriores en <a href=\"https:\/\/www.rafabasa.com\/2024\/02\/16\/kamelot-blaze-bayley-barcia-metal-fest\/#Blaze_Bayley\" target=\"_blank\" rel=\"noopener nofollow\">esta<\/a>.<\/p>\n<p>Nuestra cr\u00f3nica de su \u00faltimo concierto en Barcelona en este <a href=\"https:\/\/www.rafabasa.com\/2024\/01\/30\/cronica-y-fotos-de-blaze-bayley-absolva-en-barcelona\/\" target=\"_blank\" rel=\"noopener nofollow\">enlace<\/a> y la de Madrid en <a href=\"https:\/\/www.rafabasa.com\/2024\/01\/31\/cronica-y-fotos-de-blaze-bayley-absolva-en-madrid\/\" target=\"_blank\" rel=\"noopener nofollow\">este<\/a>.<\/p>\n<p>\u00a0<\/p>\n<p>El bater\u00eda de <a href=\"https:\/\/typeonegative.net\/\" target=\"_blank\" rel=\"noopener nofollow\"><strong>TYPE O NEGATIVE<\/strong><\/a> Johnny Kelly ha hablado con Mark Strigl de la colaboraci\u00f3n de los miembros supervivientes del grupo con el bater\u00eda de BLACK SABBATH <strong>Bill Ward.<\/strong><\/p>\n<p>Entre lo m\u00e1s destacado comenta que fue hace como 8 a\u00f1os, Ward se puso en contacto con ellos porque hab\u00eda compuesto un tema homenaje a Peter Steele y quer\u00eda contar con el resto de la banda. Tambi\u00e9n a\u00f1ade que se grab\u00f3 en California con el cantante Jason \u00abDewey\u00bb Bragg, que hab\u00eda tocado con Kelly en KILL DEVIL HILL y con la banda de Ward DAY OF ERRORS.<\/p>\n<p>Tambi\u00e9n explica que habl\u00f3 con Ward este verano y que la intenci\u00f3n era terminar el tema, y a\u00f1ade que espera que vea la luz pronto.<\/p>\n<p>En principio se est\u00e1 preparando un <a href=\"https:\/\/www.rafabasa.com\/2025\/10\/18\/u-d-o-dirkschneider-bon-jovi-type-o-negative\/#TYPE\" rel=\"nofollow noopener\" target=\"_blank\">disco en directo<\/a> de la banda que saldr\u00e1 con Nuclear Blast.<\/p>\n<p>La actualidad de <strong>Bill Ward<\/strong> en este <a href=\"https:\/\/www.rafabasa.com\/2025\/06\/30\/kreator-storm-corrosion-bill-ward\/#Bill_Ward\" rel=\"nofollow noopener\" target=\"_blank\">bloque<\/a>.<\/p>\n<p>\u00a0<\/p>\n<p align=\"center\"><strong>Sigue el\u00a0<a href=\"https:\/\/whatsapp.com\/channel\/0029VaCprxVBA1f555USvT2O\" target=\"_blank\" rel=\"nofollow noopener\">Canal de RAFABASA.COM en WhatsApp<\/a>, donde encontrar\u00e1s todas nuestras novedades al instante<\/strong><\/p>\n<p>\u00a0<\/p>\n<p>\u00a0<\/p>\n<p>\u00a0<\/p>\n","protected":false},"excerpt":{"rendered":"\u00a0 Fechas de IN FLAMES \u2013 Blaze Bayley de nuevo en Espa\u00f1a \u2013 Novedades de la colaboraci\u00f3n de&hellip;\n","protected":false},"author":2,"featured_media":251176,"comment_status":"","ping_status":"","sticky":false,"template":"","format":"standard","meta":{"footnotes":""},"categories":[170],"tags":[63629,63630,146,147,25,24,63631,184,185,23,52322],"class_list":{"0":"post-251175","1":"post","2":"type-post","3":"status-publish","4":"format-standard","5":"has-post-thumbnail","7":"category-musica","8":"tag-bill-ward","9":"tag-blaze-bayley","10":"tag-entertainment","11":"tag-entretenimiento","12":"tag-es","13":"tag-espana","14":"tag-in-flames","15":"tag-music","16":"tag-musica","17":"tag-spain","18":"tag-type-o-negative"},"share_on_mastodon":{"url":"https:\/\/pubeurope.com\/@es\/115598383347073374","error":""},"_links":{"self":[{"href":"https:\/\/www.europesays.com\/es\/wp-json\/wp\/v2\/posts\/251175","targetHints":{"allow":["GET"]}}],"collection":[{"href":"https:\/\/www.europesays.com\/es\/wp-json\/wp\/v2\/posts"}],"about":[{"href":"https:\/\/www.europesays.com\/es\/wp-json\/wp\/v2\/types\/post"}],"author":[{"embeddable":true,"href":"https:\/\/www.europesays.com\/es\/wp-json\/wp\/v2\/users\/2"}],"replies":[{"embeddable":true,"href":"https:\/\/www.europesays.com\/es\/wp-json\/wp\/v2\/comments?post=251175"}],"version-history":[{"count":0,"href":"https:\/\/www.europesays.com\/es\/wp-json\/wp\/v2\/posts\/251175\/revisions"}],"wp:featuredmedia":[{"embeddable":true,"href":"https:\/\/www.europesays.com\/es\/wp-json\/wp\/v2\/media\/251176"}],"wp:attachment":[{"href":"https:\/\/www.europesays.com\/es\/wp-json\/wp\/v2\/media?parent=251175"}],"wp:term":[{"taxonomy":"category","embeddable":true,"href":"https:\/\/www.europesays.com\/es\/wp-json\/wp\/v2\/categories?post=251175"},{"taxonomy":"post_tag","embeddable":true,"href":"https:\/\/www.europesays.com\/es\/wp-json\/wp\/v2\/tags?post=251175"}],"curies":[{"name":"wp","href":"https:\/\/api.w.org\/{rel}","templated":true}]}}