{"id":251179,"date":"2025-11-23T09:49:09","date_gmt":"2025-11-23T09:49:09","guid":{"rendered":"https:\/\/www.europesays.com\/es\/251179\/"},"modified":"2025-11-23T09:49:09","modified_gmt":"2025-11-23T09:49:09","slug":"se-confirma-el-bombazo-los-dos-mclaren-estan-descalificados-y-hay-mundial","status":"publish","type":"post","link":"https:\/\/www.europesays.com\/es\/251179\/","title":{"rendered":"Se confirma el bombazo, \u00a1los dos McLaren est\u00e1n descalificados y hay Mundial!"},"content":{"rendered":"<p data-mrf-recirculation=\"Links P\u00e1rrafos\" class=\"ue-c-article__paragraph paragraph ue-c-article--first-letter-highlighted\"><strong>Bombazo en McLaren<\/strong>, La FIA, a trav\u00e9s de su delegado t\u00e9cnico, Jo Bauer, dio\u00a0<strong>el primer paso para que los dos coches papaya fueran descalificados de la carrera en el GP de Las Vegas&#8230; Y finalmente se ha confirmado la sanci\u00f3n m\u00e1s dura en todos sus extremos.\u00a0<\/strong>Es un un vuelco al Mundial completo, pues <strong>Norris <\/strong>hab\u00eda sido segundo y <strong>le vuelan 18 puntos <\/strong>de su casillero, mientras a <strong>Piastri, cuarto, se le descuentan 12.<\/strong><\/p>\n<p data-mrf-recirculation=\"Links P\u00e1rrafos\" class=\"ue-c-article__paragraph paragraph\">En un documento oficial, Bauer se\u00f1alaba lo siguiente una hora despu\u00e9s de la finalizaci\u00f3n de la prueba.:<\/p>\n<p data-mrf-recirculation=\"Links P\u00e1rrafos\" class=\"ue-c-article__paragraph paragraph\">\u00abSe ha revisado el desgaste de los patines de los coches 81 y 04.<\/p>\n<p data-mrf-recirculation=\"Links P\u00e1rrafos\" class=\"ue-c-article__paragraph paragraph\">El <strong>pat\u00edn se midi\u00f3 en ambos coches <\/strong>seg\u00fan la documentaci\u00f3n de legalidad del equipo, presentada de acuerdo con el TD039 M, punto 1.2 b) i).<\/p>\n<p data-mrf-recirculation=\"Links P\u00e1rrafos\" class=\"ue-c-article__paragraph paragraph\">El <strong>espesor medido fue inferior a 9 mm en ambos coches, el espesor m\u00ednimo requerido <\/strong>por el Art\u00edculo 3.5.9 e) del Reglamento T\u00e9cnico.<\/p>\n<p data-mrf-recirculation=\"Links P\u00e1rrafos\" class=\"ue-c-article__paragraph paragraph\">Someto este asunto a la consideraci\u00f3n de los comisarios\u00bb.<\/p>\n<p data-mrf-recirculation=\"Links P\u00e1rrafos\" class=\"ue-c-article__paragraph paragraph\">Era el primer e inexorable paso que iba a acabar en una descalificaci\u00f3n, como les pas\u00f3 a los Ferrari en China, pues en cuesti\u00f3n de pesos y medias la sanci\u00f3n es taxativa e <strong>irrevocable<\/strong>.<\/p>\n<p data-mrf-recirculation=\"Links P\u00e1rrafos\" class=\"ue-c-article__paragraph paragraph\">Y est\u00e1 confirmado, la clasificaci\u00f3n da un vuelco, pues <strong>Max Verstappen se queda a s\u00f3lo 24 puntos del liderato de Norris y empatar ya a Piastri en la clasificaci\u00f3n (366 puntos).<\/strong> Y faltan 58 puntos en juego, en el GP de Qatar (formato Sprint) y Abu Dhabi por disputarse. Los pilotos salen hoy de Las Vegas para estar en Doha este mismo jueves y la pr\u00f3xima sema es la \u00faltima cita del a\u00f1o en Yas Marina (7 de diciembre).<\/p>\n<p data-mrf-recirculation=\"Links P\u00e1rrafos\" class=\"ue-c-article__paragraph paragraph\">Tanto <strong>Lando como Oscar fueron sido llamados a declarar a comisarios con un representante de McLaren,<\/strong> pero era puro procedimiento. Si no cumpl\u00edan con la medida m\u00ednima en sus coches se les iba a descalificar de la carrera de forma inmediata.<\/p>\n<p>Vueltas finales sospechosas<\/p>\n<p data-mrf-recirculation=\"Links P\u00e1rrafos\" class=\"ue-c-article__paragraph paragraph\">Las <strong>vueltas finales de Norris, las cinco \u00faltimas, fueron mucho m\u00e1s lentas de lo habitual, con hasta cuatro segundos de p\u00e9rdida respecto a Russell,<\/strong> que era tercero. Eso hac\u00eda pensar en un problema. Se sospechaba de la gasolina y la necesidad de ahorrar, pero\u00a0<strong>parece que ya sab\u00edan que pod\u00eda haber problemas con el pat\u00edn que recorre coche de forma longitudinal<\/strong> por la parte inferior del suelo y quer\u00edan evitar rozar los bordillos y pasar r\u00e1pido por los baches para intentar pasar las verificaciones finales.<\/p>\n<p data-mrf-recirculation=\"Links P\u00e1rrafos\" class=\"ue-c-article__paragraph paragraph\"><strong>\u00abMe han dicho que levantara y ahora tengo que hablar para ver de que se trataba\u00bb<\/strong>, dec\u00eda Norris en el corralito de las televisiones a DAZN F1. Una hora despu\u00e9s se confirmaba la carta de Jo Bauer y la investigaci\u00f3n en curso.<\/p>\n<p>La sentencia<\/p>\n<p data-mrf-recirculation=\"Links P\u00e1rrafos\" class=\"ue-c-article__paragraph paragraph\">Y tres horas despu\u00e9s de acabar la carrera\u00a0<strong>llegaba la confirmaci\u00f3n de la sentencia, id\u00e9ntica para ambos coches,<\/strong> pero en documentos separados.<\/p>\n<p data-mrf-recirculation=\"Links P\u00e1rrafos\" class=\"ue-c-article__paragraph paragraph\">La de Norris rezaba as\u00ed:<\/p>\n","protected":false},"excerpt":{"rendered":"Bombazo en McLaren, La FIA, a trav\u00e9s de su delegado t\u00e9cnico, Jo Bauer, dio\u00a0el primer paso para que&hellip;\n","protected":false},"author":2,"featured_media":251180,"comment_status":"","ping_status":"","sticky":false,"template":"","format":"standard","meta":{"footnotes":""},"categories":[93],"tags":[168,25,24,23,167],"class_list":{"0":"post-251179","1":"post","2":"type-post","3":"status-publish","4":"format-standard","5":"has-post-thumbnail","7":"category-deportes","8":"tag-deportes","9":"tag-es","10":"tag-espana","11":"tag-spain","12":"tag-sports"},"share_on_mastodon":{"url":"https:\/\/pubeurope.com\/@es\/115598391053533223","error":""},"_links":{"self":[{"href":"https:\/\/www.europesays.com\/es\/wp-json\/wp\/v2\/posts\/251179","targetHints":{"allow":["GET"]}}],"collection":[{"href":"https:\/\/www.europesays.com\/es\/wp-json\/wp\/v2\/posts"}],"about":[{"href":"https:\/\/www.europesays.com\/es\/wp-json\/wp\/v2\/types\/post"}],"author":[{"embeddable":true,"href":"https:\/\/www.europesays.com\/es\/wp-json\/wp\/v2\/users\/2"}],"replies":[{"embeddable":true,"href":"https:\/\/www.europesays.com\/es\/wp-json\/wp\/v2\/comments?post=251179"}],"version-history":[{"count":0,"href":"https:\/\/www.europesays.com\/es\/wp-json\/wp\/v2\/posts\/251179\/revisions"}],"wp:featuredmedia":[{"embeddable":true,"href":"https:\/\/www.europesays.com\/es\/wp-json\/wp\/v2\/media\/251180"}],"wp:attachment":[{"href":"https:\/\/www.europesays.com\/es\/wp-json\/wp\/v2\/media?parent=251179"}],"wp:term":[{"taxonomy":"category","embeddable":true,"href":"https:\/\/www.europesays.com\/es\/wp-json\/wp\/v2\/categories?post=251179"},{"taxonomy":"post_tag","embeddable":true,"href":"https:\/\/www.europesays.com\/es\/wp-json\/wp\/v2\/tags?post=251179"}],"curies":[{"name":"wp","href":"https:\/\/api.w.org\/{rel}","templated":true}]}}