{"id":251183,"date":"2025-11-23T09:51:11","date_gmt":"2025-11-23T09:51:11","guid":{"rendered":"https:\/\/www.europesays.com\/es\/251183\/"},"modified":"2025-11-23T09:51:11","modified_gmt":"2025-11-23T09:51:11","slug":"valle-salvaje-avance-semanal-24-noviembre-irene-se-declara","status":"publish","type":"post","link":"https:\/\/www.europesays.com\/es\/251183\/","title":{"rendered":"Valle Salvaje | Avance semanal 24 noviembre: Irene se declara"},"content":{"rendered":"<p>Los habitantes de Valle Salvaje empiezan a estar muy inquietos porque la situaci\u00f3n de Luisa pinta cada vez peor. Por otro lado, la vuelta de Leonardo e Irene ha despertado de nuevo sentimientos que B\u00e1rbara preferir\u00eda enterrar para siempre. D\u00e1maso sigue jugando a dos bandas con Victoria y con Mercedes&#8230; te contamos estas y otras cosas que suceder\u00e1n esta semana en Valle Salvaje.<\/p>\n<p><strong>Cap\u00edtulo 302 del lunes 24 de noviembre<\/strong> <\/p>\n<p style=\"text-align:justify;\">Al hablar de su futuro, Matilde le confiesa a su prometido algo que le deja totalmente sorprendido. Mientras, \u00e9l, hace averiguaciones sobre el destino que le espera a Luisa y termina cont\u00e1ndole a Adriana algo que deja a la Salcedo helada. <\/p>\n<p><strong>Cap\u00edtulo 303 del martes 25 de noviembre<\/strong> <\/p>\n<p style=\"text-align:justify;\">Adriana visita a Luisa y el capit\u00e1n la alarma: Luisa ha dejado de comer y est\u00e1 cada vez m\u00e1s d\u00e9bil. En la Casa Grande, Rafael azuza a Alejo y le alerta sobre el riesgo de que Luisa sea ejecutada. Por otra parte, Leonardo fracasa en un nuevo intento de acercamiento a B\u00e1rbara. <\/p>\n<p><strong>Cap\u00edtulo 304 del mi\u00e9rcoles 26 de noviembre<\/strong> <\/p>\n<p style=\"text-align:justify;\">D\u00e1maso enfrenta a Mercedes a las acusaciones de Victoria y le exige explicaciones. Por otro lado, Atanasio y Matilde sospechan que la Salcedo pueda saber de su relaci\u00f3n. En la c\u00e1rcel, Adriana y el capit\u00e1n Escobedo encuentran a Luisa inconsciente\u2026 \u00a1\u00bfsigue viva?! <\/p>\n<p><strong>Cap\u00edtulo 305 del jueves 27 de noviembre<\/strong> <\/p>\n<p>Victoria lleva a Matilde a la tumba de Gaspar con un claro objetivo que la mujer no espera. \u00bfCu\u00e1l ser\u00e1? En cuanto a Luisa, la criada ha perdido la esperanza de recuperar su libertad y acepta con resignaci\u00f3n que morir\u00e1 en esa celda. Pero quiz\u00e1s no est\u00e9 todo perdido\u2026 <\/p>\n<p><strong>Cap\u00edtulo 306 del viernes 28 de noviembre<\/strong> <\/p>\n<p>Irene confiesa a B\u00e1rbara que bes\u00f3 a Leonardo. \u00bfC\u00f3mo reaccionar\u00e1 la Salcedo? Por su parte, Adriana sigue ocultando la verdad a Pepa sobre la situaci\u00f3n de Luisa, a la que le lleva una sorpresa a la c\u00e1rcel con la idea de que se anime. <\/p>\n","protected":false},"excerpt":{"rendered":"Los habitantes de Valle Salvaje empiezan a estar muy inquietos porque la situaci\u00f3n de Luisa pinta cada vez&hellip;\n","protected":false},"author":2,"featured_media":251184,"comment_status":"","ping_status":"","sticky":false,"template":"","format":"standard","meta":{"footnotes":""},"categories":[91],"tags":[146,147,25,24,23],"class_list":{"0":"post-251183","1":"post","2":"type-post","3":"status-publish","4":"format-standard","5":"has-post-thumbnail","7":"category-entretenimiento","8":"tag-entertainment","9":"tag-entretenimiento","10":"tag-es","11":"tag-espana","12":"tag-spain"},"share_on_mastodon":{"url":"https:\/\/pubeurope.com\/@es\/115598398921874729","error":""},"_links":{"self":[{"href":"https:\/\/www.europesays.com\/es\/wp-json\/wp\/v2\/posts\/251183","targetHints":{"allow":["GET"]}}],"collection":[{"href":"https:\/\/www.europesays.com\/es\/wp-json\/wp\/v2\/posts"}],"about":[{"href":"https:\/\/www.europesays.com\/es\/wp-json\/wp\/v2\/types\/post"}],"author":[{"embeddable":true,"href":"https:\/\/www.europesays.com\/es\/wp-json\/wp\/v2\/users\/2"}],"replies":[{"embeddable":true,"href":"https:\/\/www.europesays.com\/es\/wp-json\/wp\/v2\/comments?post=251183"}],"version-history":[{"count":0,"href":"https:\/\/www.europesays.com\/es\/wp-json\/wp\/v2\/posts\/251183\/revisions"}],"wp:featuredmedia":[{"embeddable":true,"href":"https:\/\/www.europesays.com\/es\/wp-json\/wp\/v2\/media\/251184"}],"wp:attachment":[{"href":"https:\/\/www.europesays.com\/es\/wp-json\/wp\/v2\/media?parent=251183"}],"wp:term":[{"taxonomy":"category","embeddable":true,"href":"https:\/\/www.europesays.com\/es\/wp-json\/wp\/v2\/categories?post=251183"},{"taxonomy":"post_tag","embeddable":true,"href":"https:\/\/www.europesays.com\/es\/wp-json\/wp\/v2\/tags?post=251183"}],"curies":[{"name":"wp","href":"https:\/\/api.w.org\/{rel}","templated":true}]}}